{"id":393259,"date":"2025-09-15T18:54:09","date_gmt":"2025-09-15T18:54:09","guid":{"rendered":"https:\/\/www.europesays.com\/fr\/393259\/"},"modified":"2025-09-15T18:54:09","modified_gmt":"2025-09-15T18:54:09","slug":"psg-atalanta-vers-un-forfait-de-plus-a-paris","status":"publish","type":"post","link":"https:\/\/www.europesays.com\/fr\/393259\/","title":{"rendered":"PSG &#8211; Atalanta : Vers un forfait de plus \u00e0 Paris"},"content":{"rendered":"<p data-testid=\"article-teaser\">Le PSG est sur le point d\u2019enregistrer un nouveau coup dur avant le choc contre l\u2019Atalanta, mercredi. <\/p>\n<p>\u00c0 la veille d\u2019un rendez-vous crucial de Ligue des champions, le Paris Saint-Germain doit encore composer avec une liste d\u2019absents qui s\u2019allonge. Apr\u00e8s avoir d\u00e9j\u00e0 perdu deux \u00e9l\u00e9ments offensifs majeurs pour plusieurs semaines, un nouveau doute vient s\u2019installer dans l\u2019effectif de Luis Enrique. Et si la situation inqui\u00e8te le staff parisien, il faudra patienter avant de savoir si ce coup dur se confirme pour le choc contre l\u2019Atalanta.<\/p>\n","protected":false},"excerpt":{"rendered":"Le PSG est sur le point d\u2019enregistrer un nouveau coup dur avant le choc contre l\u2019Atalanta, mercredi. \u00c0&hellip;\n","protected":false},"author":2,"featured_media":393260,"comment_status":"","ping_status":"","sticky":false,"template":"","format":"standard","meta":{"footnotes":""},"categories":[9],"tags":[43431,448,1011,27,17510,447,91,52523,60],"class_list":{"0":"post-393259","1":"post","2":"type-post","3":"status-publish","4":"format-standard","5":"has-post-thumbnail","7":"category-sports","8":"tag-atalanta","9":"tag-champions-league","10":"tag-fr","11":"tag-france","12":"tag-k-lee","13":"tag-ligue-des-champions","14":"tag-paris-saint-germain","15":"tag-paris-saint-germain-vs-atalanta","16":"tag-sports"},"share_on_mastodon":{"url":"https:\/\/pubeurope.com\/@fr\/115209834701064101","error":""},"_links":{"self":[{"href":"https:\/\/www.europesays.com\/fr\/wp-json\/wp\/v2\/posts\/393259","targetHints":{"allow":["GET"]}}],"collection":[{"href":"https:\/\/www.europesays.com\/fr\/wp-json\/wp\/v2\/posts"}],"about":[{"href":"https:\/\/www.europesays.com\/fr\/wp-json\/wp\/v2\/types\/post"}],"author":[{"embeddable":true,"href":"https:\/\/www.europesays.com\/fr\/wp-json\/wp\/v2\/users\/2"}],"replies":[{"embeddable":true,"href":"https:\/\/www.europesays.com\/fr\/wp-json\/wp\/v2\/comments?post=393259"}],"version-history":[{"count":0,"href":"https:\/\/www.europesays.com\/fr\/wp-json\/wp\/v2\/posts\/393259\/revisions"}],"wp:featuredmedia":[{"embeddable":true,"href":"https:\/\/www.europesays.com\/fr\/wp-json\/wp\/v2\/media\/393260"}],"wp:attachment":[{"href":"https:\/\/www.europesays.com\/fr\/wp-json\/wp\/v2\/media?parent=393259"}],"wp:term":[{"taxonomy":"category","embeddable":true,"href":"https:\/\/www.europesays.com\/fr\/wp-json\/wp\/v2\/categories?post=393259"},{"taxonomy":"post_tag","embeddable":true,"href":"https:\/\/www.europesays.com\/fr\/wp-json\/wp\/v2\/tags?post=393259"}],"curies":[{"name":"wp","href":"https:\/\/api.w.org\/{rel}","templated":true}]}}