{"id":393264,"date":"2025-09-15T18:57:11","date_gmt":"2025-09-15T18:57:11","guid":{"rendered":"https:\/\/www.europesays.com\/fr\/393264\/"},"modified":"2025-09-15T18:57:11","modified_gmt":"2025-09-15T18:57:11","slug":"la-banque-de-france-revoit-a-la-hausse-la-prevision-de-croissance-de-01-point","status":"publish","type":"post","link":"https:\/\/www.europesays.com\/fr\/393264\/","title":{"rendered":"La Banque de France revoit \u00e0 la hausse la pr\u00e9vision de croissance de 0,1 point"},"content":{"rendered":"<p>L\u2019institution a revu \u00e0 la hausse sa pr\u00e9vision pour cette ann\u00e9e, la faisant passer de 0,6\u00a0% \u00e0 0,7\u00a0%. Elle anticipe en revanche un l\u00e9ger affaissement de ses pr\u00e9visions pour 2026 et 2027, en raison de l\u2019incertitude entourant le budget.<\/p>\n<p class=\"fig-paragraph\">Avis aux adeptes du moindre effort\u00a0: l\u2019\u00e9conomie nationale ne se portera pas mieux\u00a0<a href=\"http:\/\/www.lefigaro.fr\/vox\/economie\/l-editorial-de-gaetan-de-capele-budget-2026-le-noeud-coulant-socialiste-20250905\" data-fig-type=\"Article\" data-gtm-custom-categorie=\"navigation\" data-gtm-custom-action=\"crossclick\" data-gtm-custom-label=\"Contextuel\" data-gtm-event=\"customEventSPE\" data-fig-domain=\"LEFIGARO\" target=\"_blank\" rel=\"noopener\">avec un budget aux ambitions r\u00e9duites<\/a>. Tel est le message sous-jacent de la Banque de France, qui pr\u00e9sentait ce lundi ses projections interm\u00e9diaires pour 2025 et les ann\u00e9es suivantes. \u00ab\u00a0Une moindre consolidation budg\u00e9taire n\u2019entra\u00eenerait pas pour autant un surcro\u00eet de croissance, car l\u2019incertitude fiscale prolong\u00e9e se traduirait par des comportements plus attentistes des m\u00e9nages et des entreprises\u00a0\u00bb, peut-on lire.<\/p>\n<p class=\"fig-paragraph\">Une mise en garde qui intervient\u00a0<a href=\"http:\/\/www.lefigaro.fr\/politique\/avant-les-negociations-sur-le-budget-les-socialistes-font-monter-les-encheres-20250910\" data-fig-type=\"Article\" data-gtm-custom-categorie=\"navigation\" data-gtm-custom-action=\"crossclick\" data-gtm-custom-label=\"Contextuel\" data-gtm-event=\"customEventSPE\" data-fig-domain=\"LEFIGARO\" target=\"_blank\" rel=\"noopener\">alors que S\u00e9bastien Lecornu a \u00e9t\u00e9 charg\u00e9 de trouver un compromis avec les socialistes<\/a>\u00a0pour \u00e9chapper \u00e0 la censure et faire adopter un budget pour 2026. Ce qui supposerait, de l\u2019avis de l\u2019ensemble des pr\u00e9visionnistes, des \u00e9conomies r\u00e9vis\u00e9es de moiti\u00e9 par rapport aux 44\u00a0milliards initialement vis\u00e9s par Fran\u00e7ois Bayrou, ainsi que des concessions sur des hausses d\u2019imp\u00f4ts sur les hauts patrimoines. Une piste soutenue par le gouverneur de la Banque de France, Fran\u00e7ois Villeroy\u00a0de\u00a0Galhau\u00a0: \u00abdes mesures anti-optimisation fiscale sur les hauts patrimoines seraient justifi\u00e9es\u00bb afin que l\u2019effort de redressement soit \u00abressenti comme juste\u00bb, a-t-il indiqu\u00e9 ce lundi dans un entretien au Parisien.<\/p>\n<p>                                    <a class=\"fig-a11y-skip a11y-hidden\" href=\"#fig-a11y-skip-main-inarticle\"><br \/>\n        Passer la publicit\u00e9<br \/>\n    <\/a><\/p>\n<p class=\"fig-paragraph\">Malgr\u00e9 une vie politique chaotique et un climat \u00e9conomique morose, la croissance r\u00e9siste tant bien que mal. La Banque de France a revu \u00e0 la hausse sa pr\u00e9vision pour cette ann\u00e9e, la faisant passer de 0,6\u00a0% \u00e0 0,7\u00a0% (contre 1,2\u00a0% dans la zone euro). Un peu moins\u00a0<a href=\"http:\/\/www.lefigaro.fr\/conjoncture\/contre-toute-attente-l-insee-revoit-a-la-hausse-sa-prevision-de-croissance-pour-2025-a-0-8-du-pib-20250911\" data-fig-type=\"NewsFlash\" data-gtm-custom-categorie=\"navigation\" data-gtm-custom-action=\"crossclick\" data-gtm-custom-label=\"Contextuel\" data-gtm-event=\"customEventSPE\" data-fig-domain=\"LEFIGARO\" target=\"_blank\" rel=\"noopener\">que ce qu\u2019anticipe l\u2019Insee<\/a>, qui a r\u00e9\u00e9valu\u00e9 la sienne la semaine derni\u00e8re, de 0,6\u00a0% \u00e9galement, \u00e0 0,8\u00a0%. Mais \u00e0 ces niveaux-l\u00e0, \u00ab\u00a0on est dans l\u2019\u00e9paisseur du trait\u00a0\u00bb, estime Olivier Garnier, directeur g\u00e9n\u00e9ral de la Banque de France. Cette am\u00e9lioration est due \u00e0 un \u00ab\u00a0effet d\u2019acquis\u00a0\u00bb au deuxi\u00e8me trimestre sup\u00e9rieur \u00e0 ce qui \u00e9tait auparavant attendu. Apr\u00e8s une accumulation de stocks qui avait am\u00e9lior\u00e9 la croissance \u00e0 0,3\u00a0%, et dont on ignorait s\u2019ils seraient \u00e9coul\u00e9s, un \u00ab\u00a0mouvement de d\u00e9stockage\u00a0\u00bb coupl\u00e9 \u00e0 un net rebond des exportations a suivi d\u00e8s le troisi\u00e8me trimestre. \u00ab\u00a0Si l\u2019on devait comparer la France \u00e0 une personne, nous pourrions dire que le moral ne va pas bien, mais que le physique tient malgr\u00e9 tout\u00a0\u00bb, r\u00e9sume le gouverneur Fran\u00e7ois Villeroy\u00a0de\u00a0Galhau dans Le Parisien.<\/p>\n<p class=\"fig-paragraph\">Ensuite l\u2019activit\u00e9 \u00e9conomique progresserait, mais plus mollement qu\u2019attendu en juin dernier\u00a0: 0,9\u00a0% en 2026, 1,1\u00a0% en 2027, non loin de la moyenne europ\u00e9enne qui se situerait \u00e0 1\u00a0% en 2026 et 1,3\u00a0% en 2027. Un ajustement d\u00fb au contexte national incertain. La Banque de France se fonde aussi sur des hypoth\u00e8ses internationales \u00ab\u00a0plus d\u00e9favorables\u00a0\u00bb, en raison d\u2019un taux de change de l\u2019euro et d\u2019un prix du p\u00e9trole plus \u00e9lev\u00e9s, ainsi que d\u2019une demande externe moindre.<\/p>\n<p class=\"fig-paragraph\">Le moteur principal de ce regain de croissance annonc\u00e9 n\u2019est autre que la consommation des m\u00e9nages, dont le retour, trimestre apr\u00e8s trimestre, se fait cruellement attendre. Apr\u00e8s un creux en 2025, d\u00fb \u00e0 une hausse des achats de voitures fin 2024 par anticipation du changement du dispositif de bonus-malus, ainsi qu\u2019\u00e0 une consommation d\u2019\u00e9nergie plus faible en raison de temp\u00e9ratures cl\u00e9mentes, \u00ab\u00a0la consommation et l\u2019investissement des entreprises resteraient frein\u00e9s au tournant de l\u2019ann\u00e9e 2026 par les incertitudes sur la politique budg\u00e9taire mais se raffermiraient ensuite\u00a0\u00bb. Selon la Banque de France, les conditions seraient alors r\u00e9unies. L\u2019inflation, qui \u00e9tait encore \u00e0 2,4\u00a0% en 2024, devrait s\u2019\u00e9tablir \u00e0 1\u00a0% cette ann\u00e9e, avant de se stabiliser \u00e0 1,8\u00a0% en 2027, non loin de la cible de 2\u00a0% de la BCE. Les gains de pouvoir d\u2019achat des salaires seraient encore dynamiques. Le ch\u00f4mage, \u00e0 7,5\u00a0% en 2025, atteindrait son pic en 2026, \u00e0 7,6\u00a0%, avant d\u2019entamer sa d\u00e9crue. Un climat propice qui devrait inciter les Fran\u00e7ais \u00e0 puiser\u00a0<a href=\"http:\/\/www.lefigaro.fr\/placement\/placements-apres-la-baisse-du-taux-du-livret-a-les-nouvelles-opportunites-pour-securiser-son-epargne-20250731\" data-fig-type=\"Article\" data-gtm-custom-categorie=\"navigation\" data-gtm-custom-action=\"crossclick\" data-gtm-custom-label=\"Contextuel\" data-gtm-event=\"customEventSPE\" data-fig-domain=\"LEFIGARO\" target=\"_blank\" rel=\"noopener\">dans leur \u00e9pargne<\/a>, qui a atteint le taux record de 18,9\u00a0% au deuxi\u00e8me trimestre. L\u2019investissement des m\u00e9nages a d\u2019ailleurs entam\u00e9 sa reprise, observe la Banque de France.<\/p>\n","protected":false},"excerpt":{"rendered":"L\u2019institution a revu \u00e0 la hausse sa pr\u00e9vision pour cette ann\u00e9e, la faisant passer de 0,6\u00a0% \u00e0 0,7\u00a0%.&hellip;\n","protected":false},"author":2,"featured_media":393265,"comment_status":"","ping_status":"","sticky":false,"template":"","format":"standard","meta":{"footnotes":""},"categories":[6],"tags":[24240,35,913,33,34,1011,27],"class_list":{"0":"post-393264","1":"post","2":"type-post","3":"status-publish","4":"format-standard","5":"has-post-thumbnail","7":"category-economie","8":"tag-banque-de-france","9":"tag-business","10":"tag-croissance","11":"tag-economie","12":"tag-economy","13":"tag-fr","14":"tag-france"},"share_on_mastodon":{"url":"https:\/\/pubeurope.com\/@fr\/115209846575137032","error":""},"_links":{"self":[{"href":"https:\/\/www.europesays.com\/fr\/wp-json\/wp\/v2\/posts\/393264","targetHints":{"allow":["GET"]}}],"collection":[{"href":"https:\/\/www.europesays.com\/fr\/wp-json\/wp\/v2\/posts"}],"about":[{"href":"https:\/\/www.europesays.com\/fr\/wp-json\/wp\/v2\/types\/post"}],"author":[{"embeddable":true,"href":"https:\/\/www.europesays.com\/fr\/wp-json\/wp\/v2\/users\/2"}],"replies":[{"embeddable":true,"href":"https:\/\/www.europesays.com\/fr\/wp-json\/wp\/v2\/comments?post=393264"}],"version-history":[{"count":0,"href":"https:\/\/www.europesays.com\/fr\/wp-json\/wp\/v2\/posts\/393264\/revisions"}],"wp:featuredmedia":[{"embeddable":true,"href":"https:\/\/www.europesays.com\/fr\/wp-json\/wp\/v2\/media\/393265"}],"wp:attachment":[{"href":"https:\/\/www.europesays.com\/fr\/wp-json\/wp\/v2\/media?parent=393264"}],"wp:term":[{"taxonomy":"category","embeddable":true,"href":"https:\/\/www.europesays.com\/fr\/wp-json\/wp\/v2\/categories?post=393264"},{"taxonomy":"post_tag","embeddable":true,"href":"https:\/\/www.europesays.com\/fr\/wp-json\/wp\/v2\/tags?post=393264"}],"curies":[{"name":"wp","href":"https:\/\/api.w.org\/{rel}","templated":true}]}}