{"id":393266,"date":"2025-09-15T18:58:13","date_gmt":"2025-09-15T18:58:13","guid":{"rendered":"https:\/\/www.europesays.com\/fr\/393266\/"},"modified":"2025-09-15T18:58:13","modified_gmt":"2025-09-15T18:58:13","slug":"la-russie-soffusque-et-le-royaume-uni-imite-la-france-avec-ses-avions","status":"publish","type":"post","link":"https:\/\/www.europesays.com\/fr\/393266\/","title":{"rendered":"La Russie s\u2019offusque et le Royaume-Uni imite la France avec ses avions"},"content":{"rendered":"<p>Vous avez rat\u00e9 les derniers \u00e9v\u00e9nements sur la <a href=\"https:\/\/www.20minutes.fr\/monde\/ukraine\/\" class=\"c-link c-link--is-underlined\" rel=\"nofollow noopener\" target=\"_blank\">guerre en Ukraine<\/a>\u00a0? 20 Minutes fait le point pour vous tous les soirs. Voici l\u2019essentiel de ce lundi 15\u00a0septembre, 1.300e jour du conflit.<\/p>\n<p>Le fait du jour<\/p>\n<p>Elle d\u00e9ment son implication et s\u2019offusque. L\u2019ambassade de Russie \u00e0 Bucarest a qualifi\u00e9 de \u00ab\u00a0provocation\u00a0\u00bb de l\u2019Ukraine <a href=\"https:\/\/www.20minutes.fr\/monde\/russie\/4172954-20250914-guerre-ukraine-apres-pologne-roumanie-voit-drone-violer-espace-aerien\" class=\"c-link c-link--is-underlined\" rel=\"nofollow noopener\" target=\"_blank\">l\u2019intrusion d\u2019un drone en Roumanie<\/a>, apr\u00e8s la convocation dimanche de l\u2019ambassadeur russe au minist\u00e8re roumain des Affaires \u00e9trang\u00e8res en raison de cet incident.<\/p>\n<p>La <a href=\"https:\/\/www.20minutes.fr\/dossier\/roumanie\" class=\"c-link c-link--is-underlined\" rel=\"nofollow noopener\" target=\"_blank\">Roumanie<\/a> avait annonc\u00e9 avoir convoqu\u00e9 l\u2019ambassadeur de Russie pour d\u00e9noncer le vol \u00ab\u00a0inacceptable et irresponsable\u00a0\u00bb d\u2019un drone russe samedi dans son espace a\u00e9rien, quelques jours apr\u00e8s une intrusion spectaculaire d\u2019a\u00e9ronefs similaires dans le ciel polonais, condamn\u00e9e par l\u2019Union europ\u00e9enne.<\/p>\n<p>A l\u2019issue de cet entretien, le repr\u00e9sentant diplomatique russe a qualifi\u00e9 d&rsquo; \u00ab\u00a0infond\u00e9e\u00a0\u00bb la protestation de la Roumanie. \u00ab\u00a0Aucune r\u00e9ponse concr\u00e8te et convaincante n\u2019a \u00e9t\u00e9 donn\u00e9e\u00a0\u00bb par la partie roumaine aux questions pos\u00e9es par l\u2019ambassadeur russe sur l\u2019identification de ce drone, a poursuivi l\u2019ambassade. \u00ab\u00a0Tous les faits portent \u00e0 croire que c\u2019\u00e9tait en effet une provocation d\u00e9lib\u00e9r\u00e9e du r\u00e9gime de Kiev\u00a0\u00bb visant \u00ab\u00a0\u00e0 entra\u00eener les autres pays europ\u00e9ens dans une aventure militaire dangereuse contre la F\u00e9d\u00e9ration de Russie\u00a0\u00bb, a-t-elle ajout\u00e9.<\/p>\n<p>La tendance<\/p>\n<p>Des avions de combat britanniques vont participer \u00e0 des missions de d\u00e9fense dans le ciel polonais, dans le cadre du renforcement par <a href=\"https:\/\/www.20minutes.fr\/monde\/otan\/\" class=\"c-link c-link--is-underlined\" rel=\"nofollow noopener\" target=\"_blank\">l\u2019Otan<\/a> de son flanc est, apr\u00e8s l\u2019intrusion de drones russes en Pologne la semaine derni\u00e8re, a annonc\u00e9 lundi le minist\u00e8re de la D\u00e9fense.<\/p>\n<p>\u00ab\u00a0Des Typhoons de la Royal Air Force vont rejoindre les forces alli\u00e9es, notamment celles du Danemark, de la France et de l\u2019Allemagne, afin de renforcer la d\u00e9fense et la dissuasion de l\u2019Otan le long de son flanc est\u00a0\u00bb, a indiqu\u00e9 le minist\u00e8re, pr\u00e9cisant que ces avions de combat commenceraient leurs missions au-dessus de la Pologne \u00ab\u00a0dans les prochains jours\u00a0\u00bb.<\/p>\n<p>La France avait d\u00e9cid\u00e9 jeudi de mobiliser trois avions de chasse Rafale \u00ab\u00a0pour contribuer \u00e0 la protection de l\u2019espace a\u00e9rien polonais\u00a0\u00bb ainsi que de \u00ab\u00a0l\u2019Europe de l\u2019Est avec l\u2019Otan\u00a0\u00bb. \u00ab\u00a0Nous ne c\u00e9derons pas face aux intimidations croissantes de la Russie\u00a0\u00bb, avait justifi\u00e9 <a href=\"https:\/\/www.20minutes.fr\/politique\/emmanuel-macron\/\" class=\"c-link c-link--is-underlined\" rel=\"nofollow noopener\" target=\"_blank\">Emmanuel Macron<\/a>.<\/p>\n<\/p>\n<p>Le chiffre du jour<\/p>\n<p>Plus de 1.200. C\u2019est le nombre de morts et bless\u00e9s civils en Ukraine li\u00e9s \u00e0 des armes \u00e0 sous-munitions depuis le d\u00e9but de l\u2019invasion russe en f\u00e9vrier\u00a02022, a annonc\u00e9 ce lundi une ONG sp\u00e9cialis\u00e9e, tout en soulignant que le nombre de victimes \u00e9tait en r\u00e9alit\u00e9 certainement bien plus \u00e9lev\u00e9.<\/p>\n<p>D\u00e9non\u00e7ant par ailleurs des \u00ab\u00a0revers inqui\u00e9tants\u00a0\u00bb dans les efforts d\u00e9ploy\u00e9s au niveau mondial en vue d\u2019\u00e9radiquer ces engins, l\u2019Observatoire des armes \u00e0 sous-munitions affirme dans son rapport annuel que les militaires russes y ont eu recours \u00ab\u00a0de mani\u00e8re intensive\u00a0\u00bb d\u00e8s le premier jour de la guerre. Il ajoute que l\u2019arm\u00e9e ukrainienne les avait \u00e9galement employ\u00e9s et est en outre accus\u00e9e par la Russie d\u2019en avoir utilis\u00e9 sur son territoire.<\/p>\n<p>C\u2019est en Ukraine que les armes \u00e0 sous-munitions ont, depuis trois ans, fait le plus grand nombre de morts et de bless\u00e9s civils dans le monde, a soulign\u00e9 cette ONG. Pour la seule ann\u00e9e\u00a02024, ce pays a comptabilis\u00e9 au moins 193 des 314 victimes recens\u00e9es sur la plan\u00e8te enti\u00e8re, selon le rapport.<\/p>\n<p>La d\u00e9claration du jour<\/p>\n<blockquote class=\"mx-m@xs mx-xxl@md color-ultramarine c-citation\">\n<p class=\"font-weight-regular@xs text-italic font-source-serif-pro text-l@xs c-citation__content\">\u00ab\u00a0Ces investissements sont absolument essentiels dans la p\u00e9riode grave que nous traversons\u00a0\u00bb<\/p>\n<\/blockquote>\n<p>Le gouvernement su\u00e9dois a annonc\u00e9 lundi qu\u2019il allait augmenter le budget de la d\u00e9fense de 2,45\u00a0milliards d\u2019euros l\u2019ann\u00e9e prochaine, ce qui portera les d\u00e9penses de d\u00e9fense \u00e0 2,8\u00a0% du PIB. Cette augmentation constitue \u00ab\u00a0la prochaine grande \u00e9tape du r\u00e9armement de la d\u00e9fense su\u00e9doise\u00a0\u00bb, a dit le Premier ministre Ulf Kristersson lors d\u2019une conf\u00e9rence de presse.<\/p>\n<p>En mars, le gouvernement avait annonc\u00e9 qu\u2019il augmenterait les d\u00e9penses de d\u00e9fense d\u2019environ 27,5\u00a0milliards d\u2019euros au cours de la prochaine d\u00e9cennie, pour atteindre 3,5\u00a0% du PIB d\u2019ici\u00a02030. La Su\u00e8de est \u00ab\u00a0en bonne voie pour faire de cet objectif une r\u00e9alit\u00e9\u00a0\u00bb, a d\u00e9clar\u00e9 le Premier ministre. L\u2019argent servira \u00e0 acheter de l\u2019artillerie, des v\u00e9hicules pour l\u2019arm\u00e9e, des navires pour la marine et davantage de syst\u00e8mes de d\u00e9fense a\u00e9rienne, explique le gouvernement su\u00e9dois, lequel consid\u00e8re que la guerre en Ukraine \u00e9tait devenue \u00ab\u00a0critique\u00a0\u00bb pour la s\u00e9curit\u00e9 du pays.<\/p>\n<p>En parall\u00e8le des effets de l\u2019invasion russe en Ukraine, Donald Trump a appel\u00e9 les membres europ\u00e9ens de l\u2019Otan \u00e0 porter leurs d\u00e9penses \u00e0 5\u00a0% du PIB.<\/p>\n","protected":false},"excerpt":{"rendered":"Vous avez rat\u00e9 les derniers \u00e9v\u00e9nements sur la guerre en Ukraine\u00a0? 20 Minutes fait le point pour vous&hellip;\n","protected":false},"author":2,"featured_media":393267,"comment_status":"","ping_status":"","sticky":false,"template":"","format":"standard","meta":{"footnotes":""},"categories":[5],"tags":[47,11,672,1903,145,1011,27,131,14,74,12,136,2437,4868,473,132,7199,28],"class_list":{"0":"post-393266","1":"post","2":"type-post","3":"status-publish","4":"format-standard","5":"has-post-thumbnail","7":"category-international","8":"tag-actualite","9":"tag-actualites","10":"tag-allemagne","11":"tag-ambassadeur","12":"tag-danemark","13":"tag-fr","14":"tag-france","15":"tag-guerre-en-ukraine","16":"tag-international","17":"tag-monde","18":"tag-news","19":"tag-otan","20":"tag-pologne","21":"tag-roumanie","22":"tag-royaume-uni","23":"tag-russie","24":"tag-suede","25":"tag-world"},"share_on_mastodon":{"url":"https:\/\/pubeurope.com\/@fr\/115209850388598589","error":""},"_links":{"self":[{"href":"https:\/\/www.europesays.com\/fr\/wp-json\/wp\/v2\/posts\/393266","targetHints":{"allow":["GET"]}}],"collection":[{"href":"https:\/\/www.europesays.com\/fr\/wp-json\/wp\/v2\/posts"}],"about":[{"href":"https:\/\/www.europesays.com\/fr\/wp-json\/wp\/v2\/types\/post"}],"author":[{"embeddable":true,"href":"https:\/\/www.europesays.com\/fr\/wp-json\/wp\/v2\/users\/2"}],"replies":[{"embeddable":true,"href":"https:\/\/www.europesays.com\/fr\/wp-json\/wp\/v2\/comments?post=393266"}],"version-history":[{"count":0,"href":"https:\/\/www.europesays.com\/fr\/wp-json\/wp\/v2\/posts\/393266\/revisions"}],"wp:featuredmedia":[{"embeddable":true,"href":"https:\/\/www.europesays.com\/fr\/wp-json\/wp\/v2\/media\/393267"}],"wp:attachment":[{"href":"https:\/\/www.europesays.com\/fr\/wp-json\/wp\/v2\/media?parent=393266"}],"wp:term":[{"taxonomy":"category","embeddable":true,"href":"https:\/\/www.europesays.com\/fr\/wp-json\/wp\/v2\/categories?post=393266"},{"taxonomy":"post_tag","embeddable":true,"href":"https:\/\/www.europesays.com\/fr\/wp-json\/wp\/v2\/tags?post=393266"}],"curies":[{"name":"wp","href":"https:\/\/api.w.org\/{rel}","templated":true}]}}