{"id":393270,"date":"2025-09-15T19:00:18","date_gmt":"2025-09-15T19:00:18","guid":{"rendered":"https:\/\/www.europesays.com\/fr\/393270\/"},"modified":"2025-09-15T19:00:18","modified_gmt":"2025-09-15T19:00:18","slug":"tiktok-devrait-passer-sous-pavillon-americain-un-accord-trouve-entre-la-chine-et-les-etats-unis-15-09-2025-a-1922","status":"publish","type":"post","link":"https:\/\/www.europesays.com\/fr\/393270\/","title":{"rendered":"TikTok devrait passer sous pavillon am\u00e9ricain: un accord trouv\u00e9 entre la Chine et les Etats-Unis &#8211; 15\/09\/2025 \u00e0 19:22"},"content":{"rendered":"<p>        <img fetchpriority=\"high\" decoding=\"async\" src=\"https:\/\/www.europesays.com\/fr\/wp-content\/uploads\/2025\/09\/f9a0e73861332e62a0098a4daba9b00c-760x507.jpg\" alt=\"Le secr\u00e9taire am\u00e9ricain au Tr\u00e9sor Scott Bessent \u00e0 Madrid lundi ( AFP \/ Thomas COEX )\" loading=\"eager\" width=\"760\" height=\"507\" style=\"max-width: 100%!important; height: auto;\"\/><\/p>\n<p class=\"c-image-news__legend\">Le secr\u00e9taire am\u00e9ricain au Tr\u00e9sor Scott Bessent \u00e0 Madrid lundi ( AFP \/ Thomas COEX )<\/p>\n<p>\n Apr\u00e8s deux jours de n\u00e9gociations men\u00e9es \u00e0 Madrid, la Chine et les \u00c9tats-Unis sont parvenus \u00e0 un accord sur TikTok pr\u00e9voyant que la plateforme passe sous pavillon am\u00e9ricain, un compromis que le pr\u00e9sident am\u00e9ricain Donald Trump et son homologue chinois Xi Jinping doivent finaliser vendredi.\n<\/p>\n<p>\n \u00ab\u00a0Les grandes discussions commerciales en Europe entre les Etats-Unis et la Chine se sont TRES BIEN d\u00e9roul\u00e9es.(&#8230;) Un accord a aussi \u00e9t\u00e9 trouv\u00e9 sur une +certaine+ entreprise que les jeunes de notre pays veulent vraiment garder. Ils seront vraiment tr\u00e8s heureux\u00a0\u00bb, s&rsquo;est f\u00e9licit\u00e9 le pr\u00e9sident Trump sur son r\u00e9seau Truth Social.\n<\/p>\n<p>\n \u00ab\u00a0Je vais parler avec le pr\u00e9sident Xi vendredi\u00a0\u00bb, a ajout\u00e9 Donald Trump, au terme de discussions entre des d\u00e9l\u00e9gations des deux pays \u00e0 Madrid.\n<\/p>\n<p>\n Selon le secr\u00e9taire au Tr\u00e9sor des \u00c9tats-Unis Scott Bessent, pr\u00e9sent \u00e0 Madrid, le protocole entre Chine et Etats-Unis pr\u00e9voit que la plateforme ait un propri\u00e9taire am\u00e9ricain, mais il n&rsquo;a pas communiqu\u00e9 davantage sur un accord entre \u00ab\u00a0deux entit\u00e9s priv\u00e9es\u00a0\u00bb.\n<\/p>\n<p>\n \u00ab\u00a0Le cadre vise \u00e0 transf\u00e9rer la propri\u00e9t\u00e9 sous contr\u00f4le des \u00c9tats-Unis. Mais encore une fois, je ne vais pas anticiper l&rsquo;appel des dirigeants pr\u00e9vu vendredi\u00a0\u00bb, a-t-il expliqu\u00e9.\n<\/p>\n<p>\n C\u00f4t\u00e9 chinois, le repr\u00e9sentant pour le commerce international, Li Chenggang, cit\u00e9 par la cha\u00eene publique CCTV, a fait \u00e9tat d&rsquo;un \u00ab\u00a0consenus sur un cadre g\u00e9n\u00e9ral\u00a0\u00bb concernant TikTok.\n<\/p>\n<p>\n Le r\u00e9seau social est au c\u0153ur d&rsquo;un diff\u00e9rend entre les deux pays depuis plusieurs mois. Washington demandait \u00e0 ce que TikTok soit vendu d&rsquo;ici le 17 septembre \u00e0 un propri\u00e9taire non chinois, sous peine d&rsquo;\u00eatre interdit aux Etats-Unis.\n<\/p>\n<p>\n En vertu d&rsquo;une loi vot\u00e9e au Congr\u00e8s en 2024, TikTok est en principe sous le coup d&rsquo;une interdiction aux Etats-Unis, sauf si sa maison m\u00e8re, le groupe chinois ByteDance, en abandonne le contr\u00f4le.\n<\/p>\n<p>\n La date limite, initialement fix\u00e9e au 19 janvier, a d\u00e9j\u00e0 \u00e9t\u00e9 repouss\u00e9e \u00e0 trois reprises par le pr\u00e9sident Trump.\n<\/p>\n<p>\n Ce texte visait \u00e0 emp\u00eacher que les autorit\u00e9s chinoises ne puissent mettre la main sur des donn\u00e9es personnelles d&rsquo;utilisateurs de TikTok aux Etats-Unis ou ne soient en mesure d&rsquo;influencer l&rsquo;opinion am\u00e9ricaine via le puissant algorithme du r\u00e9seau social, m\u00eame si aucun \u00e9l\u00e9ment n&rsquo;a jamais \u00e9t\u00e9 produit pour justifier ces craintes.\n<\/p>\n<p> &#8211; De nouvelle n\u00e9gociations en vue &#8211;<\/p>\n<p>\n La cession n\u00e9cessite le feu vert de la soci\u00e9t\u00e9 ByteDance mais aussi des autorit\u00e9s chinoises, qui n&rsquo;avaient, ni l&rsquo;une, ni les autres, valid\u00e9 jusqu&rsquo;\u00e0 pr\u00e9sent l&rsquo;id\u00e9e m\u00eame d&rsquo;une vente.\n<\/p>\n<p>\n Aucun d\u00e9tail du sch\u00e9ma de cession n&rsquo;a \u00e9t\u00e9 r\u00e9v\u00e9l\u00e9 lundi par les autorit\u00e9s am\u00e9ricaines ou chinoises. Sollicit\u00e9 par l&rsquo;AFP, TikTok n&rsquo;a pas donn\u00e9 suite dans l&rsquo;imm\u00e9diat.\n<\/p>\n<p>\n Outre l&rsquo;actionnariat de TikTok, se pose la question de la propri\u00e9t\u00e9 de l&rsquo;algorithme qui a fait le succ\u00e8s du r\u00e9seau social aux plus de 170 millions d&rsquo;utilisateurs aux Etats-Unis.\n<\/p>\n<p>\n Entam\u00e9es dimanche, les n\u00e9gociations entre la Chine et les Etats-Unis se tenaient \u00e0 Madrid, au si\u00e8ge du minist\u00e8re espagnol des Affaires \u00e9trang\u00e8res, apr\u00e8s un cycle de discussions men\u00e9es \u00e0 Gen\u00e8ve, Stockholm et Londres.\n<\/p>\n<p>\n Les d\u00e9l\u00e9gations \u00e9taient dirig\u00e9es, d&rsquo;une part, par Scott Bessent et, d&rsquo;autre part, par le vice-Premier ministre chinois He Lifeng, qui ne s&rsquo;est pas exprim\u00e9 \u00e0 l&rsquo;issue des discussions lundi.\n<\/p>\n<p>\n \u00ab\u00a0Nous avons eu de tr\u00e8s bonnes discussions\u00a0\u00bb, a estim\u00e9 Scott Bessent \u00e0 l&rsquo;issue de la deuxi\u00e8me journ\u00e9e des pourparlers, pr\u00e9cisant que ces \u00e9changes s&rsquo;\u00e9taient concentr\u00e9s sur TikTok et que de nouvelles n\u00e9gociations se tiendraient, ailleurs, dans environ un mois.\n<\/p>\n<p>\n Signe que les tensions ne sont pas apais\u00e9es entre les deux g\u00e9ants, P\u00e9kin a accus\u00e9 lundi le g\u00e9ant am\u00e9ricain des puces \u00e9lectroniques<br \/>\n <a href=\"https:\/\/www.boursorama.com\/cours\/NVDA\/\" rel=\"nofollow noopener\" target=\"_blank\"><br \/>\n  Nvidia<br \/>\n <\/a><br \/>\n d&rsquo;avoir viol\u00e9 ses lois anti-monopole et annonc\u00e9 une \u00ab\u00a0enqu\u00eate approfondie\u00a0\u00bb, sans plus de pr\u00e9cisions.\n<\/p>\n<p>\n Cette annonce survient en outre apr\u00e8s le lancement par la Chine au cours du week-end d&rsquo;enqu\u00eates dans le secteur des semi-conducteurs aux \u00c9tats-Unis.\n<\/p>\n<p>\n La Chine \u00ab\u00a0d\u00e9fendra r\u00e9solument ses int\u00e9r\u00eats nationaux ainsi que les droits et int\u00e9r\u00eats l\u00e9gitimes des entreprises \u00e0 capitaux chinois \u00e0 l&rsquo;\u00e9tranger\u00a0\u00bb, a averti lundi He Lifeng au cours des n\u00e9gociations, selon l&rsquo;agence officielle Chine nouvelle.\n<\/p>\n<p>\n Les tensions commerciales entre P\u00e9kin et Washington ont connu des hauts et des bas en 2025, les deux pays se lan\u00e7ant dans l&rsquo;augmentation r\u00e9p\u00e9t\u00e9e de leurs tarifs douaniers respectifs.\n<\/p>\n<p>\n En mai, Washington et P\u00e9kin ont conclu un accord abaissant temporairement les droits de douane \u00e0 30% pour les produits chinois import\u00e9s aux Etats-Unis et \u00e0 10% pour les biens am\u00e9ricains import\u00e9s en R\u00e9publique populaire.\n<\/p>\n<p>\n En ao\u00fbt, les deux pays ont d\u00e9cid\u00e9 de reporter de 90 jours l&rsquo;entr\u00e9e en vigueur de nouvelles hausses de leurs droits de douane respectifs, prolongeant ainsi la tr\u00eave commerciale jusqu&rsquo;au 10 novembre.<\/p>\n","protected":false},"excerpt":{"rendered":"Le secr\u00e9taire am\u00e9ricain au Tr\u00e9sor Scott Bessent \u00e0 Madrid lundi ( AFP \/ Thomas COEX ) Apr\u00e8s deux&hellip;\n","protected":false},"author":2,"featured_media":393271,"comment_status":"","ping_status":"","sticky":false,"template":"","format":"standard","meta":{"footnotes":""},"categories":[2],"tags":[400,11,398,408,405,1011,27,403,402,399,404,12,401,406,407],"class_list":{"0":"post-393270","1":"post","2":"type-post","3":"status-publish","4":"format-standard","5":"has-post-thumbnail","7":"category-actualites","8":"tag-action-cac-40","9":"tag-actualites","10":"tag-bourse-de-paris","11":"tag-boursorama","12":"tag-cotations","13":"tag-fr","14":"tag-france","15":"tag-indices-devises","16":"tag-investir","17":"tag-investissement","18":"tag-marche-boursier","19":"tag-news","20":"tag-sicav","21":"tag-trackers","22":"tag-warrants"},"share_on_mastodon":{"url":"https:\/\/pubeurope.com\/@fr\/115209858282858123","error":""},"_links":{"self":[{"href":"https:\/\/www.europesays.com\/fr\/wp-json\/wp\/v2\/posts\/393270","targetHints":{"allow":["GET"]}}],"collection":[{"href":"https:\/\/www.europesays.com\/fr\/wp-json\/wp\/v2\/posts"}],"about":[{"href":"https:\/\/www.europesays.com\/fr\/wp-json\/wp\/v2\/types\/post"}],"author":[{"embeddable":true,"href":"https:\/\/www.europesays.com\/fr\/wp-json\/wp\/v2\/users\/2"}],"replies":[{"embeddable":true,"href":"https:\/\/www.europesays.com\/fr\/wp-json\/wp\/v2\/comments?post=393270"}],"version-history":[{"count":0,"href":"https:\/\/www.europesays.com\/fr\/wp-json\/wp\/v2\/posts\/393270\/revisions"}],"wp:featuredmedia":[{"embeddable":true,"href":"https:\/\/www.europesays.com\/fr\/wp-json\/wp\/v2\/media\/393271"}],"wp:attachment":[{"href":"https:\/\/www.europesays.com\/fr\/wp-json\/wp\/v2\/media?parent=393270"}],"wp:term":[{"taxonomy":"category","embeddable":true,"href":"https:\/\/www.europesays.com\/fr\/wp-json\/wp\/v2\/categories?post=393270"},{"taxonomy":"post_tag","embeddable":true,"href":"https:\/\/www.europesays.com\/fr\/wp-json\/wp\/v2\/tags?post=393270"}],"curies":[{"name":"wp","href":"https:\/\/api.w.org\/{rel}","templated":true}]}}