{"id":393272,"date":"2025-09-15T19:01:12","date_gmt":"2025-09-15T19:01:12","guid":{"rendered":"https:\/\/www.europesays.com\/fr\/393272\/"},"modified":"2025-09-15T19:01:12","modified_gmt":"2025-09-15T19:01:12","slug":"saint-etienne-un-rhino-jazzs-semeur-de-joie","status":"publish","type":"post","link":"https:\/\/www.europesays.com\/fr\/393272\/","title":{"rendered":"Saint-\u00c9tienne. Un Rhino Jazz\u2019s semeur de joie"},"content":{"rendered":"<p>Les pointures originelles du jazz sont (presque) toutes parties, les amateurs des premiers festivals ont vieilli, le monde s\u2019est ouvert et de nombreuses influences se sont gliss\u00e9es au c\u0153ur d\u2019une musique propice aux rencontres. C\u2019est sans doute pourquoi le Rhino Jazz(s), outre qu\u2019il cherche \u00e0 conqu\u00e9rir de nouveaux publics, fait la part belle, de plus en plus, \u00e0 une large palette de styles. Certains le regrettent (est-ce encore du jazz\u00a0?). D\u2019autres applaudissent (le jazz, c\u2019est la libert\u00e9\u00a0!). Mais, quoi qu\u2019il en soit, c\u2019est bien la richesse des propositions qui marque cette 47e \u00e9dition forte de cinq nouveaux partenariats.<\/p>\n<p>Donner l\u2019envie de danser<\/p>\n<p>La programmation, tr\u00e8s ouverte spatialement au fil des vingt-neuf communes r\u00e9parties entre la Loire et le Rh\u00f4ne, l\u2019est aussi musicalement, ce qui devrait s\u00e9duire les festivaliers (20\u00a0000 l\u2019an dernier). On note cependant un leitmotiv optimiste\u00a0: donner l\u2019envie de danser. D\u2019abord avec un \u00e9ventail de voix f\u00e9minines au&#8230;<\/p>\n","protected":false},"excerpt":{"rendered":"Les pointures originelles du jazz sont (presque) toutes parties, les amateurs des premiers festivals ont vieilli, le monde&hellip;\n","protected":false},"author":2,"featured_media":393273,"comment_status":"","ping_status":"","sticky":false,"template":"","format":"standard","meta":{"footnotes":""},"categories":[9653],"tags":[1111,11,2430,1687,7539,1777,674,1011,27,873,12,25,4001,7538],"class_list":{"0":"post-393272","1":"post","2":"type-post","3":"status-publish","4":"format-standard","5":"has-post-thumbnail","7":"category-saint-etienne","8":"tag-actu","9":"tag-actualites","10":"tag-auvergne-rhone-alpes","11":"tag-culture-loisirs","12":"tag-edition-loire-sud","13":"tag-eu","14":"tag-europe","15":"tag-fr","16":"tag-france","17":"tag-musique","18":"tag-news","19":"tag-republique-francaise","20":"tag-saint-etienne","21":"tag-saint-etienne-ville"},"share_on_mastodon":{"url":"https:\/\/pubeurope.com\/@fr\/115209862255822746","error":""},"_links":{"self":[{"href":"https:\/\/www.europesays.com\/fr\/wp-json\/wp\/v2\/posts\/393272","targetHints":{"allow":["GET"]}}],"collection":[{"href":"https:\/\/www.europesays.com\/fr\/wp-json\/wp\/v2\/posts"}],"about":[{"href":"https:\/\/www.europesays.com\/fr\/wp-json\/wp\/v2\/types\/post"}],"author":[{"embeddable":true,"href":"https:\/\/www.europesays.com\/fr\/wp-json\/wp\/v2\/users\/2"}],"replies":[{"embeddable":true,"href":"https:\/\/www.europesays.com\/fr\/wp-json\/wp\/v2\/comments?post=393272"}],"version-history":[{"count":0,"href":"https:\/\/www.europesays.com\/fr\/wp-json\/wp\/v2\/posts\/393272\/revisions"}],"wp:featuredmedia":[{"embeddable":true,"href":"https:\/\/www.europesays.com\/fr\/wp-json\/wp\/v2\/media\/393273"}],"wp:attachment":[{"href":"https:\/\/www.europesays.com\/fr\/wp-json\/wp\/v2\/media?parent=393272"}],"wp:term":[{"taxonomy":"category","embeddable":true,"href":"https:\/\/www.europesays.com\/fr\/wp-json\/wp\/v2\/categories?post=393272"},{"taxonomy":"post_tag","embeddable":true,"href":"https:\/\/www.europesays.com\/fr\/wp-json\/wp\/v2\/tags?post=393272"}],"curies":[{"name":"wp","href":"https:\/\/api.w.org\/{rel}","templated":true}]}}