{"id":393288,"date":"2025-09-15T19:11:09","date_gmt":"2025-09-15T19:11:09","guid":{"rendered":"https:\/\/www.europesays.com\/fr\/393288\/"},"modified":"2025-09-15T19:11:09","modified_gmt":"2025-09-15T19:11:09","slug":"rouen-le-poste-municipale-de-saint-sever-doit-ouvrir-en-fin-dannee-2025","status":"publish","type":"post","link":"https:\/\/www.europesays.com\/fr\/393288\/","title":{"rendered":"Rouen. Le poste municipale de Saint-Sever doit ouvrir en fin d&rsquo;ann\u00e9e 2025"},"content":{"rendered":"<p melodystyle=\"texte\"><a href=\"https:\/\/www.tendanceouest.com\/actualite-423664-rouen-un-nouveau-poste-de-police-municipale-va-ouvrir-a-saint-sever\" target=\"_blank\" rel=\"nofollow noopener\">Le nouveau poste de police municipale de Saint-Sever<\/a>\u00a0ouvrira ses portes d&rsquo;ici la fin de l&rsquo;ann\u00e9e, a annonc\u00e9 le maire de Rouen, Nicolas Mayer-Rossignol, lors d&rsquo;une visite de chantier, lundi 15 septembre. Il s&rsquo;agit de \u00ab\u00a0renforcer le sentiment de s\u00e9curit\u00e9 des riverains et des commer\u00e7ants\u00a0\u00bb, d\u00e9taille Guillaume Caron, directeur de la police municipale. Une fa\u00e7ade d\u00e9labr\u00e9e, des poutres en acier apparentes et de la poussi\u00e8re au sol\u00a0: ce nouveau poste de police, situ\u00e9 au 127 de la rue Saint-Sever, est\u00a0encore en plein chantier. Il s&rsquo;agit du premier poste de police municipale sur la rive gauche\u00a0: \u00ab\u00a0Deux acc\u00e8s seront mis en place\u00a0: l&rsquo;acc\u00e8s public situ\u00e9 rue Saint Sever, sur la voie pi\u00e9tonne, et l&rsquo;entr\u00e9e r\u00e9serv\u00e9e au personnel se trouvera rue Lafayette\u00a0\u00bb, explique Guillaume Caron.<\/p>\n<p melodystyle=\"texte\">Le futur poste comportera aussi un bureau de confidentialit\u00e9 o\u00f9 pourra \u00eatre re\u00e7u un agent de la police nationale deux fois par semaine, pour recueillir les d\u00e9p\u00f4ts de plainte\u00a0: \u00ab\u00a0Les policiers municipaux ne sont pas habilit\u00e9s \u00e0 le faire\u00a0\u00bb, pr\u00e9cise le directeur.\u00a0<\/p>\n<p>\u00ab\u00a0Renforcer la pr\u00e9sence du service de police sur le territoire de Saint-Sever\u00a0\u00bb<\/p>\n<p melodystyle=\"textnoprint\">L&rsquo;objectif de ce nouveau projet est de renforcer la s\u00e9curit\u00e9 dans le quartier de Saint-Sever suite \u00e0 une grande demande de la part des habitants et des commer\u00e7ants, qui peuvent se sentir en ins\u00e9curit\u00e9 sur la voie pi\u00e9tonne. C&rsquo;est le cas de Kayna Mohammadi, une habitu\u00e9e des lieux\u00a0: \u00ab\u00a0Il y a des bagarres ici, surtout le soir, on ne se sent pas en s\u00e9curit\u00e9. On ne peut pas marcher comme on veut, c&rsquo;est compliqu\u00e9.\u00a0\u00bb<\/p>\n<p melodystyle=\"textnoprint\">Depuis le d\u00e9but de son mandat, \u00ab\u00a0la tranquillit\u00e9 publique est un enjeu majeur\u00a0\u00bb pour le maire de Rouen, Nicolas Mayer-Rossignol. Une volont\u00e9 de renforcer les \u00e9quipes pour pouvoir ouvrir ce nouveau poste de police municipale sans diminuer la pr\u00e9sence sur le terrain\u00a0: \u00ab\u00a0Sur l&rsquo;ensemble du mandat, il y avait au d\u00e9part 54 policiers municipaux avec ce nouveau poste de police municipale, ils vont passer \u00e0 72. Cela repr\u00e9sente 33 % d&rsquo;augmentation des effectifs avec la brigade de nuit\u00a0\u00bb, abonde Guillaume Caron.<\/p>\n","protected":false},"excerpt":{"rendered":"Le nouveau poste de police municipale de Saint-Sever\u00a0ouvrira ses portes d&rsquo;ici la fin de l&rsquo;ann\u00e9e, a annonc\u00e9 le&hellip;\n","protected":false},"author":2,"featured_media":393289,"comment_status":"","ping_status":"","sticky":false,"template":"","format":"standard","meta":{"footnotes":""},"categories":[9587],"tags":[1111,11,1777,674,1011,27,12,5161,25,9590],"class_list":{"0":"post-393288","1":"post","2":"type-post","3":"status-publish","4":"format-standard","5":"has-post-thumbnail","7":"category-rouen","8":"tag-actu","9":"tag-actualites","10":"tag-eu","11":"tag-europe","12":"tag-fr","13":"tag-france","14":"tag-news","15":"tag-normandie","16":"tag-republique-francaise","17":"tag-rouen"},"share_on_mastodon":{"url":"https:\/\/pubeurope.com\/@fr\/115209901675855692","error":""},"_links":{"self":[{"href":"https:\/\/www.europesays.com\/fr\/wp-json\/wp\/v2\/posts\/393288","targetHints":{"allow":["GET"]}}],"collection":[{"href":"https:\/\/www.europesays.com\/fr\/wp-json\/wp\/v2\/posts"}],"about":[{"href":"https:\/\/www.europesays.com\/fr\/wp-json\/wp\/v2\/types\/post"}],"author":[{"embeddable":true,"href":"https:\/\/www.europesays.com\/fr\/wp-json\/wp\/v2\/users\/2"}],"replies":[{"embeddable":true,"href":"https:\/\/www.europesays.com\/fr\/wp-json\/wp\/v2\/comments?post=393288"}],"version-history":[{"count":0,"href":"https:\/\/www.europesays.com\/fr\/wp-json\/wp\/v2\/posts\/393288\/revisions"}],"wp:featuredmedia":[{"embeddable":true,"href":"https:\/\/www.europesays.com\/fr\/wp-json\/wp\/v2\/media\/393289"}],"wp:attachment":[{"href":"https:\/\/www.europesays.com\/fr\/wp-json\/wp\/v2\/media?parent=393288"}],"wp:term":[{"taxonomy":"category","embeddable":true,"href":"https:\/\/www.europesays.com\/fr\/wp-json\/wp\/v2\/categories?post=393288"},{"taxonomy":"post_tag","embeddable":true,"href":"https:\/\/www.europesays.com\/fr\/wp-json\/wp\/v2\/tags?post=393288"}],"curies":[{"name":"wp","href":"https:\/\/api.w.org\/{rel}","templated":true}]}}