{"id":393302,"date":"2025-09-15T19:18:25","date_gmt":"2025-09-15T19:18:25","guid":{"rendered":"https:\/\/www.europesays.com\/fr\/393302\/"},"modified":"2025-09-15T19:18:25","modified_gmt":"2025-09-15T19:18:25","slug":"un-enorme-festival-street-food-avec-20-foodtrucks-debarque-a-strasbourg-ce-week-end","status":"publish","type":"post","link":"https:\/\/www.europesays.com\/fr\/393302\/","title":{"rendered":"Un \u00e9norme festival street food avec 20 foodtrucks d\u00e9barque \u00e0 Strasbourg ce week-end"},"content":{"rendered":"<p>Le Street Bouche, c&rsquo;est un incontournable de la ville que tu connais s\u00fbrement\u00a0: un festival culinaire qui fait vibrer la ville avec ses corners r\u00e9guliers et ses \u00e9v\u00e9nements d\u00e9jant\u00e9s. Et pour ses 10 ans, ils remettent le couvert sur le parvis de la fac de droit, fid\u00e8le \u00e0 son engagement \u00e9coresponsable. <b>Une vingtaine de chefs et cheffes viendront garnir les assiettes avec des recettes pr\u00e9par\u00e9es \u00e0 base de produits frais, locaux et de saison.<\/b> Entre boissons artisanales, saveurs du monde et bonne humeur, le banquet s\u2019annonce copieux.<\/p>\n<p>&#13;<\/p>\n<blockquote class=\"instagram-media\" data-instgrm-permalink=\"https:\/\/www.instagram.com\/p\/DLRuEu6N_b9\/?utm_source=ig_embed&amp;utm_campaign=loading\" data-instgrm-version=\"14\" style=\"background: #FFF; border: 0; border-radius: 3px; box-shadow: 0 0 1px 0 rgba(0,0,0,0.5),0 1px 10px 0 rgba(0,0,0,0.15); margin: 1px; max-width: 540px; min-width: 326px; padding: 0; width: calc(100% - 2px);\"><p>&#13;<br \/>\n&#13;\n<\/p><\/blockquote>\n<p>&#13;<br \/>\n&#13;<br \/>\n<b>Dix ans de cuisine et d\u2019\u00e9thique<\/b>&#13;<\/p>\n<p>Pour lancer l\u2019anniversaire comme il se doit, rendez-vous le vendredi soir au Street Bouche Club. Concerts et DJ sets s\u2019invitent au menu\u00a0: urban jazz avec <b>Bambooji <\/b>en mise en bouche, baile house servi bien chaud par <b>Akalex<\/b>, puis le duo<b> Beat Torrent <\/b>en dessert. Une premi\u00e8re soir\u00e9e qui promet de mettre tout le campus en app\u00e9tit.<\/p>\n<p>&#13;<\/p>\n<p>&#13;<br \/>\n<b>Piments, bingo et autres surprises<\/b>&#13;<\/p>\n<p>Le samedi et le dimanche, place au fameux <b>concours de sauce piquante<\/b>, un d\u00e9fi ardent qui sacrera le plus courageux du week-end. \u00c0 la cl\u00e9\u00a0? Des lots sign\u00e9s <b>L\u2019\u00c9picier Fou, des piments frais et des cadeaux des partenaires.<\/b> Et parce qu\u2019il faut bien dig\u00e9rer toutes ces \u00e9motions, le festival cl\u00f4turera en douceur le dimanche soir avec un<b> Bingo d\u00e9cal\u00e9 orchestr\u00e9 par Les Tantines.<\/b> Bref, trois jours de pur r\u00e9gal, \u00e0 consommer sans mod\u00e9ration\u00a0!<\/p>\n<p>&#13;<\/p>\n<p><b>Street Bouche Festival<\/b><b><br \/><\/b><b>Campus Universit\u00e9 Centrale de Strabsourg<\/b><b><br \/><\/b><b>Du 19 au 21 septembre 2025<\/b><b><br \/><\/b><a href=\"https:\/\/streetbouche.com\/\" rel=\"nofollow noopener\" target=\"_blank\"><b>Plus d\u2019infos<\/b><\/a><\/p>\n<p><script async src=\"\/\/www.instagram.com\/embed.js\"><\/script><\/p>\n","protected":false},"excerpt":{"rendered":"Le Street Bouche, c&rsquo;est un incontournable de la ville que tu connais s\u00fbrement\u00a0: un festival culinaire qui fait&hellip;\n","protected":false},"author":2,"featured_media":393303,"comment_status":"","ping_status":"","sticky":false,"template":"","format":"standard","meta":{"footnotes":""},"categories":[2820],"tags":[1111,11,1777,674,1011,27,775,12,25,640],"class_list":{"0":"post-393302","1":"post","2":"type-post","3":"status-publish","4":"format-standard","5":"has-post-thumbnail","7":"category-strasbourg","8":"tag-actu","9":"tag-actualites","10":"tag-eu","11":"tag-europe","12":"tag-fr","13":"tag-france","14":"tag-grand-est","15":"tag-news","16":"tag-republique-francaise","17":"tag-strasbourg"},"share_on_mastodon":{"url":"https:\/\/pubeurope.com\/@fr\/115209929168033561","error":""},"_links":{"self":[{"href":"https:\/\/www.europesays.com\/fr\/wp-json\/wp\/v2\/posts\/393302","targetHints":{"allow":["GET"]}}],"collection":[{"href":"https:\/\/www.europesays.com\/fr\/wp-json\/wp\/v2\/posts"}],"about":[{"href":"https:\/\/www.europesays.com\/fr\/wp-json\/wp\/v2\/types\/post"}],"author":[{"embeddable":true,"href":"https:\/\/www.europesays.com\/fr\/wp-json\/wp\/v2\/users\/2"}],"replies":[{"embeddable":true,"href":"https:\/\/www.europesays.com\/fr\/wp-json\/wp\/v2\/comments?post=393302"}],"version-history":[{"count":0,"href":"https:\/\/www.europesays.com\/fr\/wp-json\/wp\/v2\/posts\/393302\/revisions"}],"wp:featuredmedia":[{"embeddable":true,"href":"https:\/\/www.europesays.com\/fr\/wp-json\/wp\/v2\/media\/393303"}],"wp:attachment":[{"href":"https:\/\/www.europesays.com\/fr\/wp-json\/wp\/v2\/media?parent=393302"}],"wp:term":[{"taxonomy":"category","embeddable":true,"href":"https:\/\/www.europesays.com\/fr\/wp-json\/wp\/v2\/categories?post=393302"},{"taxonomy":"post_tag","embeddable":true,"href":"https:\/\/www.europesays.com\/fr\/wp-json\/wp\/v2\/tags?post=393302"}],"curies":[{"name":"wp","href":"https:\/\/api.w.org\/{rel}","templated":true}]}}