{"id":393304,"date":"2025-09-15T19:19:14","date_gmt":"2025-09-15T19:19:14","guid":{"rendered":"https:\/\/www.europesays.com\/fr\/393304\/"},"modified":"2025-09-15T19:19:14","modified_gmt":"2025-09-15T19:19:14","slug":"une-ecole-evacuee-a-nice-a-la-suite-dune-alerte-incendie","status":"publish","type":"post","link":"https:\/\/www.europesays.com\/fr\/393304\/","title":{"rendered":"Une \u00e9cole \u00e9vacu\u00e9e \u00e0 Nice \u00e0 la suite d\u2019une alerte incendie"},"content":{"rendered":"<p>L\u2019alarme incendie a retenti \u00e0 l\u2019\u00e9cole maternelle des Magnolias, \u00e0 Nice-Ouest, ce lundi en fin d\u2019apr\u00e8s-midi. Son d\u00e9clenchement a entra\u00een\u00e9 l\u2019\u00e9vacuation de l\u2019\u00e9cole et la mobilisation des sapeurs-pompiers.<\/p>\n<p>Selon le SDIS 06 (service d\u00e9partemental d\u2019incendie et de secours), une odeur de br\u00fbl\u00e9 \u00e9tait suspect\u00e9e. 63 enfants et 7 adultes ont \u00e9vacu\u00e9, tandis que les soldats du feu entamaient des reconnaissances.<\/p>\n<p>L\u2019alerte a r\u00e9sonn\u00e9 vers 17h, apr\u00e8s la fin des cours, mais pendant la garderie du soir. Les enfants ont aussit\u00f4t \u00e9t\u00e9 mis en s\u00e9curit\u00e9 dans la cour.<\/p>\n<p>Huit sapeurs-pompiers sont intervenus boulevard Napol\u00e9on-III, \u00e9paul\u00e9s par la police municipale. Apr\u00e8s avoir patient\u00e9 aux grilles de l\u2019\u00e9cole, les parents ont pu r\u00e9cup\u00e9rer leurs enfants dans la foul\u00e9e.<\/p>\n<p>Aucune prise en charge sanitaire n\u2019a \u00e9t\u00e9 n\u00e9cessaire. Restait \u00e0 d\u00e9celer l\u2019origine de l\u2019alerte. Y\u2019a-t-il r\u00e9ellement eu une odeur de br\u00fbl\u00e9 ? Ou un simple d\u00e9clenchement intempestif ? \u00c0 18 h, les sapeurs-pompiers parcouraient les couloirs et salles de l\u2019\u00e9cole afin d\u2019identifier la cause et lever le doute.<\/p>\n","protected":false},"excerpt":{"rendered":"L\u2019alarme incendie a retenti \u00e0 l\u2019\u00e9cole maternelle des Magnolias, \u00e0 Nice-Ouest, ce lundi en fin d\u2019apr\u00e8s-midi. Son d\u00e9clenchement&hellip;\n","protected":false},"author":2,"featured_media":393305,"comment_status":"","ping_status":"","sticky":false,"template":"","format":"standard","meta":{"footnotes":""},"categories":[2819],"tags":[1111,11,1777,674,118,1011,27,12,2401,882,25],"class_list":{"0":"post-393304","1":"post","2":"type-post","3":"status-publish","4":"format-standard","5":"has-post-thumbnail","7":"category-nice","8":"tag-actu","9":"tag-actualites","10":"tag-eu","11":"tag-europe","12":"tag-faits-divers","13":"tag-fr","14":"tag-france","15":"tag-news","16":"tag-nice","17":"tag-provence-alpes-cote-dazur","18":"tag-republique-francaise"},"share_on_mastodon":{"url":"https:\/\/pubeurope.com\/@fr\/115209932995522005","error":""},"_links":{"self":[{"href":"https:\/\/www.europesays.com\/fr\/wp-json\/wp\/v2\/posts\/393304","targetHints":{"allow":["GET"]}}],"collection":[{"href":"https:\/\/www.europesays.com\/fr\/wp-json\/wp\/v2\/posts"}],"about":[{"href":"https:\/\/www.europesays.com\/fr\/wp-json\/wp\/v2\/types\/post"}],"author":[{"embeddable":true,"href":"https:\/\/www.europesays.com\/fr\/wp-json\/wp\/v2\/users\/2"}],"replies":[{"embeddable":true,"href":"https:\/\/www.europesays.com\/fr\/wp-json\/wp\/v2\/comments?post=393304"}],"version-history":[{"count":0,"href":"https:\/\/www.europesays.com\/fr\/wp-json\/wp\/v2\/posts\/393304\/revisions"}],"wp:featuredmedia":[{"embeddable":true,"href":"https:\/\/www.europesays.com\/fr\/wp-json\/wp\/v2\/media\/393305"}],"wp:attachment":[{"href":"https:\/\/www.europesays.com\/fr\/wp-json\/wp\/v2\/media?parent=393304"}],"wp:term":[{"taxonomy":"category","embeddable":true,"href":"https:\/\/www.europesays.com\/fr\/wp-json\/wp\/v2\/categories?post=393304"},{"taxonomy":"post_tag","embeddable":true,"href":"https:\/\/www.europesays.com\/fr\/wp-json\/wp\/v2\/tags?post=393304"}],"curies":[{"name":"wp","href":"https:\/\/api.w.org\/{rel}","templated":true}]}}