{"id":393325,"date":"2025-09-15T19:30:12","date_gmt":"2025-09-15T19:30:12","guid":{"rendered":"https:\/\/www.europesays.com\/fr\/393325\/"},"modified":"2025-09-15T19:30:12","modified_gmt":"2025-09-15T19:30:12","slug":"a-marseille-le-college-fraissinet-renomme-ariane-ascaride","status":"publish","type":"post","link":"https:\/\/www.europesays.com\/fr\/393325\/","title":{"rendered":"\u00c0 Marseille, le coll\u00e8ge Fraissinet renomm\u00e9 Ariane-Ascaride"},"content":{"rendered":"<p>Le coll\u00e8ge Fraissinet portait le nom d\u2019une rue, baptis\u00e9e d&rsquo;apr\u00e8s l\u2019homme qui, il y a plus d\u2019un si\u00e8cle, avait c\u00e9d\u00e9 son terrain pour y construire un groupe scolaire. Pas vraiment \u00ab\u00a0inspirant\u00a0\u00bb pour les 500 \u00e9l\u00e8ves de cet \u00e9tablissement du 5e arrondissement de Marseille.<\/p>\n<p>Poursuivant sa volont\u00e9 de \u00ab\u00a0f\u00e9miniser les noms\u00a0\u00bb des coll\u00e8ges du D\u00e9partement, la pr\u00e9sidente (DVD) de l\u2019institution, <a href=\"https:\/\/www.laprovence.com\/article\/elections\/4853112438642614\/municipales-2026-a-marseille-martine-vassal-annonce-sa-candidature\" target=\"_blank\" rel=\"noopener\">Martine Vassal,<\/a> a donc rebaptis\u00e9 <a href=\"https:\/\/www.laprovence.com\/article\/edition-marseille\/2901042\/city-raid-andros-le-college-fraissinet-en-finale-a-paris.html\" target=\"_blank\" rel=\"noopener\">Fraissinet<\/a> en coll\u00e8ge <a href=\"https:\/\/www.laprovence.com\/article\/culture-loisirs\/2580332781708915\/marseille-l-avertissement-travail-d-ascaride\" target=\"_blank\" rel=\"noopener\">Ariane-Ascaride<\/a>, ce lundi 15\u00a0septembre. L\u2019actrice marseillaise de <a href=\"https:\/\/www.laprovence.com\/article\/edition-marseille\/4207711\/1997-voila-marius-et-jeannette.html\" target=\"_blank\" rel=\"noopener\">Marius et Jeannette<\/a>\u00a0a d\u00e9voil\u00e9 la plaque \u00e0 son nom dans le hall et dit \u00ab\u00a0sa grande \u00e9motion et le grand honneur\u00a0\u00bb de voir sa carri\u00e8re ainsi c\u00e9l\u00e9br\u00e9e \u00ab\u00a0\u00e0 l\u2019\u00e9cole, l\u2019un des derniers\u00a0endroits qui rassemble\u00a0\u00bb.<\/p>\n<p>14% des coll\u00e8ges du d\u00e9partement portent un nom de femme<\/p>\n<p>Sur les 138\u00a0coll\u00e8ges du d\u00e9partement, seuls 14\u00a0% des \u00e9tablissements portent aujourd\u2019hui un nom de femme (26 % portent celui d\u2019un lieu-dit), il \u00e9tait donc temps de mettre \u00e0 l\u2019honneur \u00ab\u00a0celles qui marquent ce territoire, et dont le parcours a parfois \u00e9t\u00e9 mis sous silence\u00a0\u00bb, appuie Martine Vassal.<\/p>\n<p>Ici, parents d\u2019\u00e9l\u00e8ves et personnels ont choisi \u00ab\u00a0une personnalit\u00e9 marseillaise\u00a0\u00bb, portant \u00ab\u00a0des valeurs d\u2019engagement artistique et politique\u00a0\u00bb et \u00ab\u00a0d\u2019ouverture\u00a0\u00bb, souligne le principal. Une d\u00e9cision qui a \u00e9galement fait l\u2019objet d\u2019un travail des \u00e9l\u00e8ves\u00a0l\u2019an dernier, et plusieurs professeurs int\u00e9greront les \u0153uvres avec Ariane Ascaride dans leur progression p\u00e9dagogique.<\/p>\n<p>\u00ab\u00a0\u00c7a fait bizarre d\u2019avoir un coll\u00e8ge qui n\u2019a pas le nom d\u2019un vieux monsieur mort depuis 400\u00a0ans, livre Lucia, 11\u00a0ans, en classe de 6e. C\u2019est une personnalit\u00e9 de notre ville et son parcours peut nous inspirer dans le th\u00e9\u00e2tre ou un autre domaine.\u00a0\u00bb<\/p>\n","protected":false},"excerpt":{"rendered":"Le coll\u00e8ge Fraissinet portait le nom d\u2019une rue, baptis\u00e9e d&rsquo;apr\u00e8s l\u2019homme qui, il y a plus d\u2019un si\u00e8cle,&hellip;\n","protected":false},"author":2,"featured_media":393326,"comment_status":"","ping_status":"","sticky":false,"template":"","format":"standard","meta":{"footnotes":""},"categories":[2814],"tags":[17,1111,11,52528,1102,1124,1777,674,1011,52526,27,884,12,882,16,52527,25],"class_list":{"0":"post-393325","1":"post","2":"type-post","3":"status-publish","4":"format-standard","5":"has-post-thumbnail","7":"category-marseille","8":"tag-17","9":"tag-actu","10":"tag-actualites","11":"tag-ariane-ascaride","12":"tag-breakingnews","13":"tag-college","14":"tag-eu","15":"tag-europe","16":"tag-fr","17":"tag-fraissinet","18":"tag-france","19":"tag-marseille","20":"tag-news","21":"tag-provence-alpes-cote-dazur","22":"tag-region","23":"tag-renomme","24":"tag-republique-francaise"},"share_on_mastodon":{"url":"https:\/\/pubeurope.com\/@fr\/115209976466175596","error":""},"_links":{"self":[{"href":"https:\/\/www.europesays.com\/fr\/wp-json\/wp\/v2\/posts\/393325","targetHints":{"allow":["GET"]}}],"collection":[{"href":"https:\/\/www.europesays.com\/fr\/wp-json\/wp\/v2\/posts"}],"about":[{"href":"https:\/\/www.europesays.com\/fr\/wp-json\/wp\/v2\/types\/post"}],"author":[{"embeddable":true,"href":"https:\/\/www.europesays.com\/fr\/wp-json\/wp\/v2\/users\/2"}],"replies":[{"embeddable":true,"href":"https:\/\/www.europesays.com\/fr\/wp-json\/wp\/v2\/comments?post=393325"}],"version-history":[{"count":0,"href":"https:\/\/www.europesays.com\/fr\/wp-json\/wp\/v2\/posts\/393325\/revisions"}],"wp:featuredmedia":[{"embeddable":true,"href":"https:\/\/www.europesays.com\/fr\/wp-json\/wp\/v2\/media\/393326"}],"wp:attachment":[{"href":"https:\/\/www.europesays.com\/fr\/wp-json\/wp\/v2\/media?parent=393325"}],"wp:term":[{"taxonomy":"category","embeddable":true,"href":"https:\/\/www.europesays.com\/fr\/wp-json\/wp\/v2\/categories?post=393325"},{"taxonomy":"post_tag","embeddable":true,"href":"https:\/\/www.europesays.com\/fr\/wp-json\/wp\/v2\/tags?post=393325"}],"curies":[{"name":"wp","href":"https:\/\/api.w.org\/{rel}","templated":true}]}}