{"id":393409,"date":"2025-09-15T20:17:15","date_gmt":"2025-09-15T20:17:15","guid":{"rendered":"https:\/\/www.europesays.com\/fr\/393409\/"},"modified":"2025-09-15T20:17:15","modified_gmt":"2025-09-15T20:17:15","slug":"une-seance-de-dedicaces-avec-raphael-quenard-fait-de-nombreux-decus","status":"publish","type":"post","link":"https:\/\/www.europesays.com\/fr\/393409\/","title":{"rendered":"une s\u00e9ance de d\u00e9dicaces avec Rapha\u00ebl Quenard fait de nombreux d\u00e9\u00e7us"},"content":{"rendered":"<p>            Par<br \/>\n        <strong><br \/>\n            <a href=\"https:\/\/actu.fr\/auteur\/pierre-emile-bouchy-actu-fr\" title=\"Consulter tous les articles de Paul-Emile Bouchy\" target=\"_blank\" rel=\"noopener\">Paul-Emile Bouchy<\/a><br \/>\n        <\/strong><\/p>\n<p>        Publi\u00e9 le<\/p>\n<p>            15 sept. 2025 \u00e0 17h34        <\/p>\n<p>Comme chaque ann\u00e9e, le <a href=\"https:\/\/actu.fr\/tag\/livre-sur-la-place\" target=\"_blank\" rel=\"noopener\">Livre sur la Place \u00e0 Nancy<\/a> attire les plus grands auteurs de la rentr\u00e9e litt\u00e9raire et des c\u00e9l\u00e9brit\u00e9s, dont <a href=\"https:\/\/actu.fr\/grand-est\/nancy_54395\/livre-sur-la-place-a-nancy-raphael-quenard-franck-thilliez-voici-les-temps-forts-de-l-edition-2025_63078578.html\" target=\"_blank\" rel=\"noopener\">Rapha\u00ebl Quenard<\/a>. L\u2019acteur c\u00e9saris\u00e9 y pr\u00e9sentait son premier roman <strong>\u00ab\u2009Clamser \u00e0 Tataouine\u2009\u00bb<\/strong>, d\u00e9j\u00e0 un v\u00e9ritable carton en librairie avec plus de 100\u2009000 exemplaires vendus.<\/p>\n<p class=\" wall-content\">Samedi \u00e0 17h15, Rapha\u00ebl Quenard \u00e9tait \u00e0 la salle Poirel pour parler de son livre et r\u00e9pondre, sans d\u00e9tour et avec son phras\u00e9 si singulier, aux questions du public.<\/p>\n<p class=\" wall-content\">En revanche, <strong>de nombreuses personnes ont \u00e9t\u00e9 d\u00e9\u00e7ues de la s\u00e9ance de d\u00e9dicaces<\/strong> qui a suivi et de son organisation. On y \u00e9tait et on vous raconte ce qu\u2019il s\u2019est pass\u00e9.<\/p>\n<p>Des spectateurs quittent la salle durant la rencontre pour avoir une d\u00e9dicace<\/p>\n<p class=\" wall-content\">Devant une salle comble et conquise, Rapha\u00ebl Quenard a r\u00e9pondu aux questions, a fait rire le public et a m\u00eame \u00e9t\u00e9 <strong>jusqu\u2019\u00e0 chanter \u00ab\u2009Joyeux anniversaire\u2009\u00bb \u00e0 une octog\u00e9naire<\/strong> qui n\u2019a pas pu venir le voir.<\/p>\n<p class=\" wall-content\">Le nombre de places pour la s\u00e9ance de d\u00e9dicaces qui suivait \u00e9tant limit\u00e9 \u00e0 80 personnes (l\u2019acteur devant se rendre ensuite au cin\u00e9ma Cam\u00e9o), <strong>certains spectateurs ont choisi de quitter les gradins au milieu de l\u2019\u00e9change<\/strong> pour s\u2019assurer d\u2019avoir une place.<\/p>\n<p class=\" wall-content\">Une situation qui a laiss\u00e9 <strong>de nombreuses personnes sur la touche<\/strong>, notamment ceux ayant attendu poliment que l\u2019auteur finisse sa prise de parole.<\/p>\n<blockquote class=\"tiktok-embed\" cite=\"https:\/\/www.tiktok.com\/@lorraine.actu\/video\/7550309777931275542\" data-video-id=\"7550309777931275542\" data-embed-from=\"oembed\" style=\"max-width:605px; min-width:325px;\"><p>\n<a target=\"_blank\" title=\"@lorraine.actu\" href=\"https:\/\/www.tiktok.com\/@lorraine.actu?refer=embed\" rel=\"noopener\">@lorraine.actu<\/a> <\/p>\n<p>Invit\u00e9 du Livre sur la Place \u00e0 Nancy, Rapha\u00ebl Quenard a pr\u00e9sent\u00e9 son premier roman \u00e0 la salle Poirel. A la demande d\u2019une spectatrice, il n\u2019a pas h\u00e9sit\u00e9 \u00e0 chanter Joyeux anniversaire avec toute la salle pour Christiane, une octog\u00e9naire qui n\u2019a pas pu venir le voir. <a title=\"nancy\" target=\"_blank\" href=\"https:\/\/www.tiktok.com\/tag\/nancy?refer=embed\" rel=\"noopener\">#Nancy<\/a> <a title=\"livresurlaplace\" target=\"_blank\" href=\"https:\/\/www.tiktok.com\/tag\/livresurlaplace?refer=embed\" rel=\"noopener\">#livresurlaplace<\/a> <a title=\"lorraine\" target=\"_blank\" href=\"https:\/\/www.tiktok.com\/tag\/lorraine?refer=embed\" rel=\"noopener\">#lorraine<\/a> <\/p>\n<p> <a target=\"_blank\" title=\"\u266c son original - Lorraine Actu\" href=\"https:\/\/www.tiktok.com\/music\/son-original-7550309758046128918?refer=embed\" rel=\"noopener\">\u266c son original \u2013 Lorraine Actu<\/a> <\/p>\n<\/blockquote>\n<p>Votre r\u00e9gion, votre actu !<\/p>\n<p>Recevez chaque jour les infos qui comptent pour vous.<\/p>\n<p>\t<a href=\"https:\/\/actu.fr\/newsletter\" class=\"ac-btn ac-btn--corner ac-btn--medium ac-btn--blue800\" target=\"_blank\" rel=\"noopener\">S&rsquo;incrire<\/a><br \/>\nLa d\u00e9ception de ceux qui ont attendu plusieurs heures<\/p>\n<p class=\" wall-content\">Autour de moi, de nombreuses personnes ne cachaient pas leur d\u00e9ception. \u00ab\u2009On a attendu devant la salle pendant plus de deux heures depuis 14h45. <strong>Je ne comprends pas pourquoi ils ont organis\u00e9 \u00e7a comme \u00e7a<\/strong>\u2009\u00bb, explique une maman accompagn\u00e9e de sa fille.<\/p>\n<p class=\" wall-content\">\u00c9lodie et Camille avaient fait le d\u00e9placement depuis Thionville (Moselle) et ne cachent pas leur incompr\u00e9hension. <strong>\u00ab\u2009C\u2019est d\u00e9gueulasse\u2009\u00bb<\/strong>, d\u00e9clarent-elles en apprenant que des personnes sont parties pr\u00e9matur\u00e9ment au lieu d\u2019\u00e9couter Rapha\u00ebl Quenard.<\/p>\n<p>Le Livre sur la Place r\u00e9agit<\/p>\n<p class=\" wall-content\">Contact\u00e9e par Lorraine Actu, Sarah Polacci, commissaire du Livre sur la Place, tient \u00e0 rappeler que le salon est avant tout <strong>\u00ab\u2009un lieu de rencontres et non pas d\u00e9dicaces\u2009\u00bb<\/strong>\u2009: \u00ab\u2009M\u00eame si des d\u00e9dicaces ont parfois lieu apr\u00e8s, les rencontres avec les auteurs ne sont pas l\u00e0 pour \u00e7a. Pour cela, il y a le chapiteau.\u2009\u00bb<\/p>\n<p class=\" wall-content\">D\u2019ailleurs, Rapha\u00ebl Quenard y a fait une s\u00e9ance de d\u00e9dicaces samedi o\u00f9 chaque lecteur avait un ticket pour ne pas faire de d\u00e9\u00e7us\u2009: \u00ab\u2009Ce n\u2019\u00e9tait pas possible de faire \u00e7a salle Poirel car avant une rencontre, tout le monde ne sait pas s\u2019il veut aller \u00e0 la d\u00e9dicace. <strong>Ce n\u2019est pas simple \u00e0 g\u00e9rer et on peut mieux faire. Je suis d\u00e9sol\u00e9e pour les d\u00e9\u00e7us.<\/strong>\u2009\u00bb<\/p>\n<p class=\" wall-content\">Enfin, elle d\u00e9nonce <strong>le \u00ab\u2009manque de politesse\u2009\u00bb des spectateurs<\/strong> qui ont quitt\u00e9 pr\u00e9matur\u00e9ment la salle\u2009: \u00ab\u2009C\u2019est vraiment dommage. Je milite pour les rencontres dans les salles, les auteurs aiment venir \u00e0 Nancy pour \u00e7a. Peut-\u00eatre qu\u2019il faudrait \u00e0 l\u2019avenir ne pas organiser de d\u00e9dicaces derri\u00e8re pour \u00e9viter cela.\u2009\u00bb<\/p>\n<p class=\" wall-content\">Personnalisez votre actualit\u00e9 en ajoutant vos villes et m\u00e9dias en favori avec <a href=\"https:\/\/moncompte.actu.fr\" title=\"D\u00e9couvez Mon Actu\" rel=\"nofollow noopener\" data-trk=\"{&quot;cta&quot;:{&quot;action&quot;:&quot;https:\\\/\\\/moncompte.actu.fr&quot;,&quot;category&quot;:&quot;mon compte&quot;,&quot;from&quot;:&quot;article footer&quot;,&quot;name&quot;:&quot;Mon actu&quot;,&quot;type&quot;:&quot;cta&quot;}}\" target=\"_blank\">Mon Actu<\/a>.<\/p>\n<p>                    <script async src=\"\/\/www.tiktok.com\/embed.js\"><\/script><\/p>\n","protected":false},"excerpt":{"rendered":"Par Paul-Emile Bouchy Publi\u00e9 le 15 sept. 2025 \u00e0 17h34 Comme chaque ann\u00e9e, le Livre sur la Place&hellip;\n","protected":false},"author":2,"featured_media":393410,"comment_status":"","ping_status":"","sticky":false,"template":"","format":"standard","meta":{"footnotes":""},"categories":[9635],"tags":[1111,11,1777,674,1011,27,775,23128,1702,12,25,104],"class_list":{"0":"post-393409","1":"post","2":"type-post","3":"status-publish","4":"format-standard","5":"has-post-thumbnail","7":"category-nancy","8":"tag-actu","9":"tag-actualites","10":"tag-eu","11":"tag-europe","12":"tag-fr","13":"tag-france","14":"tag-grand-est","15":"tag-livre-sur-la-place","16":"tag-nancy","17":"tag-news","18":"tag-republique-francaise","19":"tag-societe"},"share_on_mastodon":{"url":"https:\/\/pubeurope.com\/@fr\/115210160962166508","error":""},"_links":{"self":[{"href":"https:\/\/www.europesays.com\/fr\/wp-json\/wp\/v2\/posts\/393409","targetHints":{"allow":["GET"]}}],"collection":[{"href":"https:\/\/www.europesays.com\/fr\/wp-json\/wp\/v2\/posts"}],"about":[{"href":"https:\/\/www.europesays.com\/fr\/wp-json\/wp\/v2\/types\/post"}],"author":[{"embeddable":true,"href":"https:\/\/www.europesays.com\/fr\/wp-json\/wp\/v2\/users\/2"}],"replies":[{"embeddable":true,"href":"https:\/\/www.europesays.com\/fr\/wp-json\/wp\/v2\/comments?post=393409"}],"version-history":[{"count":0,"href":"https:\/\/www.europesays.com\/fr\/wp-json\/wp\/v2\/posts\/393409\/revisions"}],"wp:featuredmedia":[{"embeddable":true,"href":"https:\/\/www.europesays.com\/fr\/wp-json\/wp\/v2\/media\/393410"}],"wp:attachment":[{"href":"https:\/\/www.europesays.com\/fr\/wp-json\/wp\/v2\/media?parent=393409"}],"wp:term":[{"taxonomy":"category","embeddable":true,"href":"https:\/\/www.europesays.com\/fr\/wp-json\/wp\/v2\/categories?post=393409"},{"taxonomy":"post_tag","embeddable":true,"href":"https:\/\/www.europesays.com\/fr\/wp-json\/wp\/v2\/tags?post=393409"}],"curies":[{"name":"wp","href":"https:\/\/api.w.org\/{rel}","templated":true}]}}