{"id":393443,"date":"2025-09-15T20:36:23","date_gmt":"2025-09-15T20:36:23","guid":{"rendered":"https:\/\/www.europesays.com\/fr\/393443\/"},"modified":"2025-09-15T20:36:23","modified_gmt":"2025-09-15T20:36:23","slug":"le-tour-de-france-2026-passera-par-bordeaux","status":"publish","type":"post","link":"https:\/\/www.europesays.com\/fr\/393443\/","title":{"rendered":"Le Tour de France 2026 passera par Bordeaux"},"content":{"rendered":"<p>Alors que l\u2019automne se profile, c\u2019est toujours le m\u00eame petit jeu de cache-cache. Les organisateurs du Tour de France veulent garder l\u2019effet de surprise de la pr\u00e9sentation officielle (elle aura lieu cette ann\u00e9e le 23\u00a0octobre) et les responsables des collectivit\u00e9s concern\u00e9es, mis dans la confidence quelques mois plus t\u00f4t, sont pri\u00e9s de garder le silence, tout en commen\u00e7ant \u00e0 organiser les choses.<\/p>\n<p>Mais selon nos informations, le vendredi 10\u00a0juillet prochain, le Tour de France fera son retour \u00e0 Bordeaux. Le port de la Lune accueillera une nouvelle arriv\u00e9e, probablement sur les quais, comme en 2023, o\u00f9 le Belge Jasper Philipsen s\u2019\u00e9tait montr\u00e9 plus rapide que Mark Cavendish, au terme d\u2019un sprint massif de toute beaut\u00e9 devant la Place des Quinconces. Cette ann\u00e9e-l\u00e0, les coureurs \u00e9taient arriv\u00e9s de Mont-de-Marsan, avant de repartir le lendemain de Libourne. Pour l\u2019instant, la provenance des coureurs n\u2019a pas encore filtr\u00e9, mais il semble acquis que le peloton remontera du sud (les Landes\u00a0? Le B\u00e9arn\u00a0?) apr\u00e8s un passage pyr\u00e9n\u00e9en pr\u00e9coce et un grand d\u00e9part de Barcelone le samedi 4\u00a0juillet.<\/p>\n<p>83e passage<\/p>\n<p>Comme souvent, au grand regret de Thierry Gouvenou, en charge du trac\u00e9, \u00e0 moins d\u2019un contre-la-montre, il sera difficile de proposer un autre sc\u00e9nario qu\u2019un sprint classique. Les c\u00f4tes de l\u2019Entre-Deux-Mers sont trop \u00e9loign\u00e9es de l\u2019arriv\u00e9e et celles de Bouliac, Floirac ou Cenon, n\u2019offrent pas les conditions de s\u00e9curit\u00e9 id\u00e9ales pour une arriv\u00e9e du Tour de France. En revanche, le pont Simone-Veil de Floirac, qui n\u2019\u00e9tait pas encore en service en juillet 2023, pourrait \u00eatre utilis\u00e9 et offrir des images spectaculaires \u00e0 l\u2019approche de l\u2019arriv\u00e9e.<\/p>\n<p><a href=\"https:\/\/www.sudouest.fr\/archives\/bordeaux-plus-d-un-siecle-de-tour-de-france-dans-la-ville-4142065.php\" target=\"_blank\" rel=\"follow nofollow noopener\">Le Tour \u00e0 Bordeaux, c\u2019est une tr\u00e8s vieille habitude\u00a0:<\/a> en 2026, il s\u2019agira en effet de la 83e visite de l\u2019\u00e9preuve. Mais avec ce nouveau passage, seulement trois ans apr\u00e8s le pr\u00e9c\u00e9dent, c\u2019est aussi la confirmation d\u2019un lien renou\u00e9 apr\u00e8s une longue absence. Pierre Hurmic, le maire \u00e9cologiste de Bordeaux, a toujours assum\u00e9 sa sympathie pour la Grande Boucle. \u00c0 peine \u00e9lu, en 2020, il n\u2019avait pas r\u00e9ussi \u00e0 obtenir gain de cause pour l\u2019\u00e9dition 2021, plomb\u00e9 par les pol\u00e9miques avec d\u2019autres maires \u00e9colos (\u00e0 Lyon et Grenoble notamment) et par des retards dans la confirmation de la candidature bordelaise. Il avait profit\u00e9 d\u2019une \u00e9tape \u00e0 Libourne pour aller plaider sa cause lui-m\u00eame aupr\u00e8s de Christian Prudhomme, le patron de la course.<\/p>\n<p>Liesse populaire<\/p>\n<p>Aujourd\u2019hui, s\u2019il refuse de confirmer l\u2019information, Pierre Hurmic ne cache pas son enthousiasme \u00e0 l\u2019id\u00e9e de cette perspective\u00a0: \u00ab\u00a0Je pense que la d\u00e9cision est prise et ce n\u2019est pas \u00e0 moi de la d\u00e9voiler, mais dans la mesure o\u00f9 j\u2019ai postul\u00e9, je peux dire que je serais tr\u00e8s content que le Tour revienne \u00e0 Bordeaux. Surtout que je me souviens fort bien du r\u00e9sultat de l\u2019\u00e9t\u00e9 2023, quand le Tour est revenu \u00e0 Bordeaux apr\u00e8s treize ans d\u2019absence. J\u2019ai un souvenir assez fort de cette liesse populaire dans les rues de Bordeaux. Si vous saviez le nombre de gens, entre les quais et la mairie, qui m\u2019ont arr\u00eat\u00e9 pour me dire \u00ab\u00a0merci M. le Maire\u00a0\u00bb\u2026 \u00c0 partir de l\u00e0, mon seul souci a \u00e9t\u00e9 de faire en sorte que le Tour revienne. Je ne bouderais pas mon plaisir, si tel \u00e9tait le cas.\u00a0\u00bb<\/p>\n<p>\u00c7a le sera, et ce ne sera pas la seule \u00e9tape dans la r\u00e9gion. Les Pyr\u00e9n\u00e9es, comme toujours, seront de la partie, et Pau en sera probablement au c\u0153ur. Selon nos informations, une \u00e9tape in\u00e9dite pourrait ainsi partir de Pau pour arriver \u00e0 Gavarnie, au pied du cirque class\u00e9 au patrimoine mondial de l\u2019Unesco.<\/p>\n<p>Un peu plus tard, le samedi 11\u00a0juillet, la Dordogne sera \u00e0 l\u2019honneur avec une \u00e9tape 100\u00a0% p\u00e9rigordine. Le pr\u00e9sident du Conseil d\u00e9partemental Germinal Peiro l\u2019a fi\u00e8rement annonc\u00e9. Mais ce lundi encore, il refusait d\u2019en donner les sites d\u2019arriv\u00e9e et de d\u00e9part\u00a0: \u00ab\u00a0je laisse la primeur \u00e0 Christian Prudhomme\u00a0\u00bb. Bergerac et P\u00e9rigueux semblent toujours tenir la corde pour un d\u00e9part et une arriv\u00e9e, mais cette \u00e9tape carte postale devrait faire la part belle \u00e0 quelques hauts lieux touristiques\u00a0: Monpazier, le ch\u00e2teau de Biron ou les grottes de Montignac-Lascaux pourraient \u00eatre de la partie\u2026<\/p>\n<p>    Barcelone menac\u00e9e\u00a0?<br \/>\nLe Tour de France 2026 s\u2019\u00e9lancera-t-il vraiment de Barcelone\u00a0? Alors que le Tour d\u2019Espagne vient de s\u2019achever dans le chaos apr\u00e8s des manifestations pro-palestiniennes quasi quotidiennes contre l\u2019\u00e9quipe Israel PT, la question se pose. ASO (Amaury Sport Organisation), soci\u00e9t\u00e9 organisatrice du Tour, ne s\u2019est pas encore exprim\u00e9e sur le sujet. Mais la forte influence ind\u00e9pendantiste de gauche en Catalogne et les difficult\u00e9s qu\u2019ont rencontr\u00e9es les autorit\u00e9s espagnoles \u00e0 maintenir la s\u00e9curit\u00e9 sur la Vuelta ne sont pas de nature \u00e0 rassurer les organisateurs du Tour de France, une \u00e9preuve susceptible d\u2019offrir une caisse de r\u00e9sonance immense \u00e0 d\u2019\u00e9ventuels manifestants\u2026<\/p>\n","protected":false},"excerpt":{"rendered":"Alors que l\u2019automne se profile, c\u2019est toujours le m\u00eame petit jeu de cache-cache. Les organisateurs du Tour de&hellip;\n","protected":false},"author":2,"featured_media":393444,"comment_status":"","ping_status":"","sticky":false,"template":"","format":"standard","meta":{"footnotes":""},"categories":[2817],"tags":[1111,11,1997,1777,674,1011,27,12,2219,25],"class_list":{"0":"post-393443","1":"post","2":"type-post","3":"status-publish","4":"format-standard","5":"has-post-thumbnail","7":"category-bordeaux","8":"tag-actu","9":"tag-actualites","10":"tag-bordeaux","11":"tag-eu","12":"tag-europe","13":"tag-fr","14":"tag-france","15":"tag-news","16":"tag-nouvelle-aquitaine","17":"tag-republique-francaise"},"share_on_mastodon":{"url":"https:\/\/pubeurope.com\/@fr\/115210235596265468","error":""},"_links":{"self":[{"href":"https:\/\/www.europesays.com\/fr\/wp-json\/wp\/v2\/posts\/393443","targetHints":{"allow":["GET"]}}],"collection":[{"href":"https:\/\/www.europesays.com\/fr\/wp-json\/wp\/v2\/posts"}],"about":[{"href":"https:\/\/www.europesays.com\/fr\/wp-json\/wp\/v2\/types\/post"}],"author":[{"embeddable":true,"href":"https:\/\/www.europesays.com\/fr\/wp-json\/wp\/v2\/users\/2"}],"replies":[{"embeddable":true,"href":"https:\/\/www.europesays.com\/fr\/wp-json\/wp\/v2\/comments?post=393443"}],"version-history":[{"count":0,"href":"https:\/\/www.europesays.com\/fr\/wp-json\/wp\/v2\/posts\/393443\/revisions"}],"wp:featuredmedia":[{"embeddable":true,"href":"https:\/\/www.europesays.com\/fr\/wp-json\/wp\/v2\/media\/393444"}],"wp:attachment":[{"href":"https:\/\/www.europesays.com\/fr\/wp-json\/wp\/v2\/media?parent=393443"}],"wp:term":[{"taxonomy":"category","embeddable":true,"href":"https:\/\/www.europesays.com\/fr\/wp-json\/wp\/v2\/categories?post=393443"},{"taxonomy":"post_tag","embeddable":true,"href":"https:\/\/www.europesays.com\/fr\/wp-json\/wp\/v2\/tags?post=393443"}],"curies":[{"name":"wp","href":"https:\/\/api.w.org\/{rel}","templated":true}]}}