{"id":393449,"date":"2025-09-15T20:40:17","date_gmt":"2025-09-15T20:40:17","guid":{"rendered":"https:\/\/www.europesays.com\/fr\/393449\/"},"modified":"2025-09-15T20:40:17","modified_gmt":"2025-09-15T20:40:17","slug":"bon-plan-le-bazaar-cine-club-revient-a-lille-avec-ses-projections-cultes-a-5e-15-09-2025","status":"publish","type":"post","link":"https:\/\/www.europesays.com\/fr\/393449\/","title":{"rendered":"Bon plan : le Bazaar Cin\u00e9 Club revient \u00e0 Lille avec ses projections cultes \u00e0 5\u20ac &#8211; 15\/09\/2025"},"content":{"rendered":"<p>\n        Des films cultes, des transats et de quoi boire et manger en s&rsquo;en mettant plein les yeux. Le Bazaar St So relance son cin\u00e9 club \u00e0 hauteur d&rsquo;une s\u00e9ance par mois jusqu&rsquo;en d\u00e9cembre pour l&rsquo;instant. Premier film projet\u00e9 sur grand \u00e9cran : Pulp Fiction, ce mardi 16 septembre.<\/p>\n<p>Si vous n&rsquo;avez jamais vu Pulpe Fiction, vous le connaissez au moins par son nom, son affiche, sa sc\u00e8ne de danse entre Uma Thurman et John Travolta ou par des memes sur Internet. Bref, l&rsquo;\u0153uvre de Quentin Tarantino fait partie de la liste des films cultes (qui a \u00e9t\u00e9 r\u00e9compens\u00e9 par la Palme d&rsquo;or). Et devinez quoi ? Le Bazaar St So vous propose de le (re)mater sur grand \u00e9cran et \u00e0 petit prix, ce mardi 16 septembre, dans le cadre de son jeune cin\u00e9 club.<\/p>\n<p>\u00ab\u00a0On avait commenc\u00e9 par faire du cin\u00e9 en plein air avec Cin\u00e9Ligue l&rsquo;\u00e9t\u00e9 et puis en 2024, on a d\u00e9cid\u00e9 de faire d&rsquo;autres projections dans l&rsquo;ann\u00e9e\u00a0\u00bb, explique Estelle, responsable com&rsquo; du Bazaar St So.<\/p>\n<p>Quatre projections jusqu&rsquo;en d\u00e9cembre<\/p>\n<p>Pour la rentr\u00e9e 2025, le spot relance ses s\u00e9ances, avec un film culte par mois choisi par rapport \u00e0 un th\u00e8me. \u00ab\u00a0Pour l&rsquo;instant, on en a quatre de pr\u00e9vus jusqu&rsquo;en d\u00e9cembre, mais si \u00e7a marche, on continue en 2026.\u00a0\u00bb Voici la liste :\u00a0\u00a0<\/p>\n<p>5\u20ac la place<\/p>\n<p>Et parce qu&rsquo;on sait qu&rsquo;une place de cinoche n&rsquo;est pas donn\u00e9e, le Bazaar a d\u00e9cid\u00e9 de proposer ses projos \u00e0 5\u20ac. \u00ab\u00a0Si les spectateurs veulent un cornet de frites et une boisson en plus de leur place, on passe \u00e0 10\u20ac\u00a0\u00bb, ajoute Estelle. Si vous \u00eates frileux, ramenez vos plaids, mais sachez que les s\u00e9ances ont lieu en int\u00e9rieur, sur des transats. Attention, la jauge est limit\u00e9e \u00e0 200 places, donc ne tardez pas trop \u00e0 r\u00e9server a v\u00f4tre. On vous a mis la billetterie dans les infos pratiques.<\/p>\n","protected":false},"excerpt":{"rendered":"Des films cultes, des transats et de quoi boire et manger en s&rsquo;en mettant plein les yeux. Le&hellip;\n","protected":false},"author":2,"featured_media":393450,"comment_status":"","ping_status":"","sticky":false,"template":"","format":"standard","meta":{"footnotes":""},"categories":[2815],"tags":[1111,11,1777,674,1011,27,811,1307,12,25],"class_list":{"0":"post-393449","1":"post","2":"type-post","3":"status-publish","4":"format-standard","5":"has-post-thumbnail","7":"category-lille","8":"tag-actu","9":"tag-actualites","10":"tag-eu","11":"tag-europe","12":"tag-fr","13":"tag-france","14":"tag-hauts-de-france","15":"tag-lille","16":"tag-news","17":"tag-republique-francaise"},"share_on_mastodon":{"url":"https:\/\/pubeurope.com\/@fr\/115210251435780004","error":""},"_links":{"self":[{"href":"https:\/\/www.europesays.com\/fr\/wp-json\/wp\/v2\/posts\/393449","targetHints":{"allow":["GET"]}}],"collection":[{"href":"https:\/\/www.europesays.com\/fr\/wp-json\/wp\/v2\/posts"}],"about":[{"href":"https:\/\/www.europesays.com\/fr\/wp-json\/wp\/v2\/types\/post"}],"author":[{"embeddable":true,"href":"https:\/\/www.europesays.com\/fr\/wp-json\/wp\/v2\/users\/2"}],"replies":[{"embeddable":true,"href":"https:\/\/www.europesays.com\/fr\/wp-json\/wp\/v2\/comments?post=393449"}],"version-history":[{"count":0,"href":"https:\/\/www.europesays.com\/fr\/wp-json\/wp\/v2\/posts\/393449\/revisions"}],"wp:featuredmedia":[{"embeddable":true,"href":"https:\/\/www.europesays.com\/fr\/wp-json\/wp\/v2\/media\/393450"}],"wp:attachment":[{"href":"https:\/\/www.europesays.com\/fr\/wp-json\/wp\/v2\/media?parent=393449"}],"wp:term":[{"taxonomy":"category","embeddable":true,"href":"https:\/\/www.europesays.com\/fr\/wp-json\/wp\/v2\/categories?post=393449"},{"taxonomy":"post_tag","embeddable":true,"href":"https:\/\/www.europesays.com\/fr\/wp-json\/wp\/v2\/tags?post=393449"}],"curies":[{"name":"wp","href":"https:\/\/api.w.org\/{rel}","templated":true}]}}