{"id":393451,"date":"2025-09-15T20:41:23","date_gmt":"2025-09-15T20:41:23","guid":{"rendered":"https:\/\/www.europesays.com\/fr\/393451\/"},"modified":"2025-09-15T20:41:23","modified_gmt":"2025-09-15T20:41:23","slug":"lintelligence-artificielle-au-service-des-patients-au-chu-de-lille","status":"publish","type":"post","link":"https:\/\/www.europesays.com\/fr\/393451\/","title":{"rendered":"L&rsquo;intelligence artificielle au service des patients au CHU de Lille"},"content":{"rendered":"<p>Les m\u00e9decins du service d\u00e9di\u00e9 \u00e0 l&rsquo;analyse des pr\u00e9l\u00e8vements de tissus des malades ont d\u00e9laiss\u00e9 leurs microscopes pour passer \u00e0 100% sur l&rsquo;ordinateur. Ils s&rsquo;appuient \u00e9galement sur l&rsquo;intelligence artificielle. A la clef\u00a0: plus de rapidit\u00e9 et plus de pr\u00e9cision, au b\u00e9n\u00e9fice du malade. <\/p>\n<p>Quand le num\u00e9rique et l&rsquo;intelligence artificielle s&rsquo;invitent au CHU de Lille pour livrer des diagnostics plus rapides et plus pr\u00e9cis!\u00a0Cette r\u00e9volution concerne le service d&rsquo;Anatomie et Cytologie Pathologiques du CHU, autrement dit le service qui analyse les pr\u00e9l\u00e8vements de des patients, c&rsquo;est-\u00e0-dire tous les pr\u00e9l\u00e8vements tissulaires ou cellulaires mais pas les prises de sang.\u00a0 <strong>Jusqu&rsquo;\u00e0 pr\u00e9sent, les vingt m\u00e9decins du service analysaient chaque ann\u00e9e pas moins de 50.000 pr\u00e9l\u00e8vements au microscope!<\/strong><\/p>\n<p>loading<\/p>\n<p>D\u00e9sormais, <strong>ces pr\u00e9l\u00e8vements sont scann\u00e9s et pass\u00e9s dans des logiciels d&rsquo;intelligence artificielle ce qui permet un important gain de temps puisqu&rsquo;il y a beaucoup moins de manipulations\u00a0 mais aussi une plus grande pr\u00e9cision dans les analyses.<\/strong>\u00a0Le professeur Emmanuelle Leteurtre, chef du service d&rsquo;Anatomie et Cytologie pathologique du CHU l&rsquo;explique\u00a0: \u00a0\u00bb Avec le num\u00e9rique et l&rsquo;intelligence artificielle, le r\u00e9sultat de notre travail est beaucoup plus pr\u00e9cis car nous, m\u00e9decins, sommes aid\u00e9s par certains \u00e9l\u00e9ments que l&rsquo;on voit. <strong>Cette quantification, quand elle est faite par un humain, est soumise \u00e0 une petite variabilit\u00e9. La fatigue du m\u00e9decin peut avoir un impact, le choix de la zone analys\u00e9e, le nombre d&rsquo;\u00e9l\u00e9ments que l&rsquo;on compte sur un pr\u00e9l\u00e8vement peut \u00eatre variable.<\/strong> Le num\u00e9rique et l&rsquo;intelligence artificielle apportent une r\u00e9ponse plus fiable, standardis\u00e9e. \u00ab\u00a0<\/p>\n<p><img loading=\"lazy\" decoding=\"async\" class=\"VisualPreview svelte-1rldrkz\" src=\"data:image\/jpeg;base64,\/9j\/2wBDACgcHiMeGSgjISMtKygwPGRBPDc3PHtYXUlkkYCZlo+AjIqgtObDoKrarYqMyP\/L2u71\/\/\/\/m8H\/\/\/\/6\/+b9\/\/j\/2wBDASstLTw1PHZBQXb4pYyl+Pj4+Pj4+Pj4+Pj4+Pj4+Pj4+Pj4+Pj4+Pj4+Pj4+Pj4+Pj4+Pj4+Pj4+Pj4+Pj4+Pj\/wAARCAAfACoDASIAAhEBAxEB\/8QAGAABAQEBAQAAAAAAAAAAAAAAAgMBBAD\/xAAYEAEBAQEBAAAAAAAAAAAAAAAAAQISEf\/EABYBAQEBAAAAAAAAAAAAAAAAAAABAv\/EABQRAQAAAAAAAAAAAAAAAAAAAAD\/2gAMAwEAAhEDEQA\/AO6QnhtRoumdJ3Q9gt61LOj9Ebanulqo7oDrQdDuh6DpxpTpz4qvoP\/Z\" alt=\"Professeur Emmanuelle Leteurtre, chef du service d'Anatomie et Cytologie pathologiques au CHU de Lille\" width=\"600\" height=\"450\"\/>  Professeur Emmanuelle Leteurtre, chef du service d&rsquo;Anatomie et Cytologie pathologiques au CHU de Lille \u00a9 Radio France &#8211; Odile Senellart<\/p>\n<p>Elle explique que dans certains cas, tel ou tel traitement est prescrit en fonction de la quantit\u00e9 de \u00ab\u00a0marqueurs\u00a0\u00bb trouv\u00e9s dans l&rsquo;\u00e9chantillon, avec + ou &#8211; 5% par exemple. Ca, la machine le fait de fa\u00e7on beaucoup plus reproductible que ne peut le faire l&rsquo;humain. Cela permet donc d&rsquo;adapter de fa\u00e7on plus fine, plus pertinente le traitement pour chaque patient.<\/p>\n<p><img loading=\"lazy\" decoding=\"async\" class=\"VisualPreview svelte-1rldrkz\" src=\"data:image\/jpeg;base64,\/9j\/2wBDACgcHiMeGSgjISMtKygwPGRBPDc3PHtYXUlkkYCZlo+AjIqgtObDoKrarYqMyP\/L2u71\/\/\/\/m8H\/\/\/\/6\/+b9\/\/j\/2wBDASstLTw1PHZBQXb4pYyl+Pj4+Pj4+Pj4+Pj4+Pj4+Pj4+Pj4+Pj4+Pj4+Pj4+Pj4+Pj4+Pj4+Pj4+Pj4+Pj4+Pj\/wAARCAAfACoDASIAAhEBAxEB\/8QAFwABAQEBAAAAAAAAAAAAAAAAAgABBP\/EABYQAQEBAAAAAAAAAAAAAAAAAAABEf\/EABYBAQEBAAAAAAAAAAAAAAAAAAEAAv\/EABQRAQAAAAAAAAAAAAAAAAAAAAD\/2gAMAwEAAhEDEQA\/AOeFBhQE4lFQ0FHSoBFIUjZCxoMVbjKEFZhLEX\/\/2Q==\" alt=\"Les lames de verre sur lesquelles sont d\u00e9pos\u00e9es les pr\u00e9l\u00e8vements sont pass\u00e9es dans un scanner qui les num\u00e9rise\" width=\"600\" height=\"450\"\/>  Les lames de verre sur lesquelles sont d\u00e9pos\u00e9es les pr\u00e9l\u00e8vements sont pass\u00e9es dans un scanner qui les num\u00e9rise \u00a9 Radio France &#8211; Odile Senellart<\/p>\n<p>L&rsquo;analyse des pr\u00e9l\u00e8vements permet de d\u00e9terminer quelle est la maladie pr\u00e9sente, son degr\u00e9 de gravit\u00e9 et d&rsquo;aider \u00e0 choisir le meilleur traitement pour le patient. <strong>Sur la base de ces analyses, le m\u00e9decin peut proposer le traitement le mieux adapt\u00e9 au patient pour des maladies tels que les cancers, les lymphomes, les maladies du rein, etc.<\/strong> De nombreux progr\u00e8s sont encore attendus gr\u00e2ce aux apports de l&rsquo;intelligence artificielle\u00a0: ils pourraient notamment permettre \u00e0 l&rsquo;avenir de d\u00e9couvrir des cancers \u00e0 un stade plus pr\u00e9coce.<\/p>\n","protected":false},"excerpt":{"rendered":"Les m\u00e9decins du service d\u00e9di\u00e9 \u00e0 l&rsquo;analyse des pr\u00e9l\u00e8vements de tissus des malades ont d\u00e9laiss\u00e9 leurs microscopes pour&hellip;\n","protected":false},"author":2,"featured_media":393452,"comment_status":"","ping_status":"","sticky":false,"template":"","format":"standard","meta":{"footnotes":""},"categories":[2815],"tags":[1111,11,1777,674,1011,27,811,1307,12,25],"class_list":{"0":"post-393451","1":"post","2":"type-post","3":"status-publish","4":"format-standard","5":"has-post-thumbnail","7":"category-lille","8":"tag-actu","9":"tag-actualites","10":"tag-eu","11":"tag-europe","12":"tag-fr","13":"tag-france","14":"tag-hauts-de-france","15":"tag-lille","16":"tag-news","17":"tag-republique-francaise"},"share_on_mastodon":{"url":"https:\/\/pubeurope.com\/@fr\/115210255453518059","error":""},"_links":{"self":[{"href":"https:\/\/www.europesays.com\/fr\/wp-json\/wp\/v2\/posts\/393451","targetHints":{"allow":["GET"]}}],"collection":[{"href":"https:\/\/www.europesays.com\/fr\/wp-json\/wp\/v2\/posts"}],"about":[{"href":"https:\/\/www.europesays.com\/fr\/wp-json\/wp\/v2\/types\/post"}],"author":[{"embeddable":true,"href":"https:\/\/www.europesays.com\/fr\/wp-json\/wp\/v2\/users\/2"}],"replies":[{"embeddable":true,"href":"https:\/\/www.europesays.com\/fr\/wp-json\/wp\/v2\/comments?post=393451"}],"version-history":[{"count":0,"href":"https:\/\/www.europesays.com\/fr\/wp-json\/wp\/v2\/posts\/393451\/revisions"}],"wp:featuredmedia":[{"embeddable":true,"href":"https:\/\/www.europesays.com\/fr\/wp-json\/wp\/v2\/media\/393452"}],"wp:attachment":[{"href":"https:\/\/www.europesays.com\/fr\/wp-json\/wp\/v2\/media?parent=393451"}],"wp:term":[{"taxonomy":"category","embeddable":true,"href":"https:\/\/www.europesays.com\/fr\/wp-json\/wp\/v2\/categories?post=393451"},{"taxonomy":"post_tag","embeddable":true,"href":"https:\/\/www.europesays.com\/fr\/wp-json\/wp\/v2\/tags?post=393451"}],"curies":[{"name":"wp","href":"https:\/\/api.w.org\/{rel}","templated":true}]}}