{"id":393454,"date":"2025-09-15T20:43:17","date_gmt":"2025-09-15T20:43:17","guid":{"rendered":"https:\/\/www.europesays.com\/fr\/393454\/"},"modified":"2025-09-15T20:43:17","modified_gmt":"2025-09-15T20:43:17","slug":"la-parole-aux-habitants-de-saint-louis-quelles-sont-vos-envies-pour-ameliorer-ce-quartier","status":"publish","type":"post","link":"https:\/\/www.europesays.com\/fr\/393454\/","title":{"rendered":"la parole aux habitants de Saint-Louis, quelles sont vos envies pour am\u00e9liorer ce quartier ?"},"content":{"rendered":"<p>\u00ab\u00a0La Provence\u00a0\u00bb investit un quartier de Marseille chaque semaine : ce lundi 22 septembre, notre focus sera consacr\u00e9 \u00e0 Saint-Louis (15e).\u00a0<\/p>\n<p>Coinc\u00e9 entre l&rsquo;A7 et l&rsquo;A55, le quartier ne semble qu&rsquo;un trait d&rsquo;union entre le centre-ville et l&rsquo;extr\u00eame nord de la ville. Connu pour ses anciens abattoirs, son aqueduc, son usine de sucre ou son cimeti\u00e8re, son noyau villageois ne semble pas avoir boug\u00e9 depuis des d\u00e9cennies.\u00a0<\/p>\n<p>Faites nous part de vos attentes pour Saint-Louis et d\u00e9crivez nous les probl\u00e9matiques rencontr\u00e9es par ses habitants : dynamisme commercial, s\u00e9curit\u00e9, logement, embouteillages, \u00e9quipements publics et lieux culturels, \u00e9tablissements scolaires\u2026<\/p>\n<p>Quels sont les atouts et les manques de votre quartier ? Et quels projets pourraient participer \u00e0 am\u00e9liorer votre cadre de vie ? Vous habitez ou travaillez \u00e0 Saint-Louis et avez des id\u00e9es pour am\u00e9liorer votre quartier ? Faites nous en part !<\/p>\n","protected":false},"excerpt":{"rendered":"\u00ab\u00a0La Provence\u00a0\u00bb investit un quartier de Marseille chaque semaine : ce lundi 22 septembre, notre focus sera consacr\u00e9&hellip;\n","protected":false},"author":2,"featured_media":393455,"comment_status":"","ping_status":"","sticky":false,"template":"","format":"standard","meta":{"footnotes":""},"categories":[2814],"tags":[17,1111,11,1007,1102,1777,674,1011,27,4021,884,12,866,882,4022,16,25,13969,3333],"class_list":{"0":"post-393454","1":"post","2":"type-post","3":"status-publish","4":"format-standard","5":"has-post-thumbnail","7":"category-marseille","8":"tag-17","9":"tag-actu","10":"tag-actualites","11":"tag-aux","12":"tag-breakingnews","13":"tag-eu","14":"tag-europe","15":"tag-fr","16":"tag-france","17":"tag-habitants","18":"tag-marseille","19":"tag-news","20":"tag-parole","21":"tag-provence-alpes-cote-dazur","22":"tag-quelles","23":"tag-region","24":"tag-republique-francaise","25":"tag-saint-louis","26":"tag-sont"},"share_on_mastodon":{"url":"https:\/\/pubeurope.com\/@fr\/115210263202661540","error":""},"_links":{"self":[{"href":"https:\/\/www.europesays.com\/fr\/wp-json\/wp\/v2\/posts\/393454","targetHints":{"allow":["GET"]}}],"collection":[{"href":"https:\/\/www.europesays.com\/fr\/wp-json\/wp\/v2\/posts"}],"about":[{"href":"https:\/\/www.europesays.com\/fr\/wp-json\/wp\/v2\/types\/post"}],"author":[{"embeddable":true,"href":"https:\/\/www.europesays.com\/fr\/wp-json\/wp\/v2\/users\/2"}],"replies":[{"embeddable":true,"href":"https:\/\/www.europesays.com\/fr\/wp-json\/wp\/v2\/comments?post=393454"}],"version-history":[{"count":0,"href":"https:\/\/www.europesays.com\/fr\/wp-json\/wp\/v2\/posts\/393454\/revisions"}],"wp:featuredmedia":[{"embeddable":true,"href":"https:\/\/www.europesays.com\/fr\/wp-json\/wp\/v2\/media\/393455"}],"wp:attachment":[{"href":"https:\/\/www.europesays.com\/fr\/wp-json\/wp\/v2\/media?parent=393454"}],"wp:term":[{"taxonomy":"category","embeddable":true,"href":"https:\/\/www.europesays.com\/fr\/wp-json\/wp\/v2\/categories?post=393454"},{"taxonomy":"post_tag","embeddable":true,"href":"https:\/\/www.europesays.com\/fr\/wp-json\/wp\/v2\/tags?post=393454"}],"curies":[{"name":"wp","href":"https:\/\/api.w.org\/{rel}","templated":true}]}}