{"id":393456,"date":"2025-09-15T20:44:18","date_gmt":"2025-09-15T20:44:18","guid":{"rendered":"https:\/\/www.europesays.com\/fr\/393456\/"},"modified":"2025-09-15T20:44:18","modified_gmt":"2025-09-15T20:44:18","slug":"un-mandat-de-depot-des-bracelets-electroniques-et-des-peines-avec-sursis","status":"publish","type":"post","link":"https:\/\/www.europesays.com\/fr\/393456\/","title":{"rendered":"un mandat de d\u00e9p\u00f4t, des bracelets \u00e9lectroniques et des peines avec sursis"},"content":{"rendered":"<p>Violences sur des policiers, d\u00e9gradations, port ou transport d\u2019artifices, r\u00e9bellion, participation \u00e0 un groupement form\u00e9 en vue de la pr\u00e9paration de violences contre les personnes ou de destructions de biens\u00a0: telles sont les principales infractions reproch\u00e9es aux sept personnes condamn\u00e9es vendredi en comparution imm\u00e9diate, selon les informations communiqu\u00e9es ce lundi par le parquet de Lyon.<\/p>\n<p>Lors de l\u2019audience de la 14e chambre, un pr\u00e9venu a \u00e9t\u00e9 condamn\u00e9 une peine de huit mois d\u2019emprisonnement avec mandat de d\u00e9p\u00f4t. Deux autres pr\u00e9venus ont \u00e9t\u00e9 condamn\u00e9s respectivement \u00e0 des peines d\u2019un an et six mois d\u2019emprisonnement, am\u00e9nag\u00e9es sous la forme d\u2019une d\u00e9tention \u00e0 domicile sous bracelet \u00e9lectronique.<\/p>\n<p>Des interdications de participer \u00e0 des manifestations<\/p>\n<p>Un pr\u00e9venu a \u00e9t\u00e9 condamn\u00e9 \u00e0 six mois d\u2019emprisonnement, sans mandat de d\u00e9p\u00f4t et deux autres se sont vu infliger des peines de six et huit mois de prison avec sursis probatoire pendant deux ans. Enfin, un pr\u00e9venu a \u00e9t\u00e9 condamn\u00e9 \u00e0 six mois avec sursis.<\/p>\n<p>Le tribunal correctionnel a \u00e9galement prononc\u00e9 des peines compl\u00e9mentaires, notamment des interdictions de participer \u00e0 des manifestations, de para\u00eetre \u00e0 Lyon, de porter ou d\u00e9tenir une arme et des privations du droit d\u2019\u00e9ligibilit\u00e9.<\/p>\n","protected":false},"excerpt":{"rendered":"Violences sur des policiers, d\u00e9gradations, port ou transport d\u2019artifices, r\u00e9bellion, participation \u00e0 un groupement form\u00e9 en vue de&hellip;\n","protected":false},"author":2,"featured_media":393457,"comment_status":"","ping_status":"","sticky":false,"template":"","format":"standard","meta":{"footnotes":""},"categories":[1889],"tags":[1111,11,2430,271,272,2757,1777,674,274,107,1011,27,2428,2756,12,25,2429],"class_list":{"0":"post-393456","1":"post","2":"type-post","3":"status-publish","4":"format-standard","5":"has-post-thumbnail","7":"category-lyon","8":"tag-actu","9":"tag-actualites","10":"tag-auvergne-rhone-alpes","11":"tag-crime","12":"tag-delit-et-contravention","13":"tag-edition-lyon-villeurbanne","14":"tag-eu","15":"tag-europe","16":"tag-faits-divers-justice","17":"tag-fil-info","18":"tag-fr","19":"tag-france","20":"tag-lyon","21":"tag-lyon-bassin","22":"tag-news","23":"tag-republique-francaise","24":"tag-rhone"},"share_on_mastodon":{"url":"https:\/\/pubeurope.com\/@fr\/115210267128177141","error":""},"_links":{"self":[{"href":"https:\/\/www.europesays.com\/fr\/wp-json\/wp\/v2\/posts\/393456","targetHints":{"allow":["GET"]}}],"collection":[{"href":"https:\/\/www.europesays.com\/fr\/wp-json\/wp\/v2\/posts"}],"about":[{"href":"https:\/\/www.europesays.com\/fr\/wp-json\/wp\/v2\/types\/post"}],"author":[{"embeddable":true,"href":"https:\/\/www.europesays.com\/fr\/wp-json\/wp\/v2\/users\/2"}],"replies":[{"embeddable":true,"href":"https:\/\/www.europesays.com\/fr\/wp-json\/wp\/v2\/comments?post=393456"}],"version-history":[{"count":0,"href":"https:\/\/www.europesays.com\/fr\/wp-json\/wp\/v2\/posts\/393456\/revisions"}],"wp:featuredmedia":[{"embeddable":true,"href":"https:\/\/www.europesays.com\/fr\/wp-json\/wp\/v2\/media\/393457"}],"wp:attachment":[{"href":"https:\/\/www.europesays.com\/fr\/wp-json\/wp\/v2\/media?parent=393456"}],"wp:term":[{"taxonomy":"category","embeddable":true,"href":"https:\/\/www.europesays.com\/fr\/wp-json\/wp\/v2\/categories?post=393456"},{"taxonomy":"post_tag","embeddable":true,"href":"https:\/\/www.europesays.com\/fr\/wp-json\/wp\/v2\/tags?post=393456"}],"curies":[{"name":"wp","href":"https:\/\/api.w.org\/{rel}","templated":true}]}}