{"id":393460,"date":"2025-09-15T20:47:11","date_gmt":"2025-09-15T20:47:11","guid":{"rendered":"https:\/\/www.europesays.com\/fr\/393460\/"},"modified":"2025-09-15T20:47:11","modified_gmt":"2025-09-15T20:47:11","slug":"greve-ratp-le-18-septembre-fo-anticipe-une-journee-noire-avec-des-lignes-a-larret-et-dautres-partiellement-ouvertes","status":"publish","type":"post","link":"https:\/\/www.europesays.com\/fr\/393460\/","title":{"rendered":"Gr\u00e8ve RATP le 18\u00a0septembre\u00a0: FO anticipe une \u00ab\u00a0journ\u00e9e noire\u00a0\u00bb, avec des \u00ab\u00a0lignes \u00e0 l\u2019arr\u00eat et d\u2019autres partiellement ouvertes\u00a0\u00bb"},"content":{"rendered":"<p class=\"paragraph text_align_left lp-f-body-02\">Les pr\u00e9visions de circulation pr\u00e9cises seront connues mardi, en fin de journ\u00e9e. Dans un communiqu\u00e9 de presse, le syndicat Force ouvri\u00e8re (FO) pr\u00e9voit <a href=\"https:\/\/www.leparisien.fr\/faits-divers\/18-septembre-une-forte-mobilisation-attendue-des-centaines-de-radicaux-attendus-dans-les-corteges-15-09-2025-6SCAPOCES5CDXDKW355VPFMDIM.php\" target=\"_blank\" rel=\"noreferrer noopener\">ce jeudi 18 septembre<\/a> une \u00ab journ\u00e9e noire \u00bb sur le r\u00e9seau RATP, disant recenser ce lundi midi \u00ab plus de 80 % du personnel de conduite \u00bb qui se seraient d\u00e9j\u00e0 d\u00e9clar\u00e9s gr\u00e9vistes. \u00ab Des lignes \u00e0 l\u2019arr\u00eat et d\u2019autres partiellement ouvertes \u00bb, pr\u00e9voit le syndicat.<\/p>\n<p class=\"paragraph text_align_left lp-f-body-02\">Le 18 septembre doit marquer une journ\u00e9e de mobilisation \u00e0 l\u2019appel de tous les syndicats contre le budget 2026 et la politique d\u2019Emmanuel Macron.<\/p>\n<p class=\"paragraph text_align_left lp-f-body-02\">FO RATP, dans son communiqu\u00e9, demande \u00e9galement \u00ab l\u2019arr\u00eat imm\u00e9diatement du d\u00e9mant\u00e8lement du groupe RATP par IDFM \u00bb, des augmentations de salaires et \u00ab le maintien d\u2019un v\u00e9ritable dialogue social \u00bb \u00e0 la RATP.<\/p>\n<p>Mobilisation importante en vue <\/p>\n<p class=\"paragraph text_align_left lp-f-body-02\">Les autorit\u00e9s s\u2019attendent \u00e0 une mobilisation plus importante pour la journ\u00e9e d\u2019action intersyndicale pr\u00e9vue jeudi que <a href=\"https:\/\/www.leparisien.fr\/economie\/bloquons-tout-de-nouveaux-rassemblements-a-travers-la-france-ce-samedi-avec-une-mobilisation-nettement-reduite-13-09-2025-5SIJZMMBHRHM3IGRURCYVAE76E.php\" target=\"_blank\" rel=\"noreferrer noopener\">lors du mouvement Bloquons tout du 10 septembre<\/a>. Jeudi dernier, le trafic avait ainsi \u00e9t\u00e9 normal dans le m\u00e9tro parisien, mais avait pu \u00eatre perturb\u00e9 dans les RER et Transilien.<\/p>\n<p class=\"paragraph text_align_left lp-f-body-02\">Pour cette nouvelle journ\u00e9e de mobilisation, selon des sources interrog\u00e9es par l\u2019AFP, les services de renseignement \u00e9voquent une \u00ab menace hybride \u00bb, c\u2019est-\u00e0-dire des actions coups de poing d\u00e8s la veille au soir ou t\u00f4t le matin, une partie syndicale constitu\u00e9e des cort\u00e8ges classiques et une s\u00e9quence \u00ab plus politique \u00bb emmen\u00e9e par des \u00ab militants de La France insoumise \u00bb notamment.<\/p>\n","protected":false},"excerpt":{"rendered":"Les pr\u00e9visions de circulation pr\u00e9cises seront connues mardi, en fin de journ\u00e9e. Dans un communiqu\u00e9 de presse, le&hellip;\n","protected":false},"author":2,"featured_media":393461,"comment_status":"","ping_status":"","sticky":false,"template":"","format":"standard","meta":{"footnotes":""},"categories":[1592],"tags":[1111,11,1777,674,1011,27,662,1944,12,626,25,2382],"class_list":{"0":"post-393460","1":"post","2":"type-post","3":"status-publish","4":"format-standard","5":"has-post-thumbnail","7":"category-ile-de-france","8":"tag-actu","9":"tag-actualites","10":"tag-eu","11":"tag-europe","12":"tag-fr","13":"tag-france","14":"tag-ile-de-france","15":"tag-ma-ville","16":"tag-news","17":"tag-paris","18":"tag-republique-francaise","19":"tag-transport-idf-oise"},"share_on_mastodon":{"url":"https:\/\/pubeurope.com\/@fr\/115210278965165770","error":""},"_links":{"self":[{"href":"https:\/\/www.europesays.com\/fr\/wp-json\/wp\/v2\/posts\/393460","targetHints":{"allow":["GET"]}}],"collection":[{"href":"https:\/\/www.europesays.com\/fr\/wp-json\/wp\/v2\/posts"}],"about":[{"href":"https:\/\/www.europesays.com\/fr\/wp-json\/wp\/v2\/types\/post"}],"author":[{"embeddable":true,"href":"https:\/\/www.europesays.com\/fr\/wp-json\/wp\/v2\/users\/2"}],"replies":[{"embeddable":true,"href":"https:\/\/www.europesays.com\/fr\/wp-json\/wp\/v2\/comments?post=393460"}],"version-history":[{"count":0,"href":"https:\/\/www.europesays.com\/fr\/wp-json\/wp\/v2\/posts\/393460\/revisions"}],"wp:featuredmedia":[{"embeddable":true,"href":"https:\/\/www.europesays.com\/fr\/wp-json\/wp\/v2\/media\/393461"}],"wp:attachment":[{"href":"https:\/\/www.europesays.com\/fr\/wp-json\/wp\/v2\/media?parent=393460"}],"wp:term":[{"taxonomy":"category","embeddable":true,"href":"https:\/\/www.europesays.com\/fr\/wp-json\/wp\/v2\/categories?post=393460"},{"taxonomy":"post_tag","embeddable":true,"href":"https:\/\/www.europesays.com\/fr\/wp-json\/wp\/v2\/tags?post=393460"}],"curies":[{"name":"wp","href":"https:\/\/api.w.org\/{rel}","templated":true}]}}