{"id":393470,"date":"2025-09-15T20:52:15","date_gmt":"2025-09-15T20:52:15","guid":{"rendered":"https:\/\/www.europesays.com\/fr\/393470\/"},"modified":"2025-09-15T20:52:15","modified_gmt":"2025-09-15T20:52:15","slug":"les-enfants-de-migrants-refoules-des-ecoles-publiques-russes","status":"publish","type":"post","link":"https:\/\/www.europesays.com\/fr\/393470\/","title":{"rendered":"Les enfants de migrants refoul\u00e9s des \u00e9coles publiques russes"},"content":{"rendered":"\n<p>\u201cOn m\u2019a dit que mon fils ne connaissait pas assez bien le russe. Il n\u2019a donc pas \u00e9t\u00e9 accept\u00e9. Je voulais juste que mes enfants soient avec nous, ici en Russie, o\u00f9 on a d\u00e9m\u00e9nag\u00e9 avec mon mari il y a deux ans, souffle Gulsara, <a class=\"ithalc\" data-ithal=\"lien_externe\" data-ithalc=\"[nav_article]\" target=\"_blank\" href=\"https:\/\/rus.azattyq.org\/a\/rossiyskaya-kampaniya-protiv-migrantov-dokatilas-do-detey\/33527664.html\" rel=\"nofollow noopener\">interrog\u00e9e par <strong>Radio Azattyq<\/strong><\/a><strong>. <\/strong>Maintenant, je pense apprendre le russe ici et ensuite y retourner.\u201d Comme des milliers d\u2019autres parents \u00e0 qui l\u2019acc\u00e8s \u00e0 l\u2019\u00e9cole a \u00e9t\u00e9 refus\u00e9, cette m\u00e8re de famille venue du Tadjikistan n\u2019a pas eu d\u2019autre choix que de renoncer \u00e0 son projet d\u2019installation en Russie.<\/p>\n<p>Depuis le 1er\u00a0septembre 2025, tout enfant \u00e9tranger souhaitant int\u00e9grer l\u2019\u00e9cole publique russe doit r\u00e9ussir un test de langue. <a class=\"ithalc\" data-ithal=\"lien_externe\" data-ithalc=\"[nav_article]\" target=\"_blank\" href=\"https:\/\/www.kommersant.ru\/doc\/8025458\" rel=\"nofollow noopener\">Comme le d\u00e9taille le quotidien \u00e9conomique russe <strong>Kommersant<\/strong><\/a><strong>,<\/strong> seuls 8\u00a0223 enfants sur 23\u00a0616\u00a0inscrits par leurs parents dans un \u00e9tablissement scolaire ont re\u00e7u l\u2019autorisation de se pr\u00e9senter au test entre avril et ao\u00fbt, en raison de dossiers jug\u00e9s incomplets. Finalement, seuls 2\u00a0964 enfants l\u2019ont r\u00e9ussi, soit 12,5\u00a0% du total initial. Autrement dit, pr\u00e8s de 9\u00a0enfants \u00e9trangers sur 10 n\u2019ont pas pu franchir les nouvelles barri\u00e8res mises en place par l\u2019administration scolaire russe.<\/p>\n<p> Un exercice complexe <\/p>\n<p>L\u2019examen, long de quatre-vingt\u00a0minutes, se compose de questions orales pour le primaire, et d\u2019\u00e9preuves orales et \u00e9crites pour les niveaux sup\u00e9rieurs.<\/p>\n","protected":false},"excerpt":{"rendered":"\u201cOn m\u2019a dit que mon fils ne connaissait pas assez bien le russe. Il n\u2019a donc pas \u00e9t\u00e9&hellip;\n","protected":false},"author":2,"featured_media":393471,"comment_status":"","ping_status":"","sticky":false,"template":"","format":"standard","meta":{"footnotes":""},"categories":[1591],"tags":[11,1719,674,1887,19865,12,1885,1886,132,1857,11084],"class_list":{"0":"post-393470","1":"post","2":"type-post","3":"status-publish","4":"format-standard","5":"has-post-thumbnail","7":"category-russie","8":"tag-actualites","9":"tag-enfants","10":"tag-europe","11":"tag-federation-de-russie","12":"tag-migrants-et-flux-migratoires","13":"tag-news","14":"tag-russia","15":"tag-russian-federation","16":"tag-russie","17":"tag-sociu00e9tu00e9","18":"tag-u00e9ducation"},"share_on_mastodon":{"url":"https:\/\/pubeurope.com\/@fr\/115210298563846168","error":""},"_links":{"self":[{"href":"https:\/\/www.europesays.com\/fr\/wp-json\/wp\/v2\/posts\/393470","targetHints":{"allow":["GET"]}}],"collection":[{"href":"https:\/\/www.europesays.com\/fr\/wp-json\/wp\/v2\/posts"}],"about":[{"href":"https:\/\/www.europesays.com\/fr\/wp-json\/wp\/v2\/types\/post"}],"author":[{"embeddable":true,"href":"https:\/\/www.europesays.com\/fr\/wp-json\/wp\/v2\/users\/2"}],"replies":[{"embeddable":true,"href":"https:\/\/www.europesays.com\/fr\/wp-json\/wp\/v2\/comments?post=393470"}],"version-history":[{"count":0,"href":"https:\/\/www.europesays.com\/fr\/wp-json\/wp\/v2\/posts\/393470\/revisions"}],"wp:featuredmedia":[{"embeddable":true,"href":"https:\/\/www.europesays.com\/fr\/wp-json\/wp\/v2\/media\/393471"}],"wp:attachment":[{"href":"https:\/\/www.europesays.com\/fr\/wp-json\/wp\/v2\/media?parent=393470"}],"wp:term":[{"taxonomy":"category","embeddable":true,"href":"https:\/\/www.europesays.com\/fr\/wp-json\/wp\/v2\/categories?post=393470"},{"taxonomy":"post_tag","embeddable":true,"href":"https:\/\/www.europesays.com\/fr\/wp-json\/wp\/v2\/tags?post=393470"}],"curies":[{"name":"wp","href":"https:\/\/api.w.org\/{rel}","templated":true}]}}