{"id":393490,"date":"2025-09-15T21:04:12","date_gmt":"2025-09-15T21:04:12","guid":{"rendered":"https:\/\/www.europesays.com\/fr\/393490\/"},"modified":"2025-09-15T21:04:12","modified_gmt":"2025-09-15T21:04:12","slug":"rugby-yannick-bru-pointe-la-desolidarisation-de-certains-bordelais-lalerte-est-donnee","status":"publish","type":"post","link":"https:\/\/www.europesays.com\/fr\/393490\/","title":{"rendered":"RUGBY. Yannick Bru pointe la \u00ab\u00a0d\u00e9solidarisation\u00a0\u00bb de certains Bordelais : l\u2019alerte est donn\u00e9e"},"content":{"rendered":"<p data-start=\"858\" data-end=\"1324\">La soir\u00e9e avait mal commenc\u00e9, elle s\u2019est mal termin\u00e9e.<\/p>\n<p data-start=\"858\" data-end=\"1324\">Dimanche soir \u00e0 la <a href=\"https:\/\/www.lerugbynistere.fr\/clubs\/stade-francais.php\" ui-sref=\"app.team({teamId: 40})\" alt=\"Paris\" data-route=\"app.team\" data-param=\"teamId\" data-id=\"40\" rel=\"nofollow noopener\" target=\"_blank\">Paris<\/a> La D\u00e9fense Arena,<strong> l\u2019Union <a href=\"https:\/\/www.lerugbynistere.fr\/clubs\/ubb-bordeaux-begles.php\" ui-sref=\"app.team({teamId: 32})\" alt=\"Bordeaux\" data-route=\"app.team\" data-param=\"teamId\" data-id=\"32\" rel=\"nofollow noopener\" target=\"_blank\">Bordeaux<\/a>-B\u00e8gles a pris une \u00e9norme claque en ouverture de la 2e journ\u00e9e du <a href=\"https:\/\/www.lerugbynistere.fr\/championnats\/top-14\" ui-sref=\"app.competition({competitionId: 1})\" alt=\"Top 14\" data-route=\"app.competition\" data-param=\"competitionId\" data-id=\"1\" rel=\"nofollow noopener\" target=\"_blank\">Top 14<\/a>.<\/strong> En 18 minutes, le Racing avait d\u00e9j\u00e0 franchi la ligne quatre fois, assommant des Bordelais d\u00e9pass\u00e9s (28-3). Le score final (44-32) para\u00eet presque flatteur tant les champions d\u2019Europe sont pass\u00e9s \u00e0 c\u00f4t\u00e9 de leur d\u00e9but de match. Et Yannick Bru n\u2019a pas cherch\u00e9 \u00e0 minimiser l\u2019\u00e9chec.<\/p>\n<blockquote class=\"twitter-tweet\"><p>&#13;<\/p>\n<p lang=\"fr\" dir=\"ltr\">Largement battu sur la pelouse du Racing dimanche soir (44-22), l&rsquo;UBB a notamment manqu\u00e9 son entame. Yannick Bru regrette les attitudes de certains de ses joueurs. <a href=\"https:\/\/t.co\/LpInVBVWRc\" rel=\"nofollow\">pic.twitter.com\/LpInVBVWRc<\/a><\/p>\n<p>&#13;<br \/>\n\u2014 RUGBYRAMA (@RugbyramaFR) <a href=\"https:\/\/twitter.com\/RugbyramaFR\/status\/1967480620075888746?ref_src=twsrc%5Etfw\" rel=\"nofollow noopener\" target=\"_blank\">September 15, 2025<\/a><\/p><\/blockquote>\n<p>\u00ab\u00a0Un manque d&rsquo;envie\u00a0\u00bb<\/p>\n<p data-start=\"1326\" data-end=\"1884\">Face \u00e0 la presse, le manager girondin a livr\u00e9 un discours tranchant. Les deux premiers <a href=\"https:\/\/www.lerugbynistere.fr\/videos\/essais.php\" ui-sref=\"app.tag\" alt=\"Essais\" data-route=\"app.tag\" data-param=\"slug\" data-id=\"essais\" rel=\"nofollow noopener\" target=\"_blank\">essais<\/a>, conc\u00e9dait-il, pouvaient relever du coup du sort : un ballon mal ma\u00eetris\u00e9, un rebond d\u00e9favorable. Mais le reste ? \u00ab\u00a0Un manque d\u2019envie et un manque d\u2019implication assez flagrant de certains\u00a0\u00bb, l\u00e2chait-il, visiblement agac\u00e9. Pour un entra\u00eeneur qui a b\u00e2ti sa r\u00e9putation sur l\u2019engagement et la solidarit\u00e9, voir son \u00e9quipe se d\u00e9sunir de la sorte a eu du mal \u00e0 passer. <strong>\u00ab\u00a0J\u2019ai senti une forme de d\u00e9solidarisation, des choses qu\u2019on n\u2019aime pas voir dans une \u00e9quipe de rugby.\u00a0\u00bb<\/strong><\/p>\n<p data-start=\"1326\" data-end=\"1884\"><strong><a class=\"inserer_lien_article\" href=\"https:\/\/www.lerugbynistere.fr\/news\/arbitrage-il-ny-a-pas-ruck-pourquoi-lessai-de-raka-a-ete-refuse-et-pourquoi-urios-nen-revient-pas-1409251210.php\" data-id=\"46131\" data-route=\"app.article\" data-param=\"articleId\" ui-sref=\"app.article({articleId: 46131})\" alt=\"ARBITRAGE. &#039;&#039;Il n\u2019y a pas ruck&#039;&#039;, pourquoi l\u2019essai de Raka a \u00e9t\u00e9 refus\u00e9 (et pourquoi Urios n\u2019en revient pas)\" title=\"ARBITRAGE. &#039;&#039;Il n\u2019y a pas ruck&#039;&#039;, pourquoi l\u2019essai de Raka a \u00e9t\u00e9 refus\u00e9 (et pourquoi Urios n\u2019en revient pas)\" rel=\"nofollow noopener\" target=\"_blank\"><img decoding=\"async\" src=\"https:\/\/www.europesays.com\/fr\/wp-content\/uploads\/2025\/09\/defaite-et-frustration-pour-lasm-a-la-rochelle-au-coeur-de-la-polemique-lessai-refuse-a-raka-urios-f.jpeg\" alt=\"ARBITRAGE. ''Il n\u2019y a pas ruck'', pourquoi l\u2019essai de Raka a \u00e9t\u00e9 refus\u00e9 (et pourquoi Urios n\u2019en revient pas)\"\/>ARBITRAGE. \u00a0\u00bbIl n\u2019y a pas ruck\u00a0\u00bb, pourquoi l\u2019essai de Raka a \u00e9t\u00e9 refus\u00e9 (et pourquoi Urios n\u2019en revient pas)<\/a><\/strong><\/p>\n<p data-start=\"1886\" data-end=\"2196\">Bru a tout de m\u00eame tenu \u00e0 prot\u00e9ger certains de ses cadres, <strong>notamment les anciens Racingmen <a href=\"https:\/\/www.lerugbynistere.fr\/fiches-joueurs\/cameron-woki.php\" ui-sref=\"app.player({playerId: 3385})\" alt=\"Cameron Woki\" data-route=\"app.player\" data-param=\"playerId\" data-id=\"3385\" rel=\"nofollow noopener\" target=\"_blank\">Cameron Woki<\/a> et <a href=\"https:\/\/www.lerugbynistere.fr\/fiches-joueurs\/boris-palu.php\" ui-sref=\"app.player({playerId: 2559})\" alt=\"Boris Palu\" data-route=\"app.player\" data-param=\"playerId\" data-id=\"2559\" rel=\"nofollow noopener\" target=\"_blank\">Boris Palu<\/a>, qu\u2019il a cit\u00e9s en exemple.<\/strong> Mais le constat est clair : l\u2019UBB a affich\u00e9 une f\u00e9brilit\u00e9 inqui\u00e9tante dans l\u2019intensit\u00e9 et la conqu\u00eate, incapable de r\u00e9pondre aux collisions impos\u00e9es par le Racing.<\/p>\n<blockquote class=\"twitter-tweet\"><p>&#13;<\/p>\n<p lang=\"fr\" dir=\"ltr\">\ud83c\udfc9 <a href=\"https:\/\/www.lerugbynistere.fr\/fiches-joueurs\/nans-ducuing.php\" ui-sref=\"app.player({playerId: 2576})\" alt=\"Nans Ducuing\" data-route=\"app.player\" data-param=\"playerId\" data-id=\"2576\" rel=\"nofollow noopener\" target=\"_blank\">Nans Ducuing<\/a> \u00e0 la pause sur l&rsquo;UBB : \u00ab\u00a0Il faut secouer tout \u00e7a. C&rsquo;est dur quand tu as une \u00e9quipe compl\u00e8tement abattue, que rien ne marche, qu&rsquo;on sent qu&rsquo;il n&rsquo;y a pas de r\u00e9volte ou c&rsquo;est maladroit. \u00c7a va \u00eatre de l&rsquo;honneur, du respect du maillot, de la fiert\u00e9.\u00a0\u00bb<br \/>Canal+<a href=\"https:\/\/twitter.com\/hashtag\/R92UBB?src=hash&amp;ref_src=twsrc%5Etfw\" rel=\"nofollow noopener\" target=\"_blank\">#R92UBB<\/a> <a href=\"https:\/\/t.co\/Z69iMNrg9l\" rel=\"nofollow\">pic.twitter.com\/Z69iMNrg9l<\/a><\/p>\n<p>&#13;<br \/>\n\u2014 catourneovale (@catourneovale) <a href=\"https:\/\/twitter.com\/catourneovale\/status\/1967321137962197178?ref_src=twsrc%5Etfw\" rel=\"nofollow noopener\" target=\"_blank\">September 14, 2025<\/a><\/p><\/blockquote>\n<p>Plus d&rsquo;espoir d\u00e8s la mi-temps<\/p>\n<p data-start=\"2198\" data-end=\"2646\">\u00c0 la mi-temps, les Girondins \u00e9taient d\u00e9j\u00e0 noy\u00e9s (8-34). Le discours du staff a \u00e9t\u00e9 simple : sauver l\u2019honneur et, si possible, viser le bonus d\u00e9fensif. Mission \u00e0 moiti\u00e9 r\u00e9ussie. Bordeaux a remport\u00e9 la seconde p\u00e9riode (24-10), a retrouv\u00e9 un semblant de coh\u00e9sion, mais le mal \u00e9tait fait.<strong> \u00ab\u00a0On ne perd que de 12 points un match o\u00f9 on aurait pu \u00eatre ridicules\u00a0\u00bb<\/strong>, r\u00e9sumait Bru, \u00e0 la fois soulag\u00e9 de ne pas sombrer totalement et furieux du visage affich\u00e9.<\/p>\n<p data-start=\"2648\" data-end=\"2987\">L\u2019absence de cadres comme Jalibert, Lucu, Buros ou Moefana a pes\u00e9 lourd, reconnaissait le manager. Mais pas au point d\u2019excuser le rel\u00e2chement collectif.<strong> \u00ab\u00a0Quand tu n\u2019as pas ta charni\u00e8re ni Moefana, le meilleur 12 de <a href=\"https:\/\/www.lerugbynistere.fr\/equipes-nationales\/xv-de-france.php\" ui-sref=\"app.team({teamId: 65})\" alt=\"France\" data-route=\"app.team\" data-param=\"teamId\" data-id=\"65\" rel=\"nofollow noopener\" target=\"_blank\">France<\/a>, c\u2019est compliqu\u00e9.<\/strong> Mais \u00e7a n\u2019explique pas tout. On doit r\u00e9fl\u00e9chir collectivement \u00e0 ce qu\u2019on a rat\u00e9 dans la semaine.\u00a0\u00bb<\/p>\n<p data-start=\"2989\" data-end=\"3275\">\u00c0 Chaban-Delmas, samedi prochain contre <a href=\"https:\/\/www.lerugbynistere.fr\/clubs\/mtg-montauban.php\" ui-sref=\"app.team({teamId: 49})\" alt=\"Montauban\" data-route=\"app.team\" data-param=\"teamId\" data-id=\"49\" rel=\"nofollow noopener\" target=\"_blank\">Montauban<\/a>, l\u2019UBB est d\u00e9j\u00e0 attendue au tournant. Et Yannick Bru a mis ses hommes devant leurs responsabilit\u00e9s : le champion d\u2019Europe doit vite <strong>retrouver l\u2019implication et l\u2019intensit\u00e9 qui font sa force, sous peine de revivre d\u2019autres d\u00e9sillusions.<\/strong><\/p>\n<p>                            <script async src=\"https:\/\/platform.twitter.com\/widgets.js\" charset=\"utf-8\"><\/script><\/p>\n","protected":false},"excerpt":{"rendered":"La soir\u00e9e avait mal commenc\u00e9, elle s\u2019est mal termin\u00e9e. Dimanche soir \u00e0 la Paris La D\u00e9fense Arena, l\u2019Union&hellip;\n","protected":false},"author":2,"featured_media":393491,"comment_status":"","ping_status":"","sticky":false,"template":"","format":"standard","meta":{"footnotes":""},"categories":[1416],"tags":[1011,27,479,1468,60],"class_list":{"0":"post-393490","1":"post","2":"type-post","3":"status-publish","4":"format-standard","5":"has-post-thumbnail","7":"category-rugby","8":"tag-fr","9":"tag-france","10":"tag-rugby","11":"tag-rugby-football","12":"tag-sports"},"share_on_mastodon":{"url":"https:\/\/pubeurope.com\/@fr\/115210346262739562","error":""},"_links":{"self":[{"href":"https:\/\/www.europesays.com\/fr\/wp-json\/wp\/v2\/posts\/393490","targetHints":{"allow":["GET"]}}],"collection":[{"href":"https:\/\/www.europesays.com\/fr\/wp-json\/wp\/v2\/posts"}],"about":[{"href":"https:\/\/www.europesays.com\/fr\/wp-json\/wp\/v2\/types\/post"}],"author":[{"embeddable":true,"href":"https:\/\/www.europesays.com\/fr\/wp-json\/wp\/v2\/users\/2"}],"replies":[{"embeddable":true,"href":"https:\/\/www.europesays.com\/fr\/wp-json\/wp\/v2\/comments?post=393490"}],"version-history":[{"count":0,"href":"https:\/\/www.europesays.com\/fr\/wp-json\/wp\/v2\/posts\/393490\/revisions"}],"wp:featuredmedia":[{"embeddable":true,"href":"https:\/\/www.europesays.com\/fr\/wp-json\/wp\/v2\/media\/393491"}],"wp:attachment":[{"href":"https:\/\/www.europesays.com\/fr\/wp-json\/wp\/v2\/media?parent=393490"}],"wp:term":[{"taxonomy":"category","embeddable":true,"href":"https:\/\/www.europesays.com\/fr\/wp-json\/wp\/v2\/categories?post=393490"},{"taxonomy":"post_tag","embeddable":true,"href":"https:\/\/www.europesays.com\/fr\/wp-json\/wp\/v2\/tags?post=393490"}],"curies":[{"name":"wp","href":"https:\/\/api.w.org\/{rel}","templated":true}]}}