{"id":393505,"date":"2025-09-15T21:13:21","date_gmt":"2025-09-15T21:13:21","guid":{"rendered":"https:\/\/www.europesays.com\/fr\/393505\/"},"modified":"2025-09-15T21:13:21","modified_gmt":"2025-09-15T21:13:21","slug":"construire-des-ponts-par-livre-dans-la-peninsule-acadienne","status":"publish","type":"post","link":"https:\/\/www.europesays.com\/fr\/393505\/","title":{"rendered":"Construire des ponts par livre dans la P\u00e9ninsule acadienne"},"content":{"rendered":"<p>Breadcrumb Trail Links<\/p>\n<ol class=\"breadcrumbs__items list-unstyled\">\n<li class=\"breadcrumbs__item\"><a class=\"breadcrumbs__item-link\" data-tb-category-link=\"\" href=\"http:\/\/tj.news\/category\/infoweekend\/\" rel=\"nofollow noopener\" target=\"_blank\">infoweekend<\/a><\/li>\n<\/ol>\n<p class=\"article-subtitle\">Le Salon du livre de la P\u00e9ninsule acadienne aura lieu du 2 au 5 octobre, \u00e0 Shippagan<\/p>\n<p>Published Sep 15, 2025 \u00a0\u2022\u00a0 Last updated 3\u00a0hours ago \u00a0\u2022\u00a0 2 minute read<\/p>\n<p><a aria-label=\"Join the conversation\" class=\"article-meta-comment-count\" data-story-comment-component=\"\" href=\"#comments-area\">   <\/a><\/p>\n<p>You can save this article by registering for free <a class=\"bookmark-link\" data-evt-skip-click=\"true\" href=\"http:\/\/tj.news\/register\/\" rel=\"nofollow noopener\" target=\"_blank\">here<\/a>. Or <a class=\"bookmark-link\" data-evt-skip-click=\"true\" href=\"http:\/\/tj.news\/sign-in\/\" rel=\"nofollow noopener\" target=\"_blank\">sign-in<\/a> if you have an account.<\/p>\n<p><img alt=\"0918 eq salonlivrepeninsule\" class=\"featured-image__image type:primaryImage\" src=\"https:\/\/www.europesays.com\/fr\/wp-content\/uploads\/2025\/09\/0918-eq-salonlivrepeninsule.jpg\"  decoding=\"async\" fetchpriority=\"high\" height=\"750\" width=\"1000\"\/>St\u00e9phane Dupuy est le directeur g\u00e9n\u00e9ral du Salon du livre de la P\u00e9ninsule acadienne.  Photo contributionArticle content<\/p>\n<p>Les organisateurs du 22e Salon du livre de la P\u00e9ninsule acadienne (SLPA) ont d\u00e9voil\u00e9 la programmation de l\u2019\u00e9v\u00e9nement qui se tiendra du 2 au 5 octobre.<\/p>\n<p>Advertisement 2<\/p>\n<p>This advertisement has not loaded yet, but your article continues below.<\/p>\n<p><img decoding=\"async\" alt=\"Telegraph-Journal\" class=\"market-logo\" height=\"37\" loading=\"lazy\" src=\"https:\/\/dcs-static.gprod.postmedia.digital\/19.5.1\/websites\/images\/identity\/logo-identity-tj.svg\" width=\"280\"\/><\/p>\n<p>THIS CONTENT IS RESERVED FOR SUBSCRIBERS<\/p>\n<p class=\"identity-intro__description\">Subscribe now to read the latest news in your city and across Canada.<\/p>\n<ul class=\"list-unstyled list-checkmark\">\n<li>Unlimited online access to articles from across Canada with one account.<\/li>\n<li>Get exclusive access to the e-Edition, an electronic replica of the print edition that you can share, download and comment on.<\/li>\n<li>Enjoy insights and behind-the-scenes analysis from our award-winning journalists.<\/li>\n<li>Support local journalism and the next generation of journalists.<\/li>\n<\/ul>\n<p>SUBSCRIBE TO UNLOCK MORE ARTICLES<\/p>\n<p class=\"identity-intro__description\">Subscribe now to read the latest news in your city and across Canada.<\/p>\n<ul class=\"list-unstyled list-checkmark\">\n<li>Unlimited online access to articles from across Canada with one account.<\/li>\n<li>Get exclusive access to the e-Edition, an electronic replica of the print edition that you can share, download and comment on.<\/li>\n<li>Enjoy insights and behind-the-scenes analysis from our award-winning journalists.<\/li>\n<li>Support local journalism and the next generation of journalists.<\/li>\n<\/ul>\n<p>REGISTER \/ SIGN IN TO UNLOCK MORE ARTICLES<\/p>\n<p class=\"identity-intro__description\">Create an account or sign in to keep reading.<\/p>\n<ul class=\"list-unstyled list-checkmark\">\n<li>Access articles from across Canada with one account.<\/li>\n<li>Enjoy additional articles per month.<\/li>\n<li>Get email updates from your favourite journalists.<\/li>\n<\/ul>\n<p>THIS ARTICLE IS FREE TO READ REGISTER TO UNLOCK.<\/p>\n<p class=\"identity-intro__description\">Create an account or sign in to continue with your reading experience.<\/p>\n<ul class=\"list-unstyled list-checkmark\">\n<li>Access articles from across Canada with one account<\/li>\n<li>Share your thoughts and join the conversation in the comments<\/li>\n<li>Enjoy additional articles per month<\/li>\n<li>Get email updates from your favourite authors<\/li>\n<\/ul>\n<p>Article content<\/p>\n<p>Enthousiastes \u00e0 l\u2019approche de l\u2019\u00e9v\u00e9nement, les responsables pr\u00e9voient accueillir plusieurs milliers de visiteurs au centre R\u00e9al-Cormier de Shippagan. De plus, ceux-ci promettent aux gens une \u00e9dition m\u00e9morable remplie de d\u00e9couvertes litt\u00e9raires et de rencontres inspirantes.<\/p>\n<p>Cette ann\u00e9e, le SLPA (www.salondulivrepa.com) se tiendra sous le th\u00e8me \u00abConstruire des ponts\u00bb et mettra l\u2019accent sur les histoires dont les mots et les univers cr\u00e9ent un lien entre les humains.<\/p>\n<p>Selon les organisateurs, construire des ponts, c\u2019est favoriser les connexions \u2013 entre les connaissances pass\u00e9es et les nouveaux textes, entre les auteurs et les lecteurs, entre les livres et les exp\u00e9riences humaines.<\/p>\n<p>\u00abLes livres agissent comme des passerelles vers des id\u00e9es, des \u00e9motions, des \u00e9poques et des perspectives diff\u00e9rentes, enrichissant ainsi la compr\u00e9hension de soi et du monde\u00bb, explique-t-on dans un communiqu\u00e9 de presse.<\/p>\n<p>Advertisement 3<\/p>\n<p>This advertisement has not loaded yet, but your article continues below.<\/p>\n<p>Article content<\/p>\n<p>Pour ce qui est des festivit\u00e9s, elles d\u00e9buteront le 2 octobre, d\u00e8s 18h30. Durant quatre jours, les visiteurs auront l\u2019occasion de participer \u00e0 des activit\u00e9s, entre autres, des conf\u00e9rences, des causeries, des ateliers, des tables rondes et des entretiens. Dans les stands, on retrouvera plus d\u2019une centaine d\u2019auteurs.<\/p>\n<p>Parmi les faits saillants de ce 22e SLPA, on compte les conf\u00e9rences de personnalit\u00e9s, dont Lysanne O\u2019Bomsawin, Rose-Marie Charest, Simon Par\u00e9-Poupart et Marc Poirier.<\/p>\n<p>Plusieurs causeries mettront \u00e9galement en vedette des auteurs, entre autres, Bruno Dubuc, Zachary Richard, Alain Crevier, Gabriel Arsenault, Annette Boudreau, Marie O\u2019Brien, Philippe Basque et Henri Chass\u00e9.<\/p>\n<p>Par ailleurs, les tables rondes permettront aux gens d\u2019assister \u00e0 des discussions portant sur des th\u00e9matiques, telles que des r\u00e9cits de vie, la qu\u00eate de sens, le bonheur, la litt\u00e9rature jeunesse, etc.<\/p>\n<p>Advertisement 4<\/p>\n<p>This advertisement has not loaded yet, but your article continues below.<\/p>\n<p>Article content<\/p>\n<p>Les amateurs de litt\u00e9rature pourront \u00e9galement assister \u00e0 des entretiens avec Henri Chass\u00e9, Roland Daigle, Philippe Basque, Maxime Boudreau, Rose-Marie Charest, Kristina Gauthier-Landry, Alain Crevier, France Daigle, Marie O\u2019Brien, Ghislain Basque, Zachary Richard, Lysanne O\u2019Bomsawin, Annette Boudreau, Jessica Gagnon et Liette Lanteigne.<\/p>\n<p>Tout en affirmant que le Salon vibrera au rythme d\u2019activit\u00e9s sp\u00e9ciales \u00e0 ne pas manquer, les responsables ajoutent que les jeunes visiteurs du Salon auront droit \u00e0 une programmation riche, color\u00e9e et adapt\u00e9e \u00e0 chaque groupe d\u2019\u00e2ge.<\/p>\n<p>Des auteurs pr\u00e9senteront une vari\u00e9t\u00e9 d\u2019animations jeunesse, notamment Marie-France Comeau, Jos\u00e9e Dupuis, Rh\u00e9a Dufresne, Gabriel-Vincent Deslauriers, Roger Dub\u00e9, Cindy Roy et F\u00e9eli Tout, Emilie Ouellette et Nicole Daigle.<\/p>\n<p>Advertisement 5<\/p>\n<p>This advertisement has not loaded yet, but your article continues below.<\/p>\n<p>Article content<\/p>\n<p>De plus, les jeunes de 12 \u00e0 16 ans sont invit\u00e9s \u00e0 participer au Cabaret d\u2019Emilie anim\u00e9 par Emilie Ouellette au Centre d\u2019animation jeunesse de Shippagan. L\u2019humoriste r\u00eave de rencontrer les participants et de d\u00e9couvrir leurs talents, qu\u2019il s\u2019agisse d\u2019humour, de slam, de po\u00e9sie, de conte, de r\u00e9cit ou de chanson.<\/p>\n<p>De plus, le programme de d\u00e9veloppement du langage \u00abParle-moi\u00bb offrira une animation jeunesse pour les enfants de 2 \u00e0 5 ans et leurs parents.<\/p>\n<p>Gr\u00e2ce aux D\u00e9fis litt\u00e9raires de Radio-Canada, les gens seront plong\u00e9s dans l\u2019univers des livres audio et de la litt\u00e9rature d\u2019ici. Des auteurs testeront leurs connaissances sur les livres audio disponibles sur Radio-Canada OHdio.<\/p>\n<p>Article content<\/p>\n<p>Share this article in your social network<\/p>\n","protected":false},"excerpt":{"rendered":"Breadcrumb Trail Links infoweekend Le Salon du livre de la P\u00e9ninsule acadienne aura lieu du 2 au 5&hellip;\n","protected":false},"author":2,"featured_media":393506,"comment_status":"","ping_status":"","sticky":false,"template":"","format":"standard","meta":{"footnotes":""},"categories":[1357],"tags":[1379,58,59,1011,27,1380],"class_list":{"0":"post-393505","1":"post","2":"type-post","3":"status-publish","4":"format-standard","5":"has-post-thumbnail","7":"category-livres","8":"tag-books","9":"tag-divertissement","10":"tag-entertainment","11":"tag-fr","12":"tag-france","13":"tag-livres"},"share_on_mastodon":{"url":"https:\/\/pubeurope.com\/@fr\/115210381427000458","error":""},"_links":{"self":[{"href":"https:\/\/www.europesays.com\/fr\/wp-json\/wp\/v2\/posts\/393505","targetHints":{"allow":["GET"]}}],"collection":[{"href":"https:\/\/www.europesays.com\/fr\/wp-json\/wp\/v2\/posts"}],"about":[{"href":"https:\/\/www.europesays.com\/fr\/wp-json\/wp\/v2\/types\/post"}],"author":[{"embeddable":true,"href":"https:\/\/www.europesays.com\/fr\/wp-json\/wp\/v2\/users\/2"}],"replies":[{"embeddable":true,"href":"https:\/\/www.europesays.com\/fr\/wp-json\/wp\/v2\/comments?post=393505"}],"version-history":[{"count":0,"href":"https:\/\/www.europesays.com\/fr\/wp-json\/wp\/v2\/posts\/393505\/revisions"}],"wp:featuredmedia":[{"embeddable":true,"href":"https:\/\/www.europesays.com\/fr\/wp-json\/wp\/v2\/media\/393506"}],"wp:attachment":[{"href":"https:\/\/www.europesays.com\/fr\/wp-json\/wp\/v2\/media?parent=393505"}],"wp:term":[{"taxonomy":"category","embeddable":true,"href":"https:\/\/www.europesays.com\/fr\/wp-json\/wp\/v2\/categories?post=393505"},{"taxonomy":"post_tag","embeddable":true,"href":"https:\/\/www.europesays.com\/fr\/wp-json\/wp\/v2\/tags?post=393505"}],"curies":[{"name":"wp","href":"https:\/\/api.w.org\/{rel}","templated":true}]}}