{"id":393507,"date":"2025-09-15T21:14:10","date_gmt":"2025-09-15T21:14:10","guid":{"rendered":"https:\/\/www.europesays.com\/fr\/393507\/"},"modified":"2025-09-15T21:14:10","modified_gmt":"2025-09-15T21:14:10","slug":"la-liquidation-a-ete-officiellement-confirmee-six-mois-apres-le-tournage-de-cauchemar-en-cuisine-sur-m6-steve-annonce-la-fermeture-definitive-de-son-restaurant-a-saint-vrain","status":"publish","type":"post","link":"https:\/\/www.europesays.com\/fr\/393507\/","title":{"rendered":"\u00ab\u00a0La liquidation a \u00e9t\u00e9 officiellement confirm\u00e9e\u00a0\u00bb : Six mois apr\u00e8s le tournage de \u00ab\u00a0Cauchemar en cuisine\u00a0\u00bb sur M6, Steve annonce la fermeture d\u00e9finitive de son restaurant \u00e0 Saint-Vrain"},"content":{"rendered":"<p data-start=\"184\" data-end=\"538\">Un tournage peut secouer une vie sans l\u2019effacer, et la suite s\u2019\u00e9crit souvent loin des cam\u00e9ras. Ici, l\u2019\u00e9motion reste vive, la d\u00e9cision aussi, car un restaurant s\u2019\u00e9teint tandis que l\u2019\u00e9lan d\u2019un homme ne faiblit pas. Le public se souvient, la salle se tait, et une page se tourne avec dignit\u00e9, alors que chacun mesure ce que six mois changent vraiment.<\/p>\n<p>Dans le restaurant de Saint-Vrain, une mise \u00e0 nu sans fard<\/p>\n<p data-start=\"605\" data-end=\"930\">Le 4 septembre 2025, M6 rediffuse l\u2019\u00e9pisode tourn\u00e9 \u00e0 Saint-Vrain, en Essonne, et ravive un parcours heurt\u00e9. Le 4 f\u00e9vrier 2025, la premi\u00e8re diffusion montrait un service fragile, encore h\u00e9sitant, mais d\u00e9j\u00e0 attachant, puisque la volont\u00e9 de bien faire apparaissait malgr\u00e9 les failles et les habitudes ancr\u00e9es. Cam\u00e9ras proches.<\/p>\n<p data-start=\"932\" data-end=\"1251\">Philippe Etchebest observe l\u2019hygi\u00e8ne, se cabre, puis agit, car l\u2019urgence saute aux yeux. Fait rarissime depuis la cr\u00e9ation du programme, <strong data-start=\"1069\" data-end=\"1144\">il passe derri\u00e8re les fourneaux en plein service et impose un cadre net<\/strong>. Ce cadre replace l\u2019\u00e9quipe face aux exigences du m\u00e9tier et clarifie les priorit\u00e9s. Chacun sait o\u00f9 aller.<\/p>\n<p data-start=\"1253\" data-end=\"1571\">Les mots claquent, les gestes suivent, donc la m\u00e9thode prend. <a href=\"https:\/\/beautycase.fr\/seine-et-marne-tres-attendu-ce-nouveau-restaurant-kfc-va-lancer-ses-portes-dici-la-fin-du-mois-64855\/\" rel=\"nofollow noopener\" target=\"_blank\">La salle respire, la brigade s\u2019applique, et le restaurant retrouve des rep\u00e8res simples<\/a>. Rien ne change d\u2019un coup, cependant l\u2019\u00e9lan revient, puisque chacun comprend le cap et choisit de s\u2019y tenir, pour que l\u2019effort pr\u00e9sent construise la suite durablement.<\/p>\n<p>Des chiffres qui rel\u00e8vent la t\u00eate et tracent une voie<\/p>\n<p data-start=\"1633\" data-end=\"1976\">La s\u00e9quence \u201cQue sont-ils devenus ?\u201d, diffus\u00e9e le 11 juillet 2025, montre une carte \u00e9pur\u00e9e, un service apais\u00e9, des habitudes align\u00e9es. <a href=\"https:\/\/beautycase.fr\/ras-le-bol-des-discussions-interminables-des-clients-un-restaurant-interdit-les-additions-separees-pour-se-simplifier-la-tache-63660\/\" rel=\"nofollow noopener\" target=\"_blank\">Les clients reviennent, puis les contr\u00f4les s\u2019ancrent, donc les erreurs reculent<\/a>. <strong data-start=\"1849\" data-end=\"1883\">La trajectoire devient lisible<\/strong>, car les gestes se r\u00e9p\u00e8tent avec rigueur et douceur, sans brusquer la cadence quotidienne.<\/p>\n<p data-start=\"1978\" data-end=\"2297\">Les donn\u00e9es tombent et rassurent : +4 000 \u20ac de chiffre d\u2019affaires entre l\u2019avant et l\u2019apr\u00e8s, soit 60 % de mieux. Nicolas Jordan, expert en plan d\u2019entreprise, explique l\u2019effet concret : plus de tr\u00e9sorerie, loyers assur\u00e9s, r\u00e9mun\u00e9ration vers\u00e9e, et marge d\u2019oxyg\u00e8ne. <strong data-start=\"2239\" data-end=\"2295\">Les charges respirent, la pression baisse doucement.<\/strong><\/p>\n<p data-start=\"2299\" data-end=\"2598\">On ne triomphe pas, on travaille. Steve ajuste, corrige, consolide, puisque l\u2019ambition ne suffit jamais. La salle suit, la cadence tient, et le restaurant s\u2019accroche \u00e0 ces rep\u00e8res utiles. <strong data-start=\"2487\" data-end=\"2551\">L\u2019espoir gagne, alors que la fatigue, elle, ne dispara\u00eet pas<\/strong>, ce qui impose des choix lucides pour durer.<\/p>\n<p>Fermeture assum\u00e9e et espoir de reprise pour le restaurant<\/p>\n<p data-start=\"2664\" data-end=\"2956\">Le 2 septembre 2025, Steve annonce la fermeture sur Facebook, avec des mots pos\u00e9s et sans d\u00e9tour. La liquidation est act\u00e9e au tribunal de commerce d\u2019\u00c9vry, le bail est c\u00e9d\u00e9, et la d\u00e9cision, lourde, all\u00e8ge pourtant une part du fardeau, puisque la clart\u00e9 apaise et ferme une \u00e9tape bien nomm\u00e9e.<\/p>\n<p data-start=\"2958\" data-end=\"3223\">Il parle d\u2019un lieu plus que centenaire, connu au-del\u00e0 du d\u00e9partement. <a href=\"https:\/\/beautycase.fr\/une-ancienne-vedette-de-m6-est-montee-jusqua-200-kilos-jai-double-de-volume-en-quelques-annees-64653\/\" rel=\"nofollow noopener\" target=\"_blank\">La notori\u00e9t\u00e9 grandit avec deux passages sur M6 et une communication soutenue<\/a>. <strong data-start=\"3106\" data-end=\"3189\">Il n\u2019y avait pas de concurrence directe autour, ce qui renfor\u00e7ait l\u2019aura locale<\/strong> et fixait une client\u00e8le fid\u00e8le.<\/p>\n<p data-start=\"3225\" data-end=\"3526\">Reste la solitude d\u2019un homme qui porte tout, chaque jour, malgr\u00e9 l\u2019amour du m\u00e9tier et l\u2019authenticit\u00e9. Les remerciements vont \u00e0 tous les soutiens. Le restaurant ferme, pas l\u2019histoire, puisque la reprise demeure possible et qu\u2019une nouvelle \u00e2me peut prolonger la dynamique n\u00e9e ici, avec un regard neuf.<\/p>\n<p>Ce que dit ce parcours d\u2019une t\u00e9nacit\u00e9 qui r\u00e9siste<\/p>\n<p data-start=\"3584\" data-end=\"3926\">Cette fermeture dit une v\u00e9rit\u00e9 exigeante : la volont\u00e9 \u00e9claire, mais ne prot\u00e8ge pas de tout. Steve transmet un outil vivant, pr\u00eat pour d\u2019autres regards, donc l\u2019\u00e9lan ne se perd pas. <strong data-start=\"3764\" data-end=\"3838\">Le restaurant s\u2019\u00e9teint aujourd\u2019hui, cependant la flamme circule encore<\/strong>, car un projet peut rena\u00eetre lorsque l\u2019\u00e9nergie et le regard se rencontrent. Vraiment.<\/p>\n","protected":false},"excerpt":{"rendered":"Un tournage peut secouer une vie sans l\u2019effacer, et la suite s\u2019\u00e9crit souvent loin des cam\u00e9ras. Ici, l\u2019\u00e9motion&hellip;\n","protected":false},"author":2,"featured_media":393508,"comment_status":"","ping_status":"","sticky":false,"template":"","format":"standard","meta":{"footnotes":""},"categories":[1356],"tags":[58,59,1011,27,252,1364],"class_list":{"0":"post-393507","1":"post","2":"type-post","3":"status-publish","4":"format-standard","5":"has-post-thumbnail","7":"category-television","8":"tag-divertissement","9":"tag-entertainment","10":"tag-fr","11":"tag-france","12":"tag-television","13":"tag-tv"},"share_on_mastodon":{"url":"https:\/\/pubeurope.com\/@fr\/115210385109627161","error":""},"_links":{"self":[{"href":"https:\/\/www.europesays.com\/fr\/wp-json\/wp\/v2\/posts\/393507","targetHints":{"allow":["GET"]}}],"collection":[{"href":"https:\/\/www.europesays.com\/fr\/wp-json\/wp\/v2\/posts"}],"about":[{"href":"https:\/\/www.europesays.com\/fr\/wp-json\/wp\/v2\/types\/post"}],"author":[{"embeddable":true,"href":"https:\/\/www.europesays.com\/fr\/wp-json\/wp\/v2\/users\/2"}],"replies":[{"embeddable":true,"href":"https:\/\/www.europesays.com\/fr\/wp-json\/wp\/v2\/comments?post=393507"}],"version-history":[{"count":0,"href":"https:\/\/www.europesays.com\/fr\/wp-json\/wp\/v2\/posts\/393507\/revisions"}],"wp:featuredmedia":[{"embeddable":true,"href":"https:\/\/www.europesays.com\/fr\/wp-json\/wp\/v2\/media\/393508"}],"wp:attachment":[{"href":"https:\/\/www.europesays.com\/fr\/wp-json\/wp\/v2\/media?parent=393507"}],"wp:term":[{"taxonomy":"category","embeddable":true,"href":"https:\/\/www.europesays.com\/fr\/wp-json\/wp\/v2\/categories?post=393507"},{"taxonomy":"post_tag","embeddable":true,"href":"https:\/\/www.europesays.com\/fr\/wp-json\/wp\/v2\/tags?post=393507"}],"curies":[{"name":"wp","href":"https:\/\/api.w.org\/{rel}","templated":true}]}}