{"id":393509,"date":"2025-09-15T21:15:14","date_gmt":"2025-09-15T21:15:14","guid":{"rendered":"https:\/\/www.europesays.com\/fr\/393509\/"},"modified":"2025-09-15T21:15:14","modified_gmt":"2025-09-15T21:15:14","slug":"patrick-fiori-vient-en-aide-a-un-couple-qui-a-creve-en-corse-2","status":"publish","type":"post","link":"https:\/\/www.europesays.com\/fr\/393509\/","title":{"rendered":"Patrick Fiori vient en aide \u00e0 un couple qui a crev\u00e9 en Corse"},"content":{"rendered":"<p class=\"mb-4 text-lg md:leading-8 break-words\">C&rsquo;est une jolie bonne action. Le chanteur <a href=\"https:\/\/www.bfmtv.com\/replay-emissions\/culture-et-vous\/patrick-fiori-va-chanter-terra-corsa-pour-la-venue-du-pape-francois-en-corse_VN-202412150114.html\" rel=\"nofollow noopener\" target=\"_blank\" data-ylk=\"slk:Patrick Fiori;elm:context_link;itc:0;sec:content-canvas\" class=\"link \">Patrick Fiori<\/a>, \u00e2g\u00e9 de 55 ans, a pr\u00eat\u00e9 main-forte le 8 septembre dernier, en pleine nuit, \u00e0 Nadine Enjalbert, une Bretonne de 62 ans, et \u00e0 son mari, qui venaient tout juste de crever un pneu sur une route corse apr\u00e8s avoir percut\u00e9 un gros caillou.<\/p>\n<p class=\"mb-4 text-lg md:leading-8 break-words\">Le couple, alors en vacances sur l&rsquo;\u00cele de Beaut\u00e9 et revenant d&rsquo;un concert caritatif pr\u00e8s d&rsquo;Ajaccio auquel participait le jury de <a href=\"https:\/\/www.bfmtv.com\/bfm-dici\/replay-emissions\/dici-week-end\/lecya-jeune-chanteuse-de-mallefougasse-dans-l-equipe-de-patrick-fiori-a-the-voice-kids_VN-202408250308.html\" rel=\"nofollow noopener\" target=\"_blank\" data-ylk=\"slk:The Voice Kids;elm:context_link;itc:0;sec:content-canvas\" class=\"link \">The Voice Kids<\/a>, allume ses feux de d\u00e9tresse et roule \u00e0 tr\u00e8s faible allure. \u00ab\u00a0Il \u00e9tait 1 heure [du matin], je n\u2019\u00e9tais pas tr\u00e8s rassur\u00e9e, d\u00e9taille Nadine Enjalbert au <a href=\"https:\/\/www.letelegramme.fr\/finistere\/carantec-29660\/en-detresse-de-nuit-sur-une-route-corse-cette-carantecoise-est-depannee-par-patrick-fiori-6888651.php\" rel=\"nofollow noopener\" target=\"_blank\" data-ylk=\"slk:T\u00e9l\u00e9gramme;elm:context_link;itc:0;sec:content-canvas\" class=\"link \">T\u00e9l\u00e9gramme<\/a>. Et puis un homme est descendu du v\u00e9hicule. Il s\u2019est approch\u00e9 et nous a demand\u00e9 si tout allait bien. J\u2019ai cru halluciner!\u00a0\u00bb<\/p>\n<p class=\"mb-4 text-lg md:leading-8 break-words\">Lui, c&rsquo;est Patrick Fiori. Le chanteur corse, qui se montre \u00ab\u00a0simple, direct, humain\u00a0\u00bb selon Nadine Enjalbert, leur propose de les aider et de les raccompagner jusqu&rsquo;\u00e0 chez eux. L&rsquo;automobiliste, grande admiratrice de l&rsquo;artiste, a m\u00eame eu droit \u00e0 un selfie avec Patrick Fiori en attendant la d\u00e9panneuse.<\/p>\n<p class=\"mb-4 text-lg md:leading-8 break-words\">\u00ab\u00a0M\u00eame si nous sommes moches dessus, \u00e7a restera grav\u00e9 \u00e0 vie !, raconte Nadine Enjalbert, qui pr\u00e9side l&rsquo;association La Vie en Rose BZH (visant \u00e0 lutter contre la s\u00e9dentarit\u00e9, en particulier pour ceux touch\u00e9s par la maladie). Il nous a quitt\u00e9s une fois certain que nous avions une d\u00e9panneuse et que nous \u00e9tions en s\u00e9curit\u00e9.\u00a0\u00bb<\/p>\n<p class=\"mb-4 text-lg md:leading-8 break-words\"><a href=\"https:\/\/www.bfmtv.com\/people\/musique\/j-ai-cru-halluciner-patrick-fiori-vient-en-aide-a-un-couple-qui-a-creve-en-corse_AN-202509150794.html#xtor=AL-68\" rel=\"nofollow noopener\" target=\"_blank\" data-ylk=\"slk:Article original publi\u00e9 sur BFMTV.com;elm:context_link;itc:0;sec:content-canvas\" class=\"link \">Article original publi\u00e9 sur BFMTV.com<\/a><\/p>\n","protected":false},"excerpt":{"rendered":"C&rsquo;est une jolie bonne action. Le chanteur Patrick Fiori, \u00e2g\u00e9 de 55 ans, a pr\u00eat\u00e9 main-forte le 8&hellip;\n","protected":false},"author":2,"featured_media":393510,"comment_status":"","ping_status":"","sticky":false,"template":"","format":"standard","meta":{"footnotes":""},"categories":[1355],"tags":[58,59,52554,1011,27,52553,4006,1361,873,52552,9644],"class_list":{"0":"post-393509","1":"post","2":"type-post","3":"status-publish","4":"format-standard","5":"has-post-thumbnail","7":"category-musique","8":"tag-divertissement","9":"tag-entertainment","10":"tag-feux-de-detresse","11":"tag-fr","12":"tag-france","13":"tag-lile-de-beaute","14":"tag-le-chanteur","15":"tag-music","16":"tag-musique","17":"tag-nadine-enjalbert","18":"tag-patrick-fiori"},"share_on_mastodon":{"url":"https:\/\/pubeurope.com\/@fr\/115210389055380619","error":""},"_links":{"self":[{"href":"https:\/\/www.europesays.com\/fr\/wp-json\/wp\/v2\/posts\/393509","targetHints":{"allow":["GET"]}}],"collection":[{"href":"https:\/\/www.europesays.com\/fr\/wp-json\/wp\/v2\/posts"}],"about":[{"href":"https:\/\/www.europesays.com\/fr\/wp-json\/wp\/v2\/types\/post"}],"author":[{"embeddable":true,"href":"https:\/\/www.europesays.com\/fr\/wp-json\/wp\/v2\/users\/2"}],"replies":[{"embeddable":true,"href":"https:\/\/www.europesays.com\/fr\/wp-json\/wp\/v2\/comments?post=393509"}],"version-history":[{"count":0,"href":"https:\/\/www.europesays.com\/fr\/wp-json\/wp\/v2\/posts\/393509\/revisions"}],"wp:featuredmedia":[{"embeddable":true,"href":"https:\/\/www.europesays.com\/fr\/wp-json\/wp\/v2\/media\/393510"}],"wp:attachment":[{"href":"https:\/\/www.europesays.com\/fr\/wp-json\/wp\/v2\/media?parent=393509"}],"wp:term":[{"taxonomy":"category","embeddable":true,"href":"https:\/\/www.europesays.com\/fr\/wp-json\/wp\/v2\/categories?post=393509"},{"taxonomy":"post_tag","embeddable":true,"href":"https:\/\/www.europesays.com\/fr\/wp-json\/wp\/v2\/tags?post=393509"}],"curies":[{"name":"wp","href":"https:\/\/api.w.org\/{rel}","templated":true}]}}