{"id":393517,"date":"2025-09-15T21:20:10","date_gmt":"2025-09-15T21:20:10","guid":{"rendered":"https:\/\/www.europesays.com\/fr\/393517\/"},"modified":"2025-09-15T21:20:10","modified_gmt":"2025-09-15T21:20:10","slug":"la-decouverte-fascinante-dune-quasi-lune-fascine-les-astronomes","status":"publish","type":"post","link":"https:\/\/www.europesays.com\/fr\/393517\/","title":{"rendered":"la d\u00e9couverte fascinante d&rsquo;une quasi-lune fascine les astronomes"},"content":{"rendered":"<blockquote class=\"wp-block-quote\">\n<p><strong>Depuis les ann\u00e9es 60, un ast\u00e9ro\u00efde discret suit la Terre sans jamais devenir sa lune. Cette \u201cquasi\u2011lune\u201d, nomm\u00e9e 2025 PN7, partage notre orbite solaire tout en restant autonome. Ces d\u00e9couvertes remettent en lumi\u00e8re les objets c\u00e9lestes proches et l\u2019importance de les surveiller pour comprendre notre voisinage cosmique.<\/strong><\/p>\n<\/blockquote>\n<p><img fetchpriority=\"high\" decoding=\"async\" width=\"1024\" height=\"578\" src=\"https:\/\/www.europesays.com\/fr\/wp-content\/uploads\/2025\/08\/image-lumineuse-asteroide-poussiere-1024x578.webp.webp\" alt=\"Gros plan d\u2019un ast\u00e9ro\u00efde fissur\u00e9 lib\u00e9rant de la poussi\u00e8re lumineuse dans l\u2019espace.\" class=\"wp-image-988051\"  \/>Les chercheurs ont d\u00e9tect\u00e9 un ast\u00e9ro\u00efde dont la surface fissur\u00e9e lib\u00e8re un nuage de poussi\u00e8re observ\u00e9 depuis la Terre.<\/p>\n<p>2025 PN7 partage l\u2019orbite terrestre depuis les ann\u00e9es 60 sans jamais devenir un satellite<\/p>\n<p>L\u2019ast\u00e9ro\u00efde <strong>2025 PN7<\/strong> a \u00e9t\u00e9 d\u00e9tect\u00e9 en ao\u00fbt 2025 gr\u00e2ce au <a href=\"https:\/\/dailygeekshow.com\/cette-decouverte-du-telescope-james-webb-sur-une-planete-infernale-intrigue-les-astronomes-du-monde-entier\/\" rel=\"nofollow noopener\" target=\"_blank\">t\u00e9lescope<\/a> <strong>Pan\u2011STARRS<\/strong> \u00e0 Hawa\u00ef. Apr\u00e8s une rapide analyse de son orbite, les astronomes ont d\u00e9couvert qu\u2019il suit presque exactement la <strong>trajectoire de la <a href=\"https:\/\/dailygeekshow.com\/le-noyau-de-la-terre-a-bien-failli-rester-liquide-une-etude-revele-que-seul-le-carbone-a-sauve-sa-solidification\/\" rel=\"nofollow noopener\" target=\"_blank\">Terre<\/a><\/strong> autour du Soleil. <\/p>\n<p>Il ne s\u2019agit pas d\u2019un satellite captur\u00e9, mais d\u2019un objet en <strong>r\u00e9sonance 1:1<\/strong>, partageant l\u2019orbite terrestre tout en conservant son autonomie.<\/p>\n<p>Lire aussi <a href=\"https:\/\/dailygeekshow.com\/la-lumiere-du-soleil-pourrait-elle-devenir-le-moteur-de-demain-tars-veut-rendre-possible-lexploration-spatiale-sans-carburant\/\" rel=\"nofollow noopener\" target=\"_blank\">La lumi\u00e8re du Soleil pourrait-elle devenir le moteur de demain ? TARS veut rendre possible l\u2019exploration spatiale sans carburant<\/a><\/p>\n<p>En consultant les archives, les chercheurs ont estim\u00e9 que cet ast\u00e9ro\u00efde accompagne la Terre depuis les <strong>ann\u00e9es 1960<\/strong>, et il pourrait rester \u00e0 proximit\u00e9 encore <strong>plusieurs d\u00e9cennies<\/strong>. Gr\u00e2ce \u00e0 ses caract\u00e9ristiques particuli\u00e8res, il fait partie des <strong>quasi\u2011lunes<\/strong>, des objets rares qui <strong>remettent en question nos mod\u00e8les classiques<\/strong> de satellites.<\/p>\n<p>Trop petit et discret, cet ast\u00e9ro\u00efde a \u00e9chapp\u00e9 aux radars pendant plus d\u2019un demi-si\u00e8cle<\/p>\n<p>Contrairement \u00e0 la <strong>Lune<\/strong>, <strong>2025 PN7<\/strong> ne tourne pas autour de la Terre. En revanche, il \u00e9volue en <strong>synchronisation avec notre plan\u00e8te<\/strong>, tout en restant sous l\u2019emprise gravitationnelle du <strong><a href=\"https:\/\/dailygeekshow.com\/plus-vieux-que-le-soleil-cet-asteroide-decouvert-par-la-nasa-renferme-une-poussiere-davant-notre-systeme-solaire\/\" rel=\"nofollow noopener\" target=\"_blank\">Soleil<\/a><\/strong>. Ainsi, il se maintient dans un <strong>\u00e9quilibre dynamique<\/strong> sans jamais s\u2019attacher totalement \u00e0 notre orbite.<\/p>\n<p>Sa <strong>petite taille<\/strong> (environ <strong>19 m\u00e8tres<\/strong>) et sa <strong>faible luminosit\u00e9<\/strong> le rendent pratiquement invisible aux instruments traditionnels. Sa magnitude (~26) explique pourquoi il a <strong>\u00e9chapp\u00e9 \u00e0 la d\u00e9tection<\/strong> pendant des d\u00e9cennies, malgr\u00e9 les progr\u00e8s technologiques. De ce fait, cette situation met en \u00e9vidence les <strong>limites de notre capacit\u00e9 \u00e0 surveiller l\u2019espace proche<\/strong>.<\/p>\n<p>Lire aussi <a href=\"https:\/\/dailygeekshow.com\/revolution-astronomique-des-astronomes-misent-sur-un-telescope-plat-pour-briser-400-ans-de-tradition-et-trouver-dautres-planetes-terre-habitables\/\" rel=\"nofollow noopener\" target=\"_blank\">R\u00e9volution astronomique : des astronomes misent sur un t\u00e9lescope plat pour briser 400 ans de tradition et trouver d\u2019autres plan\u00e8tes Terre habitables<\/a><\/p>\n<p>Cette d\u00e9couverte r\u00e9v\u00e8le nos lacunes dans la d\u00e9tection des objets proches de la Terre<\/p>\n<p>Cette d\u00e9couverte d\u00e9passe le simple int\u00e9r\u00eat scientifique. En effet, elle met en lumi\u00e8re les <strong>lacunes de nos syst\u00e8mes de d\u00e9tection<\/strong>. Si un objet aussi proche est rest\u00e9 inconnu pendant <strong>plus de 60 ans<\/strong>, cela signifie que d\u2019autres compagnons terrestres pourraient encore \u00eatre <strong>cach\u00e9s dans l\u2019ombre<\/strong>.<\/p>\n<p><strong>2025 PN7<\/strong> appartient \u00e0 la classe des <strong>ast\u00e9ro\u00efdes Arjuna<\/strong>, des corps qui <strong>\u00e9pousent presque parfaitement l\u2019orbite terrestre<\/strong>. Ces objets repr\u00e9sentent des <strong>cibles scientifiques de choix<\/strong>, notamment pour de futures missions spatiales. <\/p>\n<p>Par cons\u00e9quent, ils pourraient servir \u00e0 <strong>tester des technologies de navigation<\/strong>, <strong>pr\u00e9lever des \u00e9chantillons<\/strong> ou m\u00eame <strong>exp\u00e9rimenter des techniques de d\u00e9viation<\/strong> en cas de menace.<\/p>\n<p>Lire aussi <a href=\"https:\/\/dailygeekshow.com\/le-noyau-de-la-terre-a-bien-failli-rester-liquide-une-etude-revele-que-seul-le-carbone-a-sauve-sa-solidification\/\" rel=\"nofollow noopener\" target=\"_blank\">Le noyau de la Terre a bien failli rester liquide : une \u00e9tude r\u00e9v\u00e8le que seul le carbone a sauv\u00e9 sa solidification<\/a><\/p>\n<p>M\u00eame \u00e0 proximit\u00e9 imm\u00e9diate, l\u2019espace autour de la Terre cache encore bien des myst\u00e8res<\/p>\n<p>La pr\u00e9sence de <strong>2025 PN7<\/strong> prouve que notre ciel proche n\u2019est pas totalement cartographi\u00e9. M\u00eame \u00e0 faible distance de la Terre, des <strong><a href=\"https:\/\/dailygeekshow.com\/cet-evenement-celeste-jamais-vu-auparavant-a-retenu-lattention-qua-reellement-revele-lespace-cet-ete\/\" rel=\"nofollow noopener\" target=\"_blank\">corps c\u00e9lestes<\/a> discrets<\/strong> peuvent passer inaper\u00e7us. Cela souligne l\u2019importance de d\u00e9velopper des <strong>instruments plus sensibles<\/strong> et de rester en <strong>alerte constante<\/strong>.<\/p>\n<p>Aussi petit soit-il, cet ast\u00e9ro\u00efde remet en question notre compr\u00e9hension de l\u2019espace imm\u00e9diat. En effet, il souligne la <strong>richesse dynamique du Syst\u00e8me solaire<\/strong>, o\u00f9 chaque orbite, chaque interaction gravitationnelle, peut r\u00e9server des surprises. Les <strong>quasi\u2011lunes<\/strong> comme <strong>2025 PN7<\/strong> nous rappellent la <strong>complexit\u00e9 des m\u00e9canismes c\u00e9lestes<\/strong>.<\/p>\n<p>Ce compagnon silencieux nous pousse \u00e0 <strong>poursuivre notre exploration<\/strong>, \u00e0 <strong>renforcer nos programmes d\u2019observation<\/strong> et \u00e0 <strong>pr\u00e9parer l\u2019avenir de l\u2019astronomie plan\u00e9taire<\/strong>. M\u00eame \u00e0 <strong>proximit\u00e9 directe de notre plan\u00e8te<\/strong>, il reste encore <strong>beaucoup \u00e0 d\u00e9couvrir<\/strong>.<\/p>\n<p>Lire aussi <a href=\"https:\/\/dailygeekshow.com\/cet-evenement-celeste-jamais-vu-auparavant-a-retenu-lattention-qua-reellement-revele-lespace-cet-ete\/\" rel=\"nofollow noopener\" target=\"_blank\">Cet \u00e9v\u00e9nement c\u00e9leste jamais vu auparavant a retenu l\u2019attention : qu\u2019a r\u00e9ellement r\u00e9v\u00e9l\u00e9 l\u2019espace cet \u00e9t\u00e9 ?<\/a><\/p>\n","protected":false},"excerpt":{"rendered":"Depuis les ann\u00e9es 60, un ast\u00e9ro\u00efde discret suit la Terre sans jamais devenir sa lune. Cette \u201cquasi\u2011lune\u201d, nomm\u00e9e&hellip;\n","protected":false},"author":2,"featured_media":345783,"comment_status":"","ping_status":"","sticky":false,"template":"","format":"standard","meta":{"footnotes":""},"categories":[7],"tags":[1011,27,43,40,41,39,42,44],"class_list":{"0":"post-393517","1":"post","2":"type-post","3":"status-publish","4":"format-standard","5":"has-post-thumbnail","7":"category-sciences-et-technologies","8":"tag-fr","9":"tag-france","10":"tag-science","11":"tag-science-and-technology","12":"tag-sciences","13":"tag-sciences-et-technologies","14":"tag-technologies","15":"tag-technology"},"share_on_mastodon":{"url":"https:\/\/pubeurope.com\/@fr\/115210408746930437","error":""},"_links":{"self":[{"href":"https:\/\/www.europesays.com\/fr\/wp-json\/wp\/v2\/posts\/393517","targetHints":{"allow":["GET"]}}],"collection":[{"href":"https:\/\/www.europesays.com\/fr\/wp-json\/wp\/v2\/posts"}],"about":[{"href":"https:\/\/www.europesays.com\/fr\/wp-json\/wp\/v2\/types\/post"}],"author":[{"embeddable":true,"href":"https:\/\/www.europesays.com\/fr\/wp-json\/wp\/v2\/users\/2"}],"replies":[{"embeddable":true,"href":"https:\/\/www.europesays.com\/fr\/wp-json\/wp\/v2\/comments?post=393517"}],"version-history":[{"count":0,"href":"https:\/\/www.europesays.com\/fr\/wp-json\/wp\/v2\/posts\/393517\/revisions"}],"wp:featuredmedia":[{"embeddable":true,"href":"https:\/\/www.europesays.com\/fr\/wp-json\/wp\/v2\/media\/345783"}],"wp:attachment":[{"href":"https:\/\/www.europesays.com\/fr\/wp-json\/wp\/v2\/media?parent=393517"}],"wp:term":[{"taxonomy":"category","embeddable":true,"href":"https:\/\/www.europesays.com\/fr\/wp-json\/wp\/v2\/categories?post=393517"},{"taxonomy":"post_tag","embeddable":true,"href":"https:\/\/www.europesays.com\/fr\/wp-json\/wp\/v2\/tags?post=393517"}],"curies":[{"name":"wp","href":"https:\/\/api.w.org\/{rel}","templated":true}]}}