{"id":393562,"date":"2025-09-15T21:47:12","date_gmt":"2025-09-15T21:47:12","guid":{"rendered":"https:\/\/www.europesays.com\/fr\/393562\/"},"modified":"2025-09-15T21:47:12","modified_gmt":"2025-09-15T21:47:12","slug":"a-1-heure-de-bordeaux-cette-commune-propose-des-maisons-a-vendre-a-moins-de-100-000-euros","status":"publish","type":"post","link":"https:\/\/www.europesays.com\/fr\/393562\/","title":{"rendered":"\u00e0 1 heure de Bordeaux, cette commune propose des maisons \u00e0 vendre \u00e0 moins de 100 000 euros"},"content":{"rendered":"<p>            Par<br \/>\n        <strong><br \/>\n            <a href=\"https:\/\/actu.fr\/auteur\/charlotte-lesprit\" title=\"Consulter tous les articles de Charlotte Lesprit\" target=\"_blank\" rel=\"noopener\">Charlotte Lesprit<\/a><br \/>\n        <\/strong><\/p>\n<p>        Publi\u00e9 le<\/p>\n<p>            15 sept. 2025 \u00e0 18h59        <\/p>\n<p>En France, au premier trimestre 2025, l\u2019agence immobili\u00e8re Century 21 estime \u00e0 272 514 euros l\u2019achat d\u2019une maison et \u00e0 2 496 euros son prix au m\u00e8tre carr\u00e9. En <a href=\"https:\/\/actu.fr\/nouvelle-aquitaine\/gironde_33\" target=\"_blank\" rel=\"noopener\">Gironde<\/a>, et encore plus dans la<a href=\"https:\/\/actu.fr\/tag\/bordeaux-metropole\" target=\"_blank\" rel=\"noopener\"> m\u00e9tropole bordelaise<\/a>, d\u00e9nicher <strong>une maison de plus de 90 m\u00e8tres carr\u00e9s<\/strong> \u00e0 ces prix rel\u00e8ve parfois du v\u00e9ritable d\u00e9fi. Une \u00e9tude du Figaro Immobilier montre pourtant que <a href=\"https:\/\/actu.fr\/tag\/immobilier\" target=\"_blank\" rel=\"noopener\">des opportunit\u00e9s existent<\/a> bel et bien. Pour en profiter, dans le d\u00e9partement, il faut s\u2019\u00e9loigner un peu et\u00a0 <strong>explorer le Libournais<\/strong>, notamment une ville qui compte plus de 8 700 habitants, accessible en train ou en une heure de voiture depuis Bordeaux\u2026 sans embouteillage.\u00a0\u00a0<\/p>\n<p class=\" wall-content\">Elle n\u2019est pas la plus dynamique des villes de Gironde mais, selon une \u00e9tude r\u00e9alis\u00e9e par <a href=\"https:\/\/immobilier.lefigaro.fr\/acheter\/actualites-de-la-recherche-immobiliere\/3140-100000-euros\/?fbclid=IwY2xjawM06MlleHRuA2FlbQIxMAABHtrQBR_zuZN5bZFouCxrLe6URSqHMHe2Z3rLvW-sGYnUpxQ0lf4RzfYCG9WB_aem_5bHgk3l6IFB9c4wCLu8pfw\" target=\"_blank\" rel=\"noopener\">Le Figaro Immobilier<\/a>, elle fait partie des communes de plus de 5 000 habitants de l\u2019Hexagone dans laquelle il est possible d\u2019investir dans un bien de plus de 90 m\u00e8tres carr\u00e9s pour moins de 100 000 euros.<\/p>\n<p>Six maisons \u00e0 moins de 100 000 euros<\/p>\n<p class=\" wall-content\">Sur les 206 lieux s\u00e9lectionn\u00e9s par la r\u00e9daction, Coutras arrive \u00e0 la 161e position. Toujours selon nos confr\u00e8res, six maisons r\u00e9pondant \u00e0 ces crit\u00e8res s\u2019y trouvaient \u00e0 la vente <strong>en juin 2025<\/strong>. Une donn\u00e9e, mentionnent-ils, transmise par Yanport, une soci\u00e9t\u00e9 sp\u00e9cialis\u00e9e dans la data immobili\u00e8re.<\/p>\n<p class=\" wall-content\">Pour \u00e9tablir ce classement, 50 indicateurs r\u00e9partis en dix grandes th\u00e9matiques ont \u00e9t\u00e9 analys\u00e9s. En t\u00eate des crit\u00e8res les plus d\u00e9terminants : <strong>le dynamisme de l\u2019emploi<\/strong>, avec un coefficient de 6. Viennent ensuite la qualit\u00e9 de la <strong>couverture num\u00e9rique<\/strong>, la s\u00e9curit\u00e9, la stabilit\u00e9 des finances municipales et la capacit\u00e9 d\u2019achat immobilier \u2014 mesur\u00e9e en nombre d\u2019ann\u00e9es de revenus n\u00e9cessaires pour acqu\u00e9rir un logement.<\/p>\n<p class=\" wall-content\">Enfin, des \u00e9l\u00e9ments comme l\u2019<a href=\"https:\/\/actu.fr\/tag\/education\" target=\"_blank\" rel=\"noopener\">\u00e9ducation<\/a>, la <a href=\"https:\/\/actu.fr\/loisirs-culture\" target=\"_blank\" rel=\"noopener\">culture<\/a>, l\u2019<a href=\"https:\/\/actu.fr\/tag\/environnement\" target=\"_blank\" rel=\"noopener\">environnement<\/a>, l\u2019engagement \u00e9cologique, <strong>les services de soins<\/strong> ou encore les infrastructures sportives ont \u00e9t\u00e9 pris en compte, mais de mani\u00e8re moins significative, avec un coefficient de 1. Une moyenne pond\u00e9r\u00e9e a ensuite permis d\u2019obtenir une note globale qui a permis d\u2019obtenir ce classement g\u00e9n\u00e9ral.\u00a0<\/p>\n<p class=\" wall-content\"><strong>D\u00e9tail des notes pour Coutras :<\/strong><\/p>\n<ul class=\" wall-content\">\n<li>Emploi\u00a0:\u00a047.71<\/li>\n<li>Couverture num\u00e9rique\u00a0:\u00a045.48<\/li>\n<li>Stabilit\u00e9 financi\u00e8re municipale\u00a0:\u00a034.26<\/li>\n<li>S\u00e9curit\u00e9\u00a0:\u00a057.88<\/li>\n<li>Accessibilit\u00e9 financi\u00e8re\u00a0:\u00a065.91<\/li>\n<li>Environnement\u00a0:\u00a067.96<\/li>\n<li>Services de soins\u00a0:\u00a029.84<\/li>\n<li>Infrastructures sportives\u00a0:\u00a020.97<\/li>\n<li>Education et culture\u00a0:\u00a024.79<\/li>\n<li>Engagement \u00e9cologique\u00a0:\u00a051.39<\/li>\n<\/ul>\n<p>Votre r\u00e9gion, votre actu !<\/p>\n<p>Recevez chaque jour les infos qui comptent pour vous.<\/p>\n<p>\t<a href=\"https:\/\/actu.fr\/newsletter\" class=\"ac-btn ac-btn--corner ac-btn--medium ac-btn--blue800\" target=\"_blank\" rel=\"noopener\">S&rsquo;incrire<\/a><\/p>\n<p class=\" wall-content\">Ainsi, sur 100, Coutras a obtenu<strong> la note de 42,62<\/strong> avec de moins bons r\u00e9sultats pour l\u2019\u00e9ducation et la culture ou encore les services de soins. En revanche, on notera que la ville dispose d\u2019un relatif bon r\u00e9sultat pour son accessibilit\u00e9 financi\u00e8re et surtout son environnement.\u00a0<\/p>\n<p class=\" wall-content\">Personnalisez votre actualit\u00e9 en ajoutant vos villes et m\u00e9dias en favori avec <a href=\"https:\/\/moncompte.actu.fr\" title=\"D\u00e9couvez Mon Actu\" rel=\"nofollow noopener\" data-trk=\"{&quot;cta&quot;:{&quot;action&quot;:&quot;https:\\\/\\\/moncompte.actu.fr&quot;,&quot;category&quot;:&quot;mon compte&quot;,&quot;from&quot;:&quot;article footer&quot;,&quot;name&quot;:&quot;Mon actu&quot;,&quot;type&quot;:&quot;cta&quot;}}\" target=\"_blank\">Mon Actu<\/a>.<\/p>\n","protected":false},"excerpt":{"rendered":"Par Charlotte Lesprit Publi\u00e9 le 15 sept. 2025 \u00e0 18h59 En France, au premier trimestre 2025, l\u2019agence immobili\u00e8re&hellip;\n","protected":false},"author":2,"featured_media":393563,"comment_status":"","ping_status":"","sticky":false,"template":"","format":"standard","meta":{"footnotes":""},"categories":[2817],"tags":[1111,11,1997,1777,674,1011,27,1116,2142,12,2219,2922,25,104],"class_list":{"0":"post-393562","1":"post","2":"type-post","3":"status-publish","4":"format-standard","5":"has-post-thumbnail","7":"category-bordeaux","8":"tag-actu","9":"tag-actualites","10":"tag-bordeaux","11":"tag-eu","12":"tag-europe","13":"tag-fr","14":"tag-france","15":"tag-immobilier","16":"tag-maison","17":"tag-news","18":"tag-nouvelle-aquitaine","19":"tag-pouvoir-dachat","20":"tag-republique-francaise","21":"tag-societe"},"share_on_mastodon":{"url":"https:\/\/pubeurope.com\/@fr\/115210514856395704","error":""},"_links":{"self":[{"href":"https:\/\/www.europesays.com\/fr\/wp-json\/wp\/v2\/posts\/393562","targetHints":{"allow":["GET"]}}],"collection":[{"href":"https:\/\/www.europesays.com\/fr\/wp-json\/wp\/v2\/posts"}],"about":[{"href":"https:\/\/www.europesays.com\/fr\/wp-json\/wp\/v2\/types\/post"}],"author":[{"embeddable":true,"href":"https:\/\/www.europesays.com\/fr\/wp-json\/wp\/v2\/users\/2"}],"replies":[{"embeddable":true,"href":"https:\/\/www.europesays.com\/fr\/wp-json\/wp\/v2\/comments?post=393562"}],"version-history":[{"count":0,"href":"https:\/\/www.europesays.com\/fr\/wp-json\/wp\/v2\/posts\/393562\/revisions"}],"wp:featuredmedia":[{"embeddable":true,"href":"https:\/\/www.europesays.com\/fr\/wp-json\/wp\/v2\/media\/393563"}],"wp:attachment":[{"href":"https:\/\/www.europesays.com\/fr\/wp-json\/wp\/v2\/media?parent=393562"}],"wp:term":[{"taxonomy":"category","embeddable":true,"href":"https:\/\/www.europesays.com\/fr\/wp-json\/wp\/v2\/categories?post=393562"},{"taxonomy":"post_tag","embeddable":true,"href":"https:\/\/www.europesays.com\/fr\/wp-json\/wp\/v2\/tags?post=393562"}],"curies":[{"name":"wp","href":"https:\/\/api.w.org\/{rel}","templated":true}]}}