{"id":393642,"date":"2025-09-15T22:34:10","date_gmt":"2025-09-15T22:34:10","guid":{"rendered":"https:\/\/www.europesays.com\/fr\/393642\/"},"modified":"2025-09-15T22:34:10","modified_gmt":"2025-09-15T22:34:10","slug":"boualem-sansal-repond-a-sa-candidature-forcee-par-lextreme-droite-europeenne-pour-le-prix-sakharov","status":"publish","type":"post","link":"https:\/\/www.europesays.com\/fr\/393642\/","title":{"rendered":"Boualem Sansal r\u00e9pond \u00e0 sa \u00ab\u00a0candidature forc\u00e9e\u00a0\u00bb par l\u2019extr\u00eame droite europ\u00e9enne pour le prix Sakharov"},"content":{"rendered":"<p>        <img decoding=\"async\" loading=\"lazy\" src=\"https:\/\/www.europesays.com\/fr\/wp-content\/uploads\/2025\/09\/e67e700_1734440584408-000-par8316068.jpg\"  width=\"728\" height=\"410\" alt=\"Boualem Sansal, ici le 29\u00a0octobre 2015 \u00e0 Paris.\"\/>  <\/p>\n<p>FRANCOIS GUILLOT \/ AFP<\/p>\n<p>Boualem Sansal, ici le 29\u00a0octobre 2015 \u00e0 Paris.<\/p>\n<p class=\"asset asset-text\">CULTURE &#8211; Loin d\u2019\u00eatre un honneur. L\u2019\u00e9crivain franco-alg\u00e9rien <a href=\"https:\/\/www.huffingtonpost.fr\/international\/article\/boualem-sansal-toujours-pas-gracie-par-l-algerie-renonce-a-se-pourvoir-en-cassation_252255.html\" rel=\"nofollow noopener\" target=\"_blank\">Boualem Sansal <\/a>s\u2019oppose \u00e0 sa nomination pour le<a href=\"https:\/\/www.huffingtonpost.fr\/politique\/article\/prix-sakharov-elon-musk-elimine-le-rn-subit-un-revers-symbolique-au-parlement-europeen_241005.html\" rel=\"nofollow noopener\" target=\"_blank\"> Prix Sakharov <\/a>2025 par le groupe d\u2019extr\u00eame droite au Parlement europ\u00e9en pr\u00e9sid\u00e9 par Jordan Bardella (RN), a expliqu\u00e9 ce lundi 15\u00a0septembre son \u00e9diteur Gallimard.<\/p>\n<p class=\"asset asset-text\">Le groupe \u00ab\u00a0Patriotes pour l\u2019Europe\u00a0\u00bb (PfE), qui compte 85 eurod\u00e9put\u00e9s, a propos\u00e9 le nom de l\u2019\u00e9crivain, emprisonn\u00e9 depuis le 16 novembre 2024 en Alg\u00e9rie, pour le prix annuel europ\u00e9en \u00ab\u00a0pour la libert\u00e9 de l\u2019esprit\u00a0\u00bb.<\/p>\n<p class=\"asset asset-text\">\u00ab\u00a0Malgr\u00e9 la tr\u00e8s grande estime dans laquelle il tient ce prix, Boualem Sansal, par la voie de son \u00e9pouse, \u00e0 fait savoir qu\u2019il consid\u00e9rait comme irrecevable\u00a0cette d\u00e9marche insidieusement partisane\u00a0\u00bb, a indiqu\u00e9 Antoine Gallimard dans un communiqu\u00e9.<\/p>\n<p>    \u00ab\u00a0le radicalit\u00e9 politique est \u00e9trang\u00e8re \u00e0 l\u2019esprit de tol\u00e9rance\u00a0\u00bb    <\/p>\n<p class=\"asset asset-text\">\u00ab\u00a0L\u2019engagement continu de Boualem Sansal en faveur de la paix et de la libert\u00e9 ne justifie en aucun cas qu\u2019en son absence, on associe son nom et ses \u00e9crits aux vis\u00e9es d\u2019un mouvement dont la radicalit\u00e9 politique est \u00e9trang\u00e8re \u00e0 l\u2019esprit de tol\u00e9rance qu\u2019il a toujours promu\u00a0\u00bb, a-t-il ajout\u00e9.<\/p>\n<p class=\"asset asset-text\">L\u2019\u00e9diteur a pr\u00e9cis\u00e9 que, \u00ab\u00a0s\u2019il advenait que cette \u201ccandidature\u2019\u201d forc\u00e9e \u00e9tait retenue, ce prix Sakharov serait refus\u00e9 par les repr\u00e9sentants de l\u2019\u00e9crivain en France\u00a0\u00bb.<\/p>\n<p class=\"asset asset-text\">\u00c2g\u00e9 de 80 ans et malade, Boualem Sansal a \u00e9t\u00e9 condamn\u00e9 \u00e0 5 ans de prison ferme notamment pour \u00ab\u00a0atteinte \u00e0 l\u2019unit\u00e9 nationale\u00a0\u00bb. Le romancier et essayiste a \u00e9t\u00e9 condamn\u00e9 notamment pour des d\u00e9clarations en octobre 2024 au m\u00e9dia fran\u00e7ais d\u2019extr\u00eame droite Fronti\u00e8res, o\u00f9 il estimait que l\u2019Alg\u00e9rie avait h\u00e9rit\u00e9 sous la colonisation fran\u00e7aise de territoires appartenant jusque-l\u00e0 au Maroc.<\/p>\n<p>    Rassemblement \u00ab\u00a0pacifique\u00a0\u00bb mercredi soir \u00e0 Paris    <\/p>\n<p class=\"asset asset-text\">Plusieurs romanciers, dont Paule Constant, Kamel Daoud et le prix Nobel de litt\u00e9rature JMG Le Cl\u00e9zio, ont particip\u00e9 \u00e0 un rassemblement de soutien ce week-end au festival du livre de Nancy.<\/p>\n<p class=\"asset asset-text\">Un \u00ab\u00a0collectif de citoyens\u00a0\u00bb a appel\u00e9 \u00e0 un rassemblement \u00ab\u00a0pacifique\u00a0\u00bb mercredi soir \u00e0 Paris. Une adaptation de son roman\u00a0Le village de l\u2019Allemand\u00a0sera \u00e9galement jou\u00e9e dans la soir\u00e9e dans un th\u00e9\u00e2tre parisien.<\/p>\n<p class=\"asset asset-text\">En ao\u00fbt, Emmanuel Macron avait affirm\u00e9 que la France devait agir \u00ab\u00a0avec plus de fermet\u00e9 et de d\u00e9termination\u00a0\u00bb vis-\u00e0-vis de l\u2019Alg\u00e9rie, \u00e9voquant le \u00ab\u00a0sort r\u00e9serv\u00e9\u00a0\u00bb \u00e0 Boualem Sansal et \u00e0 Christophe Gleizes, journaliste fran\u00e7ais emprisonn\u00e9 \u00e0 Tizi Ouzou.<\/p>\n","protected":false},"excerpt":{"rendered":"FRANCOIS GUILLOT \/ AFP Boualem Sansal, ici le 29\u00a0octobre 2015 \u00e0 Paris. CULTURE &#8211; Loin d\u2019\u00eatre un honneur.&hellip;\n","protected":false},"author":2,"featured_media":393643,"comment_status":"","ping_status":"","sticky":false,"template":"","format":"standard","meta":{"footnotes":""},"categories":[4],"tags":[11,4142,251,2006,1011,27,1351,12,25],"class_list":{"0":"post-393642","1":"post","2":"type-post","3":"status-publish","4":"format-standard","5":"has-post-thumbnail","7":"category-france","8":"tag-actualites","9":"tag-boualem-sansal","10":"tag-culture","11":"tag-ecrivains","12":"tag-fr","13":"tag-france","14":"tag-litterature","15":"tag-news","16":"tag-republique-francaise"},"share_on_mastodon":{"url":"https:\/\/pubeurope.com\/@fr\/115210700026899125","error":""},"_links":{"self":[{"href":"https:\/\/www.europesays.com\/fr\/wp-json\/wp\/v2\/posts\/393642","targetHints":{"allow":["GET"]}}],"collection":[{"href":"https:\/\/www.europesays.com\/fr\/wp-json\/wp\/v2\/posts"}],"about":[{"href":"https:\/\/www.europesays.com\/fr\/wp-json\/wp\/v2\/types\/post"}],"author":[{"embeddable":true,"href":"https:\/\/www.europesays.com\/fr\/wp-json\/wp\/v2\/users\/2"}],"replies":[{"embeddable":true,"href":"https:\/\/www.europesays.com\/fr\/wp-json\/wp\/v2\/comments?post=393642"}],"version-history":[{"count":0,"href":"https:\/\/www.europesays.com\/fr\/wp-json\/wp\/v2\/posts\/393642\/revisions"}],"wp:featuredmedia":[{"embeddable":true,"href":"https:\/\/www.europesays.com\/fr\/wp-json\/wp\/v2\/media\/393643"}],"wp:attachment":[{"href":"https:\/\/www.europesays.com\/fr\/wp-json\/wp\/v2\/media?parent=393642"}],"wp:term":[{"taxonomy":"category","embeddable":true,"href":"https:\/\/www.europesays.com\/fr\/wp-json\/wp\/v2\/categories?post=393642"},{"taxonomy":"post_tag","embeddable":true,"href":"https:\/\/www.europesays.com\/fr\/wp-json\/wp\/v2\/tags?post=393642"}],"curies":[{"name":"wp","href":"https:\/\/api.w.org\/{rel}","templated":true}]}}