{"id":393668,"date":"2025-09-15T22:49:10","date_gmt":"2025-09-15T22:49:10","guid":{"rendered":"https:\/\/www.europesays.com\/fr\/393668\/"},"modified":"2025-09-15T22:49:10","modified_gmt":"2025-09-15T22:49:10","slug":"voyage-au-coeur-du-sang-une-exposition-immersive-au-chu-de-rennes","status":"publish","type":"post","link":"https:\/\/www.europesays.com\/fr\/393668\/","title":{"rendered":"Voyage au c\u0153ur du sang : une exposition immersive au CHU de Rennes"},"content":{"rendered":"<p>Leuc\u00e9mies, lymphomes, my\u00e9lomes\u2026 Des noms qui font peur. Des cancers du sang qui touchent 45\u00a0000\u00a0nouvelles personnes en France par an et 2\u00a0000\u00a0en Bretagne.\u00a0Jusqu\u2019au jeudi 18\u00a0septembre 2025, le CHU de Rennes, en collaboration avec des associations de patients (Laurette Fugain, Ellye, af3m) et la firme Johnson &amp; Johnson, proposent une exposition in\u00e9dite baptis\u00e9e Voyage au c\u0153ur du sang.<\/p>\n<p><strong>Lire aussi\u00a0: <\/strong> <a href=\"https:\/\/rennes.maville.com\/actu\/actudet_-au-chu-de-rennes-le-nouveau-centre-chirurgical-a-218-millions-d-euros-a-opere-ses-premiers-patients-_7-6722075_actu.Htm\" rel=\"nofollow noopener\" target=\"_blank\">Au CHU de Rennes, le nouveau centre chirurgical \u00e0 218\u00a0millions d\u2019euros a op\u00e9r\u00e9 ses premiers patients<\/a><\/p>\n<p><strong>\u00ab\u00a0L\u2019id\u00e9e est de pouvoir, d\u2019une fa\u00e7on p\u00e9dagogique et compr\u00e9hensible, donner des informations cl\u00e9s sur ces maladies et d\u2019aller au-del\u00e0 des id\u00e9es re\u00e7ues,<\/strong> explique Alexandra, de l\u2019agence Burson Global. <strong>\u00c0 travers plusieurs panneaux dispos\u00e9s dans le grand hall du centre chirurgical interventionnel, on veut contribuer \u00e0 mieux comprendre le sang et les cancers qui l\u2019affectent, d\u00e9mystifier ces pathologies complexes et favoriser l\u2019information et la sensibilisation du grand public et des professionnels de sant\u00e9.\u00a0\u00bb<\/strong><\/p>\n<p><strong>Nouvelles m\u00e9thodes de soins<\/strong><\/p>\n<p>L\u2019exposition comporte \u00e9galement des parties ludiques pour tester ses connaissances et des s\u00e9quences interactives avec des t\u00e9moignages de patients et de professionnels de la sant\u00e9. Int\u00e9ressant \u00e9galement de se plonger dans les nouvelles m\u00e9thodes de soins dont les th\u00e9rapies cibl\u00e9es et l\u2019immunoth\u00e9rapie. \u00c0 d\u00e9couvrir <a href=\"https:\/\/rennes.maville.com\/actu\/actudet_-vaisseau-amiral-du-futur-chu-de-rennes-on-a-visite-le-nouveau-centre-chirurgical-et-ses-55-blocs-_7-6712615_actu.Htm\" rel=\"nofollow noopener\" target=\"_blank\">dans le grand hall du centre chirurgical du CHU de Rennes<\/a>, site de Pontchaillou. Entr\u00e9e libre<\/p>\n<p>\u00a0<\/p>\n","protected":false},"excerpt":{"rendered":"Leuc\u00e9mies, lymphomes, my\u00e9lomes\u2026 Des noms qui font peur. Des cancers du sang qui touchent 45\u00a0000\u00a0nouvelles personnes en France&hellip;\n","protected":false},"author":2,"featured_media":393669,"comment_status":"","ping_status":"","sticky":false,"template":"","format":"standard","meta":{"footnotes":""},"categories":[2821],"tags":[1111,11,829,4309,1777,674,3293,1011,27,33734,12,584,25,7233,11489,586],"class_list":{"0":"post-393668","1":"post","2":"type-post","3":"status-publish","4":"format-standard","5":"has-post-thumbnail","7":"category-rennes","8":"tag-actu","9":"tag-actualites","10":"tag-bretagne","11":"tag-chu","12":"tag-eu","13":"tag-europe","14":"tag-exposition","15":"tag-fr","16":"tag-france","17":"tag-immersive","18":"tag-news","19":"tag-rennes","20":"tag-republique-francaise","21":"tag-sang","22":"tag-ur","23":"tag-voyage"},"share_on_mastodon":{"url":"https:\/\/pubeurope.com\/@fr\/115210758683224414","error":""},"_links":{"self":[{"href":"https:\/\/www.europesays.com\/fr\/wp-json\/wp\/v2\/posts\/393668","targetHints":{"allow":["GET"]}}],"collection":[{"href":"https:\/\/www.europesays.com\/fr\/wp-json\/wp\/v2\/posts"}],"about":[{"href":"https:\/\/www.europesays.com\/fr\/wp-json\/wp\/v2\/types\/post"}],"author":[{"embeddable":true,"href":"https:\/\/www.europesays.com\/fr\/wp-json\/wp\/v2\/users\/2"}],"replies":[{"embeddable":true,"href":"https:\/\/www.europesays.com\/fr\/wp-json\/wp\/v2\/comments?post=393668"}],"version-history":[{"count":0,"href":"https:\/\/www.europesays.com\/fr\/wp-json\/wp\/v2\/posts\/393668\/revisions"}],"wp:featuredmedia":[{"embeddable":true,"href":"https:\/\/www.europesays.com\/fr\/wp-json\/wp\/v2\/media\/393669"}],"wp:attachment":[{"href":"https:\/\/www.europesays.com\/fr\/wp-json\/wp\/v2\/media?parent=393668"}],"wp:term":[{"taxonomy":"category","embeddable":true,"href":"https:\/\/www.europesays.com\/fr\/wp-json\/wp\/v2\/categories?post=393668"},{"taxonomy":"post_tag","embeddable":true,"href":"https:\/\/www.europesays.com\/fr\/wp-json\/wp\/v2\/tags?post=393668"}],"curies":[{"name":"wp","href":"https:\/\/api.w.org\/{rel}","templated":true}]}}