{"id":393670,"date":"2025-09-15T22:50:25","date_gmt":"2025-09-15T22:50:25","guid":{"rendered":"https:\/\/www.europesays.com\/fr\/393670\/"},"modified":"2025-09-15T22:50:25","modified_gmt":"2025-09-15T22:50:25","slug":"blocages-manifestation-a-quoi-sattendre-pour-la-suite-de-la-mobilisation","status":"publish","type":"post","link":"https:\/\/www.europesays.com\/fr\/393670\/","title":{"rendered":"blocages, manifestation\u2026 \u00e0 quoi s&rsquo;attendre pour la suite de la mobilisation\u00a0?"},"content":{"rendered":"<p>            Par<br \/>\n        <strong><br \/>\n            <a href=\"https:\/\/actu.fr\/auteur\/laurene-fertin\" title=\"Consulter tous les articles de Laur\u00e8ne Fertin\" target=\"_blank\" rel=\"noopener\">Laur\u00e8ne Fertin<\/a><br \/>\n        <\/strong><\/p>\n<p>        Publi\u00e9 le<\/p>\n<p>            15 sept. 2025 \u00e0 15h27        <\/p>\n<p>Le mouvement Bloquons tout a particuli\u00e8rement \u00e9t\u00e9 suivi \u00e0 Rennes, mercredi 10\u00a0septembre 2025. <strong>Rocade bloqu\u00e9e,<\/strong> <a href=\"https:\/\/actu.fr\/bretagne\/rennes_35238\/bus-incendie-a-rennes-lors-de-la-greve-du-10-septembre-on-connait-l-origine-du-feu_63152272.html\" target=\"_blank\" rel=\"noopener\"><strong>bus incendi\u00e9<\/strong><\/a><strong>, manifestation<\/strong> dans le centre-ville\u2026 <a href=\"https:\/\/actu.fr\/bretagne\/rennes_35238\/10-septembre-a-rennes-rocade-bloquee-bus-incendie-interpellations-ce-qu-il-faut-retenir-de-cette-journee_63145725.html\" target=\"_blank\" rel=\"noopener\">La r\u00e9daction \u00e9tait mobilis\u00e9e pour vous informer le jour J<\/a>. <a href=\"https:\/\/actu.fr\/bretagne\/rennes_35238\/bloquons-tout-a-rennes-ce-13-septembre-des-rassemblements-dont-un-bloquant-le-trafic-leve-par-la-police_63158055.html\" target=\"_blank\" rel=\"noopener\">Samedi 13\u00a0septembre, plusieurs actions \u00e9taient \u00e9galement men\u00e9es sur les ronds-points<\/a>.\u00a0Quelle sera la suite de ce mouvement d\u2019ici les prochains jours\u2009? Pour le moment,<strong> des actions seront pr\u00e9vues jeudi<\/strong> 18\u00a0septembre mais aussi la veille, <strong>mercredi<\/strong> 17\u00a0septembre.<\/p>\n<p>Des blocages d\u00e8s 6h<\/p>\n<p class=\" wall-content\">Mercredi, en effet, selon le collectif <strong>Bloquons tout 35<\/strong>, des <strong>blocages<\/strong> sont pr\u00e9vus mercredi \u00e0 6h. Toutefois, <strong>aucune pr\u00e9cision<\/strong> n\u2019a encore \u00e9t\u00e9 donn\u00e9e sur <strong>les lieux investis<\/strong> par les manifestants et manifestantes.<\/p>\n<p class=\" wall-content\"><a href=\"https:\/\/www.instagram.com\/p\/DOk9y5vDXcr\/embed\" title=\"Ouvrir le lien sur Instagram\" target=\"_blank\" rel=\"noopener\">Visualiser le contenu sur Instagram<\/a><\/p>\n<p>Une manifestation jeudi<\/p>\n<p class=\" wall-content\">Jeudi 18\u00a0septembre, <strong>une manifestation<\/strong> organis\u00e9e par <strong>l\u2019intersyndicale<\/strong> \u2013 CFDT, CGT, FO, CFE-CGC, CFTC, Unsa, FSU, Solidaire, conf\u00e9d\u00e9ration paysanne, FSE et Union Pirate \u2013 aura lieu d\u00e8s 13h. Le d\u00e9part est donn\u00e9 sur l\u2019esplanade Charles-de-Gaulle, dans le centre-ville de Rennes.<\/p>\n<p class=\" wall-content\">\u00ab\u2009Pourquoi 13h\u2009?\u2009\u00bb, indique Fabrice Lerestif, secr\u00e9taire g\u00e9n\u00e9ral Force Ouvri\u00e8re en Ille-et-Vilaine, \u00ab\u2009cet horaire atypique a \u00e9t\u00e9 choisi car on veut laisser la possibilit\u00e9 aux entreprises de tout secteur \u2013 public, priv\u00e9 \u2013 de pouvoir organiser des r\u00e9unions dans la matin\u00e9e et converger vers Rennes et ses alentours\u2009\u00bb.<\/p>\n<p class=\" wall-content\">En effet, <strong>plusieurs mobilisations<\/strong> seront organis\u00e9es dans <strong>d\u2019autres communes<\/strong> du d\u00e9partement\u2009: \u00ab\u2009Foug\u00e8res, Redon, Saint-Malo, Guichen\u2026\u2009\u00bb, \u00e9num\u00e8re Fabrice Lerestif.<\/p>\n<p>Dans les universit\u00e9s<\/p>\n<p class=\" wall-content\">Du c\u00f4t\u00e9 des \u00e9tudiants et \u00e9tudiantes, investis \u00e9galement dans la mobilisation,<strong> une assembl\u00e9e g\u00e9n\u00e9rale<\/strong> mardi 16\u00a0septembre.<\/p>\n<p>Votre r\u00e9gion, votre actu !<\/p>\n<p>Recevez chaque jour les infos qui comptent pour vous.<\/p>\n<p>\t<a href=\"https:\/\/actu.fr\/newsletter\" class=\"ac-btn ac-btn--corner ac-btn--medium ac-btn--blue800\" target=\"_blank\" rel=\"noopener\">S&rsquo;incrire<\/a><\/p>\n<p class=\" wall-content\">\u00ab\u2009On se rangera du c\u00f4t\u00e9 de l\u2019assembl\u00e9e g\u00e9n\u00e9rale et ce que les \u00e9tudiants am\u00e8nent \u00e0 appeler\u2009\u00bb, indique Fanny Le Hu\u00e9, porte-parole du syndicat l\u2019Union pirate, \u00ab\u2009que ce soit des points de blocage dans les facs ou pour la manifestation\u2009\u00bb.<\/p>\n<p class=\" wall-content\">Personnalisez votre actualit\u00e9 en ajoutant vos villes et m\u00e9dias en favori avec <a href=\"https:\/\/moncompte.actu.fr\" title=\"D\u00e9couvez Mon Actu\" rel=\"nofollow noopener\" data-trk=\"{&quot;cta&quot;:{&quot;action&quot;:&quot;https:\\\/\\\/moncompte.actu.fr&quot;,&quot;category&quot;:&quot;mon compte&quot;,&quot;from&quot;:&quot;article footer&quot;,&quot;name&quot;:&quot;Mon actu&quot;,&quot;type&quot;:&quot;cta&quot;}}\" target=\"_blank\">Mon Actu<\/a>.<\/p>\n<p>                    <script async src=\"\/\/www.instagram.com\/embed.js\"><\/script><\/p>\n","protected":false},"excerpt":{"rendered":"Par Laur\u00e8ne Fertin Publi\u00e9 le 15 sept. 2025 \u00e0 15h27 Le mouvement Bloquons tout a particuli\u00e8rement \u00e9t\u00e9 suivi&hellip;\n","protected":false},"author":2,"featured_media":393671,"comment_status":"","ping_status":"","sticky":false,"template":"","format":"standard","meta":{"footnotes":""},"categories":[2821],"tags":[1111,11,829,1777,674,1011,27,6151,1272,50957,12,584,25,104],"class_list":{"0":"post-393670","1":"post","2":"type-post","3":"status-publish","4":"format-standard","5":"has-post-thumbnail","7":"category-rennes","8":"tag-actu","9":"tag-actualites","10":"tag-bretagne","11":"tag-eu","12":"tag-europe","13":"tag-fr","14":"tag-france","15":"tag-greve","16":"tag-manifestations","17":"tag-mouvement-du-10-septembre","18":"tag-news","19":"tag-rennes","20":"tag-republique-francaise","21":"tag-societe"},"share_on_mastodon":{"url":"https:\/\/pubeurope.com\/@fr\/115210762668583742","error":""},"_links":{"self":[{"href":"https:\/\/www.europesays.com\/fr\/wp-json\/wp\/v2\/posts\/393670","targetHints":{"allow":["GET"]}}],"collection":[{"href":"https:\/\/www.europesays.com\/fr\/wp-json\/wp\/v2\/posts"}],"about":[{"href":"https:\/\/www.europesays.com\/fr\/wp-json\/wp\/v2\/types\/post"}],"author":[{"embeddable":true,"href":"https:\/\/www.europesays.com\/fr\/wp-json\/wp\/v2\/users\/2"}],"replies":[{"embeddable":true,"href":"https:\/\/www.europesays.com\/fr\/wp-json\/wp\/v2\/comments?post=393670"}],"version-history":[{"count":0,"href":"https:\/\/www.europesays.com\/fr\/wp-json\/wp\/v2\/posts\/393670\/revisions"}],"wp:featuredmedia":[{"embeddable":true,"href":"https:\/\/www.europesays.com\/fr\/wp-json\/wp\/v2\/media\/393671"}],"wp:attachment":[{"href":"https:\/\/www.europesays.com\/fr\/wp-json\/wp\/v2\/media?parent=393670"}],"wp:term":[{"taxonomy":"category","embeddable":true,"href":"https:\/\/www.europesays.com\/fr\/wp-json\/wp\/v2\/categories?post=393670"},{"taxonomy":"post_tag","embeddable":true,"href":"https:\/\/www.europesays.com\/fr\/wp-json\/wp\/v2\/tags?post=393670"}],"curies":[{"name":"wp","href":"https:\/\/api.w.org\/{rel}","templated":true}]}}