{"id":393781,"date":"2025-09-15T23:54:10","date_gmt":"2025-09-15T23:54:10","guid":{"rendered":"https:\/\/www.europesays.com\/fr\/393781\/"},"modified":"2025-09-15T23:54:10","modified_gmt":"2025-09-15T23:54:10","slug":"previsions-du-mardi-16-septembre-2025-5","status":"publish","type":"post","link":"https:\/\/www.europesays.com\/fr\/393781\/","title":{"rendered":"pr\u00e9visions du mardi 16 septembre 2025"},"content":{"rendered":"<p>C&rsquo;est une belle journ\u00e9e dont va profiter Montpellier, o\u00f9 le soleil va briller avec force. Les valeurs iront de 19 \u00e0 28\u00b0C. Le matin, un modeste vent de nord-ouest sera ressenti par les habitants. Les temp\u00e9ratures vont grimper pendant l&rsquo;apr\u00e8s-midi de plusieurs degr\u00e9s. Les valeurs s&rsquo;\u00e9chelonneront entre 25 et 28\u00b0C. Le ciel sera relativement lumineux, avec quelques \u00e9claircies le soir. Les valeurs avoisineront les 21\u00b0C. Le passage de mardi \u00e0 mercredi se fera sous un ciel limpide.<\/p>\n<p>Un bel ensoleillement est attendu demain \u00e0 Montpellier. Une baisse du mercure est \u00e0 pr\u00e9voir. Le mercure affichera 23\u00b0C en moyenne. Un vent de nord-ouest soufflera un peu, avec 5 km\/h dans la matin\u00e9e. Les temp\u00e9ratures vont conna\u00eetre une augmentation de plusieurs degr\u00e9s dans l&rsquo;apr\u00e8s-midi. Les valeurs afficheront entre 26 et 28\u00b0C. Des \u00e9claircies sont pr\u00e9vues : on passera une soir\u00e9e cl\u00e9mente. Il va faire 22\u00b0C en moyenne. Une petite brise de sud-ouest soufflera.<\/p>\n<p>Peu de changements au fil des jours. On pr\u00e9voit des journ\u00e9es ensoleill\u00e9es, avec des temp\u00e9ratures dans les 26\u00b0C en moyenne.<\/p>\n<p><\/p>\n","protected":false},"excerpt":{"rendered":"C&rsquo;est une belle journ\u00e9e dont va profiter Montpellier, o\u00f9 le soleil va briller avec force. Les valeurs iront&hellip;\n","protected":false},"author":2,"featured_media":393782,"comment_status":"","ping_status":"","sticky":false,"template":"","format":"standard","meta":{"footnotes":""},"categories":[9599],"tags":[1111,11,1777,674,1011,27,7089,2681,2208,12,2680,2119,25],"class_list":{"0":"post-393781","1":"post","2":"type-post","3":"status-publish","4":"format-standard","5":"has-post-thumbnail","7":"category-montpellier","8":"tag-actu","9":"tag-actualites","10":"tag-eu","11":"tag-europe","12":"tag-fr","13":"tag-france","14":"tag-herault","15":"tag-languedoc-roussillon","16":"tag-montpellier","17":"tag-news","18":"tag-occitanie","19":"tag-previsions-meteo","20":"tag-republique-francaise"},"share_on_mastodon":{"url":"https:\/\/pubeurope.com\/@fr\/115211014273895604","error":""},"_links":{"self":[{"href":"https:\/\/www.europesays.com\/fr\/wp-json\/wp\/v2\/posts\/393781","targetHints":{"allow":["GET"]}}],"collection":[{"href":"https:\/\/www.europesays.com\/fr\/wp-json\/wp\/v2\/posts"}],"about":[{"href":"https:\/\/www.europesays.com\/fr\/wp-json\/wp\/v2\/types\/post"}],"author":[{"embeddable":true,"href":"https:\/\/www.europesays.com\/fr\/wp-json\/wp\/v2\/users\/2"}],"replies":[{"embeddable":true,"href":"https:\/\/www.europesays.com\/fr\/wp-json\/wp\/v2\/comments?post=393781"}],"version-history":[{"count":0,"href":"https:\/\/www.europesays.com\/fr\/wp-json\/wp\/v2\/posts\/393781\/revisions"}],"wp:featuredmedia":[{"embeddable":true,"href":"https:\/\/www.europesays.com\/fr\/wp-json\/wp\/v2\/media\/393782"}],"wp:attachment":[{"href":"https:\/\/www.europesays.com\/fr\/wp-json\/wp\/v2\/media?parent=393781"}],"wp:term":[{"taxonomy":"category","embeddable":true,"href":"https:\/\/www.europesays.com\/fr\/wp-json\/wp\/v2\/categories?post=393781"},{"taxonomy":"post_tag","embeddable":true,"href":"https:\/\/www.europesays.com\/fr\/wp-json\/wp\/v2\/tags?post=393781"}],"curies":[{"name":"wp","href":"https:\/\/api.w.org\/{rel}","templated":true}]}}