{"id":393795,"date":"2025-09-16T00:05:12","date_gmt":"2025-09-16T00:05:12","guid":{"rendered":"https:\/\/www.europesays.com\/fr\/393795\/"},"modified":"2025-09-16T00:05:12","modified_gmt":"2025-09-16T00:05:12","slug":"previsions-du-mardi-16-septembre-2025-7","status":"publish","type":"post","link":"https:\/\/www.europesays.com\/fr\/393795\/","title":{"rendered":"pr\u00e9visions du mardi 16 septembre 2025"},"content":{"rendered":"<p>Nice va \u00eatre inond\u00e9e de soleil durant cette journ\u00e9e. Les valeurs seront de 19\u00b0C au plus bas et de 23\u00b0C au maximum. Un petit vent de sud-est soufflera. Les temp\u00e9ratures afficheront entre 19 et 23\u00b0C pendant la matin\u00e9e. Les maximales atteindront les 23\u00b0C dans l&rsquo;apr\u00e8s-midi et les minimales seront de 22\u00b0C. On pr\u00e9voit une embellie pour cette soir\u00e9e. Les valeurs tourneront autour des 21\u00b0C. Pendant que vous dormirez, dans la nuit de mardi \u00e0 mercredi, le ciel sera clair.<\/p>\n<p>Un bel ensoleillement est attendu demain \u00e0 Nice. C&rsquo;est une hausse de quelques degr\u00e9s que vont conna\u00eetre les temp\u00e9ratures. Le mercure affichera 22\u00b0C en moyenne. Les temp\u00e9ratures s&rsquo;\u00e9chelonneront entre 19\u00b0C et 24\u00b0C dans la matin\u00e9e. Une modeste brise de nord-ouest sera ressentie par les habitants. Les valeurs iront de 22 \u00e0 24\u00b0C sur l&rsquo;ensemble de l&rsquo;apr\u00e8s-midi. Des \u00e9claircies appara\u00eetront dans la soir\u00e9e. Un vent de nord-ouest soufflera l\u00e9g\u00e8rement.<\/p>\n<p>Peu de changements au fil des jours. Une m\u00e9t\u00e9o ensoleill\u00e9e, pour des temp\u00e9ratures de 24\u00b0C environ, est pr\u00e9vue.<\/p>\n<p><\/p>\n","protected":false},"excerpt":{"rendered":"Nice va \u00eatre inond\u00e9e de soleil durant cette journ\u00e9e. Les valeurs seront de 19\u00b0C au plus bas et&hellip;\n","protected":false},"author":2,"featured_media":393796,"comment_status":"","ping_status":"","sticky":false,"template":"","format":"standard","meta":{"footnotes":""},"categories":[2819],"tags":[1111,11,2898,1777,674,1011,27,12,2401,883,2119,882,25],"class_list":{"0":"post-393795","1":"post","2":"type-post","3":"status-publish","4":"format-standard","5":"has-post-thumbnail","7":"category-nice","8":"tag-actu","9":"tag-actualites","10":"tag-alpes-maritimes","11":"tag-eu","12":"tag-europe","13":"tag-fr","14":"tag-france","15":"tag-news","16":"tag-nice","17":"tag-paca","18":"tag-previsions-meteo","19":"tag-provence-alpes-cote-dazur","20":"tag-republique-francaise"},"share_on_mastodon":{"url":"https:\/\/pubeurope.com\/@fr\/115211057416231388","error":""},"_links":{"self":[{"href":"https:\/\/www.europesays.com\/fr\/wp-json\/wp\/v2\/posts\/393795","targetHints":{"allow":["GET"]}}],"collection":[{"href":"https:\/\/www.europesays.com\/fr\/wp-json\/wp\/v2\/posts"}],"about":[{"href":"https:\/\/www.europesays.com\/fr\/wp-json\/wp\/v2\/types\/post"}],"author":[{"embeddable":true,"href":"https:\/\/www.europesays.com\/fr\/wp-json\/wp\/v2\/users\/2"}],"replies":[{"embeddable":true,"href":"https:\/\/www.europesays.com\/fr\/wp-json\/wp\/v2\/comments?post=393795"}],"version-history":[{"count":0,"href":"https:\/\/www.europesays.com\/fr\/wp-json\/wp\/v2\/posts\/393795\/revisions"}],"wp:featuredmedia":[{"embeddable":true,"href":"https:\/\/www.europesays.com\/fr\/wp-json\/wp\/v2\/media\/393796"}],"wp:attachment":[{"href":"https:\/\/www.europesays.com\/fr\/wp-json\/wp\/v2\/media?parent=393795"}],"wp:term":[{"taxonomy":"category","embeddable":true,"href":"https:\/\/www.europesays.com\/fr\/wp-json\/wp\/v2\/categories?post=393795"},{"taxonomy":"post_tag","embeddable":true,"href":"https:\/\/www.europesays.com\/fr\/wp-json\/wp\/v2\/tags?post=393795"}],"curies":[{"name":"wp","href":"https:\/\/api.w.org\/{rel}","templated":true}]}}