{"id":393817,"date":"2025-09-16T00:18:16","date_gmt":"2025-09-16T00:18:16","guid":{"rendered":"https:\/\/www.europesays.com\/fr\/393817\/"},"modified":"2025-09-16T00:18:16","modified_gmt":"2025-09-16T00:18:16","slug":"un-appel-a-temoins-lance-apres-la-disparition-inquietante-dune-adolescente-de-14-ans","status":"publish","type":"post","link":"https:\/\/www.europesays.com\/fr\/393817\/","title":{"rendered":"un appel \u00e0 t\u00e9moins lanc\u00e9 apr\u00e8s la disparition inqui\u00e9tante d\u2019une adolescente de 14 ans"},"content":{"rendered":"<p itemprop=\"description\"><strong>Un appel \u00e0 t\u00e9moins a \u00e9t\u00e9 lanc\u00e9 ce lundi dans l\u2019enqu\u00eate sur la disparition inqui\u00e9tante d\u2019une adolescente de 14 ans \u00e0 St Andr\u00e9 de Corcy dans l\u2019Ain.\u00a0<\/strong><\/p>\n<p><strong>Mise \u00e0 jour 18h40 : <\/strong>La gendarmerie de l&rsquo;Ain annonce que la jeune fille a \u00e9t\u00e9 retrouv\u00e9e saine et sauve.<\/p>\n<p><strong>Article initial :<\/strong> La jeune fille a quitt\u00e9 son foyer Les Plan\u00e8tes samedi apr\u00e8s-midi, entre 15h30 et 18h, sans t\u00e9l\u00e9phone portable ni moyen de paiement.\u00a0<\/p>\n<p>L\u00e9a mesure entre 1,50 et 1,55 m\u00e8tre. Elle est de corpulence mince et a les cheveux ch\u00e2tains.<\/p>\n<p>C\u2019est la gendarmerie de Villars les Dombes qui est en charge du dossier.<\/p>\n","protected":false},"excerpt":{"rendered":"Un appel \u00e0 t\u00e9moins a \u00e9t\u00e9 lanc\u00e9 ce lundi dans l\u2019enqu\u00eate sur la disparition inqui\u00e9tante d\u2019une adolescente de&hellip;\n","protected":false},"author":2,"featured_media":393818,"comment_status":"","ping_status":"","sticky":false,"template":"","format":"standard","meta":{"footnotes":""},"categories":[1889],"tags":[1111,11,2813,2190,2430,1109,251,1112,2811,1777,674,118,1011,27,1922,1110,1114,2428,2810,12,241,316,25,2812,517,800],"class_list":{"0":"post-393817","1":"post","2":"type-post","3":"status-publish","4":"format-standard","5":"has-post-thumbnail","7":"category-lyon","8":"tag-actu","9":"tag-actualites","10":"tag-article","11":"tag-asvel","12":"tag-auvergne-rhone-alpes","13":"tag-breves","14":"tag-culture","15":"tag-depeches","16":"tag-economique","17":"tag-eu","18":"tag-europe","19":"tag-faits-divers","20":"tag-fr","21":"tag-france","22":"tag-info","23":"tag-informations","24":"tag-infos","25":"tag-lyon","26":"tag-lyonmag","27":"tag-news","28":"tag-ol","29":"tag-politique","30":"tag-republique-francaise","31":"tag-sociale","32":"tag-sport","33":"tag-transports"},"share_on_mastodon":{"url":"https:\/\/pubeurope.com\/@fr\/115211108611089820","error":""},"_links":{"self":[{"href":"https:\/\/www.europesays.com\/fr\/wp-json\/wp\/v2\/posts\/393817","targetHints":{"allow":["GET"]}}],"collection":[{"href":"https:\/\/www.europesays.com\/fr\/wp-json\/wp\/v2\/posts"}],"about":[{"href":"https:\/\/www.europesays.com\/fr\/wp-json\/wp\/v2\/types\/post"}],"author":[{"embeddable":true,"href":"https:\/\/www.europesays.com\/fr\/wp-json\/wp\/v2\/users\/2"}],"replies":[{"embeddable":true,"href":"https:\/\/www.europesays.com\/fr\/wp-json\/wp\/v2\/comments?post=393817"}],"version-history":[{"count":0,"href":"https:\/\/www.europesays.com\/fr\/wp-json\/wp\/v2\/posts\/393817\/revisions"}],"wp:featuredmedia":[{"embeddable":true,"href":"https:\/\/www.europesays.com\/fr\/wp-json\/wp\/v2\/media\/393818"}],"wp:attachment":[{"href":"https:\/\/www.europesays.com\/fr\/wp-json\/wp\/v2\/media?parent=393817"}],"wp:term":[{"taxonomy":"category","embeddable":true,"href":"https:\/\/www.europesays.com\/fr\/wp-json\/wp\/v2\/categories?post=393817"},{"taxonomy":"post_tag","embeddable":true,"href":"https:\/\/www.europesays.com\/fr\/wp-json\/wp\/v2\/tags?post=393817"}],"curies":[{"name":"wp","href":"https:\/\/api.w.org\/{rel}","templated":true}]}}