{"id":393852,"date":"2025-09-16T00:39:14","date_gmt":"2025-09-16T00:39:14","guid":{"rendered":"https:\/\/www.europesays.com\/fr\/393852\/"},"modified":"2025-09-16T00:39:14","modified_gmt":"2025-09-16T00:39:14","slug":"atp-laver-cup-fonseca-previent-alcaraz-et-zverev-jadore-jouer-contre-les-meilleurs-donc-si-andre-agassi-me-choisit-je-serai-pret","status":"publish","type":"post","link":"https:\/\/www.europesays.com\/fr\/393852\/","title":{"rendered":"ATP, Laver Cup > Fonseca pr\u00e9vient Alcaraz et Zverev : \u00ab\u00a0J&rsquo;adore jouer contre les meilleurs. Donc si Andre Agassi me choisit, je serai pr\u00eat\u00a0\u00bb"},"content":{"rendered":"<p>S\u00e9lectionn\u00e9 au sein de la Team World, coach\u00e9e par Andre Agassi, pour la nouvelle \u00e9dition de la Laver Cup qui aura lieu du 19 au 21 septembre \u00e0 San Francisco, Joao Fonseca a annonc\u00e9 la couleur lors de la conf\u00e9\u00adrence de presse apr\u00e8s son succ\u00e8s contre Stefanos Tsitsipas en Coupe Davis (victoire 3\u20131 du Br\u00e9sil face \u00e0 la\u00a0Gr\u00e8ce).\u00a0<\/p>\n<p><strong>\u00ab\u202fJ\u2019adore jouer contre les meilleurs. Affronter Carlos Alcaraz ou Sascha Zverev serait g\u00e9nial. Si Andre me choisit pour jouer contre l\u2019un des deux, je serai pr\u00eat. Je vais apporter une bonne ambiance et, je l\u2019es\u00adp\u00e8re, un excellent tennis qui aidera l\u2019\u00e9quipe \u00e0 remporter ce troph\u00e9e.\u202f\u00bb<\/strong><\/p>\n<p>Une d\u00e9cla\u00adra\u00adtion ambi\u00adtieuse qui devrait plaire \u00e0 Roger Federer, le patron de la comp\u00e9\u00adti\u00adtion par \u00e9quipes.\u00a0<\/p>\n<p class=\"post-published-date\" style=\"color: silver; font-size: 75%; text-align: left;\">Publi\u00e9 le lundi 15 septembre 2025 \u00e0 14:44<\/p>\n","protected":false},"excerpt":{"rendered":"S\u00e9lectionn\u00e9 au sein de la Team World, coach\u00e9e par Andre Agassi, pour la nouvelle \u00e9dition de la Laver&hellip;\n","protected":false},"author":2,"featured_media":393853,"comment_status":"","ping_status":"","sticky":false,"template":"","format":"standard","meta":{"footnotes":""},"categories":[1415],"tags":[18937,1744,2199,1011,27,60,1467,5443,4542],"class_list":{"0":"post-393852","1":"post","2":"type-post","3":"status-publish","4":"format-standard","5":"has-post-thumbnail","7":"category-tennis","8":"tag-agassi","9":"tag-alcaraz","10":"tag-federer","11":"tag-fr","12":"tag-france","13":"tag-sports","14":"tag-tennis","15":"tag-tsitsipas","16":"tag-zverev"},"share_on_mastodon":{"url":"https:\/\/pubeurope.com\/@fr\/115211191059997962","error":""},"_links":{"self":[{"href":"https:\/\/www.europesays.com\/fr\/wp-json\/wp\/v2\/posts\/393852","targetHints":{"allow":["GET"]}}],"collection":[{"href":"https:\/\/www.europesays.com\/fr\/wp-json\/wp\/v2\/posts"}],"about":[{"href":"https:\/\/www.europesays.com\/fr\/wp-json\/wp\/v2\/types\/post"}],"author":[{"embeddable":true,"href":"https:\/\/www.europesays.com\/fr\/wp-json\/wp\/v2\/users\/2"}],"replies":[{"embeddable":true,"href":"https:\/\/www.europesays.com\/fr\/wp-json\/wp\/v2\/comments?post=393852"}],"version-history":[{"count":0,"href":"https:\/\/www.europesays.com\/fr\/wp-json\/wp\/v2\/posts\/393852\/revisions"}],"wp:featuredmedia":[{"embeddable":true,"href":"https:\/\/www.europesays.com\/fr\/wp-json\/wp\/v2\/media\/393853"}],"wp:attachment":[{"href":"https:\/\/www.europesays.com\/fr\/wp-json\/wp\/v2\/media?parent=393852"}],"wp:term":[{"taxonomy":"category","embeddable":true,"href":"https:\/\/www.europesays.com\/fr\/wp-json\/wp\/v2\/categories?post=393852"},{"taxonomy":"post_tag","embeddable":true,"href":"https:\/\/www.europesays.com\/fr\/wp-json\/wp\/v2\/tags?post=393852"}],"curies":[{"name":"wp","href":"https:\/\/api.w.org\/{rel}","templated":true}]}}