{"id":393862,"date":"2025-09-16T00:45:11","date_gmt":"2025-09-16T00:45:11","guid":{"rendered":"https:\/\/www.europesays.com\/fr\/393862\/"},"modified":"2025-09-16T00:45:11","modified_gmt":"2025-09-16T00:45:11","slug":"laura-smet-maman-le-prenom-de-son-fils-en-3-lettres-est-dans-le-top-5-de-lofficiel-des-prenoms-2026","status":"publish","type":"post","link":"https:\/\/www.europesays.com\/fr\/393862\/","title":{"rendered":"Laura Smet maman, le pr\u00e9nom de son fils en 3 lettres est dans le Top 5 de l\u2019Officiel des pr\u00e9noms 2026"},"content":{"rendered":"<p>Les <strong>pr\u00e9noms courts<\/strong> connaissent actuellement un<br \/>\nv\u00e9ritable engouement aupr\u00e8s des jeunes parents fran\u00e7ais<br \/>\ncontemporains. Cette tendance refl\u00e8te parfaitement l\u00a0\u00bb\u00e9volution des<br \/>\ngo\u00fbts et des mentalit\u00e9s de notre \u00e9poque moderne. D&rsquo;ailleurs, les<br \/>\n<strong>c\u00e9l\u00e9brit\u00e9s<\/strong> participent activement \u00e0 cette<br \/>\ndynamique en choisissant des appellations simples et<br \/>\npercutantes.<\/p>\n<p><strong>Laura Smet<\/strong> illustre parfaitement cette<br \/>\npr\u00e9f\u00e9rence en optant pour un pr\u00e9nom de trois lettres seulement. Par<br \/>\ncons\u00e9quent, son <strong>choix maternel<\/strong> rejoint le palmar\u00e8s<br \/>\ndes <strong>pr\u00e9noms les plus pris\u00e9s de 2026<\/strong>. En effet,<br \/>\ncette d\u00e9cision s&rsquo;inscrit dans une d\u00e9marche \u00e0 la fois personnelle et<br \/>\nuniverselle.<\/p>\n<p>Les tensions familiales de Laura Smet r\u00e9v\u00e9l\u00e9es au grand<br \/>\njour<\/p>\n<p><strong>Laura Smet<\/strong> a r\u00e9cemment <a href=\"https:\/\/www.melty.fr\/people\/jade-et-joy-hallyday-elles-ne-sont-pas-laura-smet-brutalement-honnete-sur-ses-soeurs-2246628.html\" target=\"_blank\" rel=\"noopener\"><br \/>\n\u00e9voqu\u00e9 les difficult\u00e9s relationnelles<\/a> qu&rsquo;elle entretient avec<br \/>\nses demi-s\u0153urs Jade et Joy. En effet, ces derni\u00e8res subissent<br \/>\nr\u00e9guli\u00e8rement des critiques acerbes concernant leur pr\u00e9sence sur<br \/>\nles r\u00e9seaux sociaux. Par ailleurs, leurs publications en bikini<br \/>\nprovoquent invariablement des commentaires d\u00e9sobligeants de la part<br \/>\ndes internautes malveillants.<\/p>\n<p>\u00ab\u00a0La vulgarit\u00e9 dans toute sa splendeur\u00a0\u00bb, lisait-on<br \/>\nnotamment sous une r\u00e9cente publication de Joy Hallyday. Cependant,<br \/>\n<strong>Laura Smet<\/strong> a confi\u00e9 il y a plusieurs semaines dans<br \/>\nGala : \u00ab\u00a0Je me suis beaucoup frein\u00e9e car je ne veux pas faire de<br \/>\nmal \u00e0 mon p\u00e8re\u00a0\u00bb. D&rsquo;autre part, elle a \u00e9galement pr\u00e9cis\u00e9 :<br \/>\n\u00ab\u00a0Je me suis fait violence pour \u00eatre bien dans les baskets de la<br \/>\n&lsquo;fille de\u2026'\u00a0\u00bb. N\u00e9anmoins, cette <strong>situation familiale<br \/>\ncomplexe<\/strong> l&rsquo;a amen\u00e9e \u00e0 travailler avec un psychologue pour<br \/>\nsurmonter ces \u00e9preuves. Ainsi, cette d\u00e9marche th\u00e9rapeutique lui<br \/>\npermet d&rsquo;aborder sereinement les questions li\u00e9es \u00e0 sa<br \/>\nmaternit\u00e9.<\/p>\n<p>Laura Smet d\u00e9fend farouchement sa m\u00e8re Nathalie Baye contre les<br \/>\nrumeurs<\/p>\n<p>L&rsquo;actrice a r\u00e9cemment <a href=\"https:\/\/www.melty.fr\/people\/laura-smet-je-tape-du-poing-la-fille-de-nathalie-baye-remet-les-pendules-a-lheure-2261087.html\" target=\"_blank\" rel=\"noopener\"><br \/>\nexprim\u00e9 sa col\u00e8re concernant les fausses informations<\/a> circulant<br \/>\nsur l&rsquo;\u00e9tat de sant\u00e9 maternel. En effet, des rumeurs persistantes<br \/>\n\u00e9voquaient il y a quelque temps une hospitalisation pr\u00e9sum\u00e9e de<br \/>\n<strong>Nathalie Baye<\/strong>. Or, <strong>Laura Smet<\/strong> a<br \/>\ncat\u00e9goriquement d\u00e9menti ces all\u00e9gations lors d&rsquo;une intervention<br \/>\nradiophonique sur France Inter.<\/p>\n<p>\u00ab\u00a0Il y a des choses qui sortent parfois et qui polluent un<br \/>\npeu le truc, des fake news\u00a0\u00bb, a-t-elle d\u00e9clar\u00e9 avec v\u00e9h\u00e9mence.<br \/>\nPar cons\u00e9quent, elle a tenu \u00e0 rassurer d\u00e9finitivement le public en<br \/>\naffirmant : \u00ab\u00a0Ma m\u00e8re va super bien\u00a0\u00bb. De surcro\u00eet,<br \/>\n<strong>Laura Smet<\/strong> a expliqu\u00e9 : \u00ab\u00a0\u00c7a m&rsquo;a \u00e9nerv\u00e9e qu&rsquo;on<br \/>\nsalisse le truc. Je tape du poing pour ne pas que \u00e7a fasse boule de<br \/>\nneige\u00a0\u00bb. Cette d\u00e9termination illustre parfaitement sa<br \/>\nconception de la famille comme valeur fondamentale. Ainsi, cette<br \/>\nexp\u00e9rience renforce sa volont\u00e9 de prot\u00e9ger \u00e9galement son propre<br \/>\nfils des m\u00e9disances publiques.<\/p>\n<p>Laura Smet maman r\u00e9v\u00e8le le secret de<br \/>\nson choix pr\u00e9nominal tendance<\/p>\n<p><strong>Laura Smet<\/strong> a choisi <strong>L\u00e9o<\/strong> pour<br \/>\nson fils, un pr\u00e9nom actuellement class\u00e9 cinqui\u00e8me au<br \/>\n<strong>palmar\u00e8s 2026<\/strong>. Effectivement, cette appellation de<br \/>\ntrois lettres s\u00e9duit de nombreux parents par sa simplicit\u00e9 et sa<br \/>\nmodernit\u00e9 remarquable. D&rsquo;ailleurs, pr\u00e8s de 131 000 gar\u00e7ons portent<br \/>\nactuellement ce pr\u00e9nom en France selon les statistiques officielles<br \/>\nr\u00e9centes.<\/p>\n<p>Ce <strong>choix maternel<\/strong> refl\u00e8te parfaitement les<br \/>\n<strong>tendances contemporaines<\/strong> privil\u00e9giant les<br \/>\n<strong>pr\u00e9noms courts<\/strong> et percutants aujourd&rsquo;hui. En<br \/>\noutre, <strong>L\u00e9o<\/strong> signifie \u00ab\u00a0lion\u00a0\u00bb en latin, symbolisant<br \/>\nainsi la force, la pers\u00e9v\u00e9rance et la puissance caract\u00e9ristiques.<br \/>\n<strong>Laura Smet<\/strong> rejoint donc inconsciemment les parents<br \/>\nrecherchant des pr\u00e9noms charg\u00e9s de sens et d&rsquo;\u00e9nergie positive. Par<br \/>\nailleurs, cette tendance vers les diminutifs de L\u00e9on ou L\u00e9onard<br \/>\nconfirme le retour des appellations classiques revisit\u00e9es.<br \/>\nFinalement, <strong>Laura Smet<\/strong> d\u00e9montre que les<br \/>\n<strong>c\u00e9l\u00e9brit\u00e9s<\/strong> influencent significativement les choix<br \/>\nparentaux de notre \u00e9poque moderne.<\/p>\n","protected":false},"excerpt":{"rendered":"Les pr\u00e9noms courts connaissent actuellement un v\u00e9ritable engouement aupr\u00e8s des jeunes parents fran\u00e7ais contemporains. Cette tendance refl\u00e8te parfaitement&hellip;\n","protected":false},"author":2,"featured_media":393863,"comment_status":"","ping_status":"","sticky":false,"template":"","format":"standard","meta":{"footnotes":""},"categories":[1359],"tags":[58,59,1011,27,15910,973],"class_list":{"0":"post-393862","1":"post","2":"type-post","3":"status-publish","4":"format-standard","5":"has-post-thumbnail","7":"category-people","8":"tag-divertissement","9":"tag-entertainment","10":"tag-fr","11":"tag-france","12":"tag-laura-smet","13":"tag-people"},"share_on_mastodon":{"url":"https:\/\/pubeurope.com\/@fr\/115211214926154285","error":""},"_links":{"self":[{"href":"https:\/\/www.europesays.com\/fr\/wp-json\/wp\/v2\/posts\/393862","targetHints":{"allow":["GET"]}}],"collection":[{"href":"https:\/\/www.europesays.com\/fr\/wp-json\/wp\/v2\/posts"}],"about":[{"href":"https:\/\/www.europesays.com\/fr\/wp-json\/wp\/v2\/types\/post"}],"author":[{"embeddable":true,"href":"https:\/\/www.europesays.com\/fr\/wp-json\/wp\/v2\/users\/2"}],"replies":[{"embeddable":true,"href":"https:\/\/www.europesays.com\/fr\/wp-json\/wp\/v2\/comments?post=393862"}],"version-history":[{"count":0,"href":"https:\/\/www.europesays.com\/fr\/wp-json\/wp\/v2\/posts\/393862\/revisions"}],"wp:featuredmedia":[{"embeddable":true,"href":"https:\/\/www.europesays.com\/fr\/wp-json\/wp\/v2\/media\/393863"}],"wp:attachment":[{"href":"https:\/\/www.europesays.com\/fr\/wp-json\/wp\/v2\/media?parent=393862"}],"wp:term":[{"taxonomy":"category","embeddable":true,"href":"https:\/\/www.europesays.com\/fr\/wp-json\/wp\/v2\/categories?post=393862"},{"taxonomy":"post_tag","embeddable":true,"href":"https:\/\/www.europesays.com\/fr\/wp-json\/wp\/v2\/tags?post=393862"}],"curies":[{"name":"wp","href":"https:\/\/api.w.org\/{rel}","templated":true}]}}