{"id":393880,"date":"2025-09-16T00:55:15","date_gmt":"2025-09-16T00:55:15","guid":{"rendered":"https:\/\/www.europesays.com\/fr\/393880\/"},"modified":"2025-09-16T00:55:15","modified_gmt":"2025-09-16T00:55:15","slug":"ce-village-de-montagne-en-savoie-est-comme-un-mini-chamonix-avec-ses-chalets-et-ses-panoramas-alpins","status":"publish","type":"post","link":"https:\/\/www.europesays.com\/fr\/393880\/","title":{"rendered":"Ce village de montagne en Savoie est comme un mini Chamonix avec ses chalets et ses panoramas alpins"},"content":{"rendered":"<p>Laissez-moi vous emmener \u00e0 la d\u00e9couverte de Bonneval-sur-Arc, ce joyau cach\u00e9 de la Savoie que j\u2019ai eu la chance d\u2019\u00e9tudier r\u00e9cemment. Nich\u00e9e \u00e0 1800 m\u00e8tres d\u2019altitude, cette p\u00e9pite alpine m\u2019a litt\u00e9ralement coup\u00e9 le souffle d\u00e8s mon arriv\u00e9e. Avec ses chalets traditionnels en pierre et en bois et ses panoramas \u00e0 couper le souffle, j\u2019ai imm\u00e9diatement compris pourquoi on le surnomme souvent le \u00ab\u00a0mini Chamonix\u00a0\u00bb de la Savoie. Je vous propose de partager mon coup de c\u0153ur pour ce village authentique qui a su pr\u00e9server son \u00e2me malgr\u00e9 les ann\u00e9es.<\/p>\n<p>Bonneval-sur-Arc, un tr\u00e9sor pr\u00e9serv\u00e9 au c\u0153ur de la Haute-Maurienne<\/p>\n<p>D\u00e8s que vous posez le pied \u00e0 Bonneval-sur-Arc, le temps semble s\u2019arr\u00eater. J\u2019ai \u00e9t\u00e9 instantan\u00e9ment s\u00e9duite par l\u2019authenticit\u00e9 qui se d\u00e9gage de ce <strong>village class\u00e9 parmi les plus beaux de France<\/strong>. Contrairement \u00e0 Chamonix devenue tr\u00e8s touristique, Bonneval a su conserver son caract\u00e8re originel avec ses ruelles \u00e9troites et pav\u00e9es o\u00f9 j\u2019ai ador\u00e9 me perdre pendant des heures.<\/p>\n<p>L\u2019architecture traditionnelle savoyarde y est pr\u00e9serv\u00e9e comme nulle part ailleurs. Les <strong>chalets en pierre et toits de lauze<\/strong> t\u00e9moignent d\u2019un savoir-faire ancestral que j\u2019ai pu admirer \u00e0 chaque coin de rue. Ces habitations robustes, con\u00e7ues pour r\u00e9sister aux rigueurs de l\u2019hiver alpin, racontent \u00e0 elles seules l\u2019histoire de ce village d\u2019altitude.<\/p>\n<p>Ce qui m\u2019a particuli\u00e8rement marqu\u00e9e, c\u2019est l\u2019harmonie parfaite entre les constructions humaines et le cadre naturel. Les sommets enneig\u00e9s qui encadrent le village offrent un \u00e9crin majestueux \u00e0 ce patrimoine architectural. J\u2019ai pass\u00e9 des heures \u00e0 photographier ces contrastes saisissants entre pierre et neige, tradition et nature sauvage.<\/p>\n<p>Des panoramas alpins \u00e0 couper le souffle<\/p>\n<p>Si vous cherchez des vues imprenables sur les Alpes, Bonneval-sur-Arc est votre destination id\u00e9ale. J\u2019ai eu la chance de d\u00e9couvrir des <strong>panoramas spectaculaires sur les glaciers environnants<\/strong>, notamment celui des \u00c9vettes, qui m\u2019ont laiss\u00e9e sans voix. Imaginez-vous face \u00e0 ces g\u00e9ants blancs, avec pour seule compagnie le silence des montagnes \u2013 une exp\u00e9rience que j\u2019ai trouv\u00e9e profond\u00e9ment ressour\u00e7ante.<\/p>\n<p>Les randonn\u00e9es autour du village offrent des points de vue exceptionnels que j\u2019ai visit\u00e9s avec enthousiasme. Voici mes pr\u00e9f\u00e9r\u00e9s, class\u00e9s par niveau de difficult\u00e9 :<\/p>\n<ol>\n<li>Le sentier du Pont de l\u2019Oulietta \u2013 facile et accessible \u00e0 tous<\/li>\n<li>La mont\u00e9e vers l\u2019\u00c9cot \u2013 difficult\u00e9 moyenne avec une vue panoramique r\u00e9compensant l\u2019effort<\/li>\n<li>La randonn\u00e9e vers le Col de l\u2019Iseran \u2013 plus sportive mais offrant des panoramas incomparables<\/li>\n<li>L\u2019ascension vers le refuge des \u00c9vettes \u2013 pour les randonneurs exp\u00e9riment\u00e9s<\/li>\n<\/ol>\n<p>En hiver, le village se transforme en un paradis blanc intimiste qui contraste avec l\u2019effervescence des grandes stations. J\u2019ai d\u00e9couvert des pistes de ski \u00e0 taille humaine o\u00f9 l\u2019on peut profiter pleinement des paysages sans se soucier de la foule. Cette ambiance plus authentique m\u2019a rappel\u00e9 ce que devait \u00eatre Chamonix avant son d\u00e9veloppement touristique intensif.<\/p>\n<p>Un art de vivre alpin authentique<\/p>\n<p>Au-del\u00e0 des paysages, c\u2019est l\u2019\u00e2me du village qui m\u2019a conquise. Contrairement \u00e0 certaines stations artificielles, Bonneval-sur-Arc vibre d\u2019une <strong>vie locale pr\u00e9serv\u00e9e et authentique<\/strong>. J\u2019ai eu la chance de discuter avec des habitants fiers de leurs traditions et heureux de les partager.<\/p>\n<tr>\nSp\u00e9cialit\u00e9s locales<br \/>\nO\u00f9 les d\u00e9guster<br \/>\nParticularit\u00e9<br \/>\n<\/tr>\n<tr>\n<td>Beaufort d\u2019alpage<\/td>\n<td>Fromagerie du village<\/td>\n<td>Fabriqu\u00e9 selon des m\u00e9thodes ancestrales<\/td>\n<\/tr>\n<tr>\n<td>Diots savoyards<\/td>\n<td>Auberge de la Rocheure<\/td>\n<td>Recette transmise de g\u00e9n\u00e9ration en g\u00e9n\u00e9ration<\/td>\n<\/tr>\n<tr>\n<td>G\u00e9n\u00e9pi artisanal<\/td>\n<td>Chez l\u2019habitant<\/td>\n<td>\u00c9labor\u00e9 avec des plantes cueillies localement<\/td>\n<\/tr>\n<p>Ce qui fait vraiment de Bonneval-sur-Arc un \u00ab\u00a0mini Chamonix\u00a0\u00bb \u00e0 mes yeux, c\u2019est cette capacit\u00e9 \u00e0 offrir une <strong>exp\u00e9rience alpine compl\u00e8te mais \u00e0 taille humaine<\/strong>. Vous y trouverez l\u2019essence de la montagne savoyarde sans les inconv\u00e9nients des destinations trop fr\u00e9quent\u00e9es. Chaque fois que j\u2019y retourne, je red\u00e9couvre avec bonheur cette sensation pr\u00e9cieuse d\u2019avoir acc\u00e8s \u00e0 un secret bien gard\u00e9 des Alpes fran\u00e7aises.<\/p>\n<p><img loading=\"lazy\" decoding=\"async\" data-del=\"avatar\" alt=\"cecile\" src=\"data:image\/svg+xml,%3Csvg%20xmlns=\" http:=\"\" class=\"avatar pp-user-avatar avatar-100 photo \" height=\"100\" width=\"100\" data-lazy-src=\"https:\/\/www.europesays.com\/fr\/wp-content\/uploads\/2025\/04\/11-150x150.jpg\"\/><\/p>\n<p>Je suis C\u00e9cile, accro au lifestyle et \u00e0 tout ce qui am\u00e9liore le quotidien. Entre astuces bien-\u00eatre, tendances mode et nouveaut\u00e9s high-tech, je vous propose des articles qui m\u00ealent style, simplicit\u00e9 et efficacit\u00e9. Ici, on parle de tout ce qui vous inspire au quotidien !<\/p>\n","protected":false},"excerpt":{"rendered":"Laissez-moi vous emmener \u00e0 la d\u00e9couverte de Bonneval-sur-Arc, ce joyau cach\u00e9 de la Savoie que j\u2019ai eu la&hellip;\n","protected":false},"author":2,"featured_media":393881,"comment_status":"","ping_status":"","sticky":false,"template":"","format":"standard","meta":{"footnotes":""},"categories":[7],"tags":[1011,27,43,40,41,39,42,44],"class_list":{"0":"post-393880","1":"post","2":"type-post","3":"status-publish","4":"format-standard","5":"has-post-thumbnail","7":"category-sciences-et-technologies","8":"tag-fr","9":"tag-france","10":"tag-science","11":"tag-science-and-technology","12":"tag-sciences","13":"tag-sciences-et-technologies","14":"tag-technologies","15":"tag-technology"},"share_on_mastodon":{"url":"https:\/\/pubeurope.com\/@fr\/115211254241275691","error":""},"_links":{"self":[{"href":"https:\/\/www.europesays.com\/fr\/wp-json\/wp\/v2\/posts\/393880","targetHints":{"allow":["GET"]}}],"collection":[{"href":"https:\/\/www.europesays.com\/fr\/wp-json\/wp\/v2\/posts"}],"about":[{"href":"https:\/\/www.europesays.com\/fr\/wp-json\/wp\/v2\/types\/post"}],"author":[{"embeddable":true,"href":"https:\/\/www.europesays.com\/fr\/wp-json\/wp\/v2\/users\/2"}],"replies":[{"embeddable":true,"href":"https:\/\/www.europesays.com\/fr\/wp-json\/wp\/v2\/comments?post=393880"}],"version-history":[{"count":0,"href":"https:\/\/www.europesays.com\/fr\/wp-json\/wp\/v2\/posts\/393880\/revisions"}],"wp:featuredmedia":[{"embeddable":true,"href":"https:\/\/www.europesays.com\/fr\/wp-json\/wp\/v2\/media\/393881"}],"wp:attachment":[{"href":"https:\/\/www.europesays.com\/fr\/wp-json\/wp\/v2\/media?parent=393880"}],"wp:term":[{"taxonomy":"category","embeddable":true,"href":"https:\/\/www.europesays.com\/fr\/wp-json\/wp\/v2\/categories?post=393880"},{"taxonomy":"post_tag","embeddable":true,"href":"https:\/\/www.europesays.com\/fr\/wp-json\/wp\/v2\/tags?post=393880"}],"curies":[{"name":"wp","href":"https:\/\/api.w.org\/{rel}","templated":true}]}}