{"id":393886,"date":"2025-09-16T00:58:13","date_gmt":"2025-09-16T00:58:13","guid":{"rendered":"https:\/\/www.europesays.com\/fr\/393886\/"},"modified":"2025-09-16T00:58:13","modified_gmt":"2025-09-16T00:58:13","slug":"apres-la-mort-de-sa-fille-ce-pere-de-famille-met-en-garde-les-parents-voila-ce-quon-trouve-sur-tiktok","status":"publish","type":"post","link":"https:\/\/www.europesays.com\/fr\/393886\/","title":{"rendered":"apr\u00e8s la mort de sa fille, ce p\u00e8re de famille met en garde les parents, \u00ab\u00a0Voil\u00e0 ce qu\u2019on trouve sur TikTok\u00a0\u00bb"},"content":{"rendered":"<p>Un p\u00e8re de famille a d\u00e9cid\u00e9 de prendre la parole pour mettre en<br \/>\ngarde tous les parents contre <a href=\"https:\/\/www.mariefrance.fr\/equilibre\/psycho\/mariage-chavire-apres-message-anonyme-envoye-reseaux-sociaux-1203593.html\" target=\"_blank\" rel=\"noopener nofollow\">les dangers des r\u00e9seaux sociaux<\/a><br \/>\net de <strong>TikTok<\/strong> en particulier. Apr\u00e8s le suicide de<br \/>\nsa fille, il a en effet d\u00e9couvert que la plateforme chinoise<br \/>\noffrait un acc\u00e8s rapide et facile \u00e0 des informations pouvant<br \/>\nfaciliter <strong>le passage \u00e0 l&rsquo;acte suicidaire<\/strong>. Un<br \/>\nconstat qui a m\u00eame pouss\u00e9 deux parlementaires \u00e0 se saisir de la<br \/>\nquestion.<\/p>\n<p>Le jeudi 11 septembre 2025, <strong>Arthur Delaporte et Laure<br \/>\nMiller<\/strong> ont donc pr\u00e9sent\u00e9 leur rapport au nom de la<br \/>\ncommission d&rsquo;enqu\u00eate sur <strong>les effets psychologiques de<br \/>\nTikTok<\/strong> chez les mineurs. Ce travail approfondi, entam\u00e9 en<br \/>\nmars 2025 et faisant suite \u00e0 plusieurs suicides d&rsquo;adolescents en<br \/>\nFrance et dans le monde, fait froid dans le dos.<\/p>\n<p>Des familles endeuill\u00e9es par des suicides lancent un appel<\/p>\n<p>Fin 2024, un collectif de sept familles a assign\u00e9 TikTok en<br \/>\njustice, accusant la plateforme d&rsquo;avoir expos\u00e9 leurs enfants \u00e0 des<br \/>\ncontenus pouvant <strong>les pousser au suicide<\/strong>. Parmi ces<br \/>\nproches en deuil, on trouve Arnaud Ducoin, dont la fille, P\u00e9n\u00e9lope,<br \/>\ns&rsquo;est suicid\u00e9e \u00e0 l&rsquo;\u00e2ge de 18 ans. D\u00e9crite comme une jeune fille<br \/>\n\u00ab\u00a0brillante et p\u00e9tillante qui ne pr\u00e9sentait <strong>aucun<br \/>\nprobl\u00e8me psychologique<\/strong> particulier\u00a0\u00bb, P\u00e9n\u00e9lope avait<br \/>\npris l&rsquo;initiative, \u00e0 l\u2019\u00e2ge de 15 ans, de passer une ann\u00e9e aux<br \/>\n\u00c9tats-Unis.<\/p>\n<p>Un voyage qui a pris une tournure inqui\u00e9tante quand \u00ab\u00a0au bout<br \/>\nd&rsquo;un mois, on nous a appel\u00e9s pour nous dire qu&rsquo;<strong>elle se<br \/>\nscarifiait<\/strong>. On l&rsquo;a donc faite revenir en France. Et cela a<br \/>\n\u00e9t\u00e9 le d\u00e9but de la descente aux enfers pour elle, comme pour<br \/>\nnous\u00a0\u00bb, a confi\u00e9 Arnaud Decoin \u00e0 Paul Larrouturou dans<br \/>\nl&rsquo;\u00e9mission C \u00e0 vous sur France 5, diffus\u00e9e ce samedi 13<br \/>\nseptembre 2025.<\/p>\n<p><img loading=\"lazy\" decoding=\"async\" aria-describedby=\"caption-attachment-1204429\" itemprop=\"thumbnailUrl\" class=\"wp-image-1204429 img-responsive size-full\" src=\"https:\/\/www.europesays.com\/fr\/wp-content\/uploads\/2025\/09\/2-18.jpg\" alt=\"Une adolescente\" width=\"1280\" height=\"720\"\/><br \/>\n\u00a9<br \/>\nShutterstock\/PemikaChedpiroon<\/p>\n<p id=\"caption-attachment-1204429\" class=\"wp-caption-text\">\nL&rsquo;influence des r\u00e9seaux sociaux pass\u00e9e au crible.<\/p>\n<p>TikTok mis en cause dans une affaire de suicide<\/p>\n<p>Suivie par des psychologues et des psychiatres, la jeune femme<br \/>\navait \u00e9t\u00e9 hospitalis\u00e9e apr\u00e8s que les m\u00e9decins lui ont diagnostiqu\u00e9<br \/>\nune personnalit\u00e9 \u00ab\u00a0borderline\u00a0\u00bb\u00a0et pr\u00e9sentant<br \/>\ndes\u00a0<strong>\u00ab\u00a0troubles du comportement<br \/>\nalimentaire\u00a0\u00bb<\/strong>. Alors qu\u2019elle basculait dans<br \/>\nl&rsquo;isolement, la jeune femme a \u00ab\u00a0trouv\u00e9 refuge sur son<br \/>\nt\u00e9l\u00e9phone\u00a0\u00bb. Un mal-\u00eatre qui avait conduit P\u00e9n\u00e9lope \u00e0 mettre<br \/>\nfin \u00e0 ses jours, le 29 f\u00e9vrier 2024.<\/p>\n<p>En explorant l&rsquo;ordinateur de leur fille pour tenter de<br \/>\ncomprendre son geste, les parents de P\u00e9n\u00e9lope d\u00e9couvrent<br \/>\n\u00ab\u00a0l&rsquo;univers digital\u00a0\u00bb dans lequel elle \u00e9voluait.<br \/>\n\u00ab\u00a0C&rsquo;\u00e9tait un univers mortif\u00e8re, tr\u00e8s sombre, o\u00f9 l&rsquo;on a pu voir<br \/>\ndes vid\u00e9os qu&rsquo;elle avait enregistr\u00e9es et qui traitaient du<br \/>\n<strong>suicide, de la scarification, des id\u00e9es<br \/>\nnoires\u00a0\u00bb<\/strong>. Il explique que sa fille avait \u00e0 sa<br \/>\ndisposition, gr\u00e2ce \u00e0 TikTok \u00e0 un v\u00e9ritable \u00ab\u00a0mode d&#8217;emploi pour<br \/>\nse suicider\u00a0\u00bb, avec des vid\u00e9os expliquant\u00a0\u00bbcomment faire un<br \/>\nn\u0153ud coulant\u00a0\u00bb,\u00a0\u00ab\u00a0au bout de combien de temps perd-on<br \/>\nconnaissance\u00a0\u00bb\u00a0et\u00a0\u00ab\u00a0combien de temps, il faut pour<br \/>\nmourir\u00a0\u00bb.\u00a0<\/p>\n<p><img loading=\"lazy\" decoding=\"async\" aria-describedby=\"caption-attachment-1204431\" class=\"wp-image-1204431 img-responsive size-full\" src=\"https:\/\/www.europesays.com\/fr\/wp-content\/uploads\/2025\/09\/4-11.jpg\" alt=\"Le p\u00e8re endeuill\u00e9\" width=\"1280\" height=\"720\"\/><br \/>\n\u00a9<br \/>\nBFMTV<\/p>\n<p id=\"caption-attachment-1204431\" class=\"wp-caption-text\">Arnaud<br \/>\nDucoin met en garde contre TikTok.<\/p>\n<p>TikTok responsable ?<\/p>\n<p>M\u00eame si le terme <strong>\u00ab\u00a0suicide\u00a0\u00bb<\/strong> est<br \/>\n<a href=\"https:\/\/www.mariefrance.fr\/mode\/pas-accord-responsable-ressources-humaines-entretien-embauches-tiktok-1110205.html\" target=\"_blank\" rel=\"noopener nofollow\">censur\u00e9 par la plateforme<\/a>, les<br \/>\nutilisateurs parviennent \u00e0 acc\u00e9der toutefois \u00e0 de nombreuses vid\u00e9os<br \/>\nsur le sujet en utilisant simplement l&#8217;emoji du drapeau suisse.<br \/>\nBien qu&rsquo;il reconnaisse que TikTok n&rsquo;a pas tu\u00e9 sa fille, Arnaud<br \/>\nDecoin explique que le r\u00e9seau social y a \u00ab\u00a0contribu\u00e9 tr\u00e8s<br \/>\nactivement\u00a0\u00bb en lui donnant acc\u00e8s \u00e0 \u00ab\u00a0une communaut\u00e9 de<br \/>\njeunes ayant les m\u00eames probl\u00e8mes\u00a0\u00bb, ce qui l&rsquo;a, selon lui,<br \/>\n\u00ab\u00a0pouss\u00e9e \u00e0 passer \u00e0 l&rsquo;acte\u00a0\u00bb.<\/p>\n<p><img loading=\"lazy\" decoding=\"async\" aria-describedby=\"caption-attachment-1204428\" class=\"wp-image-1204428 img-responsive size-full\" src=\"https:\/\/www.europesays.com\/fr\/wp-content\/uploads\/2025\/09\/1-18.jpg\" alt=\"Deux adolescentes utilisant TikTok\" width=\"1280\" height=\"720\"\/> \u00a9 Shutterstock\/LuizaKamalova<\/p>\n<p id=\"caption-attachment-1204428\" class=\"wp-caption-text\">TikTok<br \/>\npas coupable, mais responsable.<\/p>\n<p>Un rapport parlementaire a donc vu le jour \u00e0 partir des 30 000<br \/>\nr\u00e9ponses recueillies lors d&rsquo;une consultation publique citoyenne,<br \/>\norganis\u00e9e du 23 avril au 31 mai 2025, dont pr\u00e8s de 19 000 \u00e9manaient<br \/>\nde lyc\u00e9ens. Il affirme que <a href=\"https:\/\/www.mariefrance.fr\/equilibre\/psycho\/pourquoi-tout-le-monde-ferme-les-yeux-pendant-17-secondes-sur-tiktok-et-ce-que-ca-change-vraiment-1198155.html\" target=\"_blank\" rel=\"noopener nofollow\">TikTok<\/a> met \u00ab\u00a0en danger la<br \/>\nsant\u00e9, voire la vie des utilisateurs\u00a0\u00bb, et favoriserait, entre<br \/>\nautres, \u00ab\u00a0les m\u00e9canismes de viralisation des contenus<br \/>\nprobl\u00e9matiques, <strong>la diffusion d&rsquo;id\u00e9ologies politiques<br \/>\nn\u00e9gatives et contraires aux droits humains<\/strong>, le racisme,<br \/>\nl&rsquo;antis\u00e9mitisme, la glorification du terrorisme ainsi que le<br \/>\nsexisme\u00a0\u00bb.<\/p>\n","protected":false},"excerpt":{"rendered":"Un p\u00e8re de famille a d\u00e9cid\u00e9 de prendre la parole pour mettre en garde tous les parents contre&hellip;\n","protected":false},"author":2,"featured_media":393887,"comment_status":"","ping_status":"","sticky":false,"template":"","format":"standard","meta":{"footnotes":""},"categories":[4],"tags":[11,21303,1011,27,12,25],"class_list":{"0":"post-393886","1":"post","2":"type-post","3":"status-publish","4":"format-standard","5":"has-post-thumbnail","7":"category-france","8":"tag-actualites","9":"tag-buzz_nonli","10":"tag-fr","11":"tag-france","12":"tag-news","13":"tag-republique-francaise"},"share_on_mastodon":{"url":"https:\/\/pubeurope.com\/@fr\/115211267178683622","error":""},"_links":{"self":[{"href":"https:\/\/www.europesays.com\/fr\/wp-json\/wp\/v2\/posts\/393886","targetHints":{"allow":["GET"]}}],"collection":[{"href":"https:\/\/www.europesays.com\/fr\/wp-json\/wp\/v2\/posts"}],"about":[{"href":"https:\/\/www.europesays.com\/fr\/wp-json\/wp\/v2\/types\/post"}],"author":[{"embeddable":true,"href":"https:\/\/www.europesays.com\/fr\/wp-json\/wp\/v2\/users\/2"}],"replies":[{"embeddable":true,"href":"https:\/\/www.europesays.com\/fr\/wp-json\/wp\/v2\/comments?post=393886"}],"version-history":[{"count":0,"href":"https:\/\/www.europesays.com\/fr\/wp-json\/wp\/v2\/posts\/393886\/revisions"}],"wp:featuredmedia":[{"embeddable":true,"href":"https:\/\/www.europesays.com\/fr\/wp-json\/wp\/v2\/media\/393887"}],"wp:attachment":[{"href":"https:\/\/www.europesays.com\/fr\/wp-json\/wp\/v2\/media?parent=393886"}],"wp:term":[{"taxonomy":"category","embeddable":true,"href":"https:\/\/www.europesays.com\/fr\/wp-json\/wp\/v2\/categories?post=393886"},{"taxonomy":"post_tag","embeddable":true,"href":"https:\/\/www.europesays.com\/fr\/wp-json\/wp\/v2\/tags?post=393886"}],"curies":[{"name":"wp","href":"https:\/\/api.w.org\/{rel}","templated":true}]}}