{"id":393895,"date":"2025-09-16T01:03:19","date_gmt":"2025-09-16T01:03:19","guid":{"rendered":"https:\/\/www.europesays.com\/fr\/393895\/"},"modified":"2025-09-16T01:03:19","modified_gmt":"2025-09-16T01:03:19","slug":"starligue-nancy-handball-ernest-pineau-rossi-rebondit-a-toulouse","status":"publish","type":"post","link":"https:\/\/www.europesays.com\/fr\/393895\/","title":{"rendered":"Starligue. Nancy Handball : Ernest Pineau-Rossi rebondit \u00e0 Toulouse"},"content":{"rendered":"<p>On savait qu\u2019il s\u2019entra\u00eenait depuis plusieurs semaines du c\u00f4t\u00e9 de la Ville rose\u2026 o\u00f9 l\u2019on a finalement attendu la veille de la deuxi\u00e8me journ\u00e9e de championnat pour \u00ab officialiser \u00bb sa signature !<\/p>\n<p>Bien loin des malheurs <a href=\"https:\/\/www.estrepublicain.fr\/sport\/2024\/04\/02\/nancy-handball-le-nantais-ernest-pineau-rossi-pour-boucler-la-boucle\" target=\"_blank\" rel=\"noopener\">du \u00ab d\u00e9funt \u00bb Nancy Handball (o\u00f9 il lui restait th\u00e9oriquement une ann\u00e9e de contrat \u00e0 honorer),<\/a> Ernest Pineau-Rossi (22 ans) s\u2019est ainsi engag\u00e9 pour trois saisons en faveur du FENIX : une formation d\u2019\u00e9lite avec laquelle il a particip\u00e9, dimanche, \u00e0 son premier match de la saison, \u00e0 l\u2019occasion d\u2019un difficile d\u00e9placement \u00e0 Nantes (28-22). D\u00e9placement au cours duquel il a d\u2019ailleurs inscrit son premier but (1\/1) face \u00e0 son\u2026 club formateur.<\/p>\n<p>Ce contenu est bloqu\u00e9 car vous n&rsquo;avez pas accept\u00e9 les cookies et autres traceurs.<\/p>\n<p>En cliquant sur \u00ab J\u2019accepte \u00bb, les cookies et autres traceurs seront d\u00e9pos\u00e9s et vous pourrez visualiser les contenus  (<a href=\"\" class=\"consentModule_policy\" target=\"_blank\" title=\"Consulter la politique de protection des donn\u00e9es du fournisseur\">plus d&rsquo;informations<\/a>).<\/p>\n<p>En cliquant sur \u00ab J\u2019accepte tous les cookies \u00bb, vous autorisez des d\u00e9p\u00f4ts de cookies et autres traceurs pour le stockage de vos donn\u00e9es sur nos sites et applications \u00e0 des fins de personnalisation et de ciblage publicitaire.<\/p>\n<p class=\"consentModule_secondaryText\">Vous gardez la possibilit\u00e9 de retirer votre consentement \u00e0 tout moment en consultant notre <a href=\"https:\/\/www.estrepublicain.fr\/protection-des-donnees\" target=\"_blank\" title=\"Consulter notre politique de protection des donn\u00e9es\" rel=\"noopener\">politique de protection des donn\u00e9es<\/a>. <br \/>&#13;<br \/>\n            <a href=\"https:\/\/www.estrepublicain.fr\/sport\/2025\/09\/15\/javascript:Didomi.notice.show()\" class=\"consentModule_cmp\" target=\"_blank\" rel=\"noopener\">G\u00e9rer mes choix<\/a>&#13;\n        <\/p>\n<p>&#13;<br \/>\n                        J&rsquo;accepte&#13;<br \/>\n            J&rsquo;accepte tous les cookies&#13;\n        <\/p>\n<p>Sans doute le plus beau des \u00ab rebonds \u00bb dont pouvait r\u00eaver EPR, au sortir d\u2019une pr\u00e9paration en partie tronqu\u00e9e. Lui qui venait de vivre une premi\u00e8re saison aboutie en Proligue (84 r\u00e9alisations en 28 apparitions, \u00e0 60 % d\u2019efficacit\u00e9 au shoot ; 78 passes d\u00e9cisives) avec Nancy, particuli\u00e8rement saignant contre Frontignan lors des quarts de finale des play-offs, \u00e0 l\u2019aller (6\/7) comme au retour (6\/7).<\/p>\n<p>\u00c0 Toulouse, le colosse de Rochefort (1,99 m pour 98 kg) vient &#8211; quoi qu\u2019il en soit &#8211; combler un \u00ab vide \u00bb sur le poste d\u2019arri\u00e8re droit, o\u00f9 le Serbe Uros Kojadinovic se trouvait jusqu\u2019ici bien seul apr\u00e8s les d\u00e9parts, cet \u00e9t\u00e9, d\u2019Uros Mitrovic (HC Vardar Skopje) et de Matthieu Marmier (Dunkerque ; D1).<\/p>\n<p>  Un pari \u00ab sur la dur\u00e9e \u00bb<\/p>\n<p>\u00ab Ernest a un profil et un gabarit tr\u00e8s int\u00e9ressants. M\u00eame s\u2019il a un retard certain dans la pr\u00e9paration du aux probl\u00e9matiques et aux al\u00e9as du club nanc\u00e9en, nous avons souhait\u00e9 miser sur lui et ce, dans la dur\u00e9e, puisque nous lui avons propos\u00e9 un contrat de 3 ans \u00bb, a expliqu\u00e9 le pr\u00e9sident toulousain Philippe Dallard <a href=\"https:\/\/www.ladepeche.fr\/2025\/09\/12\/fenix-toulouse-le-gaucher-pineau-rossi-debarque-brolin-prolonge-12926713.php\" target=\"_blank\" rel=\"noopener\">\u00e0 nos confr\u00e8res de La D\u00e9p\u00eache<\/a>. \u00ab C\u2019est un grand club, une magnifique opportunit\u00e9 pour moi. Qui m\u2019aurait dit que j\u2019allais signer ici, surtout apr\u00e8s le contexte compliqu\u00e9 de Nancy ? Je suis hyper content \u00bb, a, de son c\u00f4t\u00e9, fait part de son enthousiasme le joueur, a priori bien parti pour b\u00e9n\u00e9ficier d\u2019un minimum de temps de jeu, dans les rangs d\u2019une \u00e9quipe occitane \u00e0 l\u2019agenda bien charg\u00e9 cette saison, entre les dates de Starligue\u2026 et celles de Ligue Europ\u00e9enne.<\/p>\n","protected":false},"excerpt":{"rendered":"On savait qu\u2019il s\u2019entra\u00eenait depuis plusieurs semaines du c\u00f4t\u00e9 de la Ville rose\u2026 o\u00f9 l\u2019on a finalement attendu&hellip;\n","protected":false},"author":2,"featured_media":393896,"comment_status":"","ping_status":"","sticky":false,"template":"","format":"standard","meta":{"footnotes":""},"categories":[9635],"tags":[1111,11,1704,1777,674,107,1701,1795,1011,27,775,1792,1702,13622,1703,12,25,517,1700,5711],"class_list":{"0":"post-393895","1":"post","2":"type-post","3":"status-publish","4":"format-standard","5":"has-post-thumbnail","7":"category-nancy","8":"tag-actu","9":"tag-actualites","10":"tag-edition-nancy-et-agglomeration","11":"tag-eu","12":"tag-europe","13":"tag-fil-info","14":"tag-fil-info-sport","15":"tag-fil-web","16":"tag-fr","17":"tag-france","18":"tag-grand-est","19":"tag-handball","20":"tag-nancy","21":"tag-nancy-handball","22":"tag-nancy-ville-54b","23":"tag-news","24":"tag-republique-francaise","25":"tag-sport","26":"tag-sport-lorrain","27":"tag-vandoeuvre-les-nancy"},"share_on_mastodon":{"url":"https:\/\/pubeurope.com\/@fr\/115211285505638975","error":""},"_links":{"self":[{"href":"https:\/\/www.europesays.com\/fr\/wp-json\/wp\/v2\/posts\/393895","targetHints":{"allow":["GET"]}}],"collection":[{"href":"https:\/\/www.europesays.com\/fr\/wp-json\/wp\/v2\/posts"}],"about":[{"href":"https:\/\/www.europesays.com\/fr\/wp-json\/wp\/v2\/types\/post"}],"author":[{"embeddable":true,"href":"https:\/\/www.europesays.com\/fr\/wp-json\/wp\/v2\/users\/2"}],"replies":[{"embeddable":true,"href":"https:\/\/www.europesays.com\/fr\/wp-json\/wp\/v2\/comments?post=393895"}],"version-history":[{"count":0,"href":"https:\/\/www.europesays.com\/fr\/wp-json\/wp\/v2\/posts\/393895\/revisions"}],"wp:featuredmedia":[{"embeddable":true,"href":"https:\/\/www.europesays.com\/fr\/wp-json\/wp\/v2\/media\/393896"}],"wp:attachment":[{"href":"https:\/\/www.europesays.com\/fr\/wp-json\/wp\/v2\/media?parent=393895"}],"wp:term":[{"taxonomy":"category","embeddable":true,"href":"https:\/\/www.europesays.com\/fr\/wp-json\/wp\/v2\/categories?post=393895"},{"taxonomy":"post_tag","embeddable":true,"href":"https:\/\/www.europesays.com\/fr\/wp-json\/wp\/v2\/tags?post=393895"}],"curies":[{"name":"wp","href":"https:\/\/api.w.org\/{rel}","templated":true}]}}