{"id":393911,"date":"2025-09-16T01:17:13","date_gmt":"2025-09-16T01:17:13","guid":{"rendered":"https:\/\/www.europesays.com\/fr\/393911\/"},"modified":"2025-09-16T01:17:13","modified_gmt":"2025-09-16T01:17:13","slug":"strasbourg-un-immeuble-affichant-des-drapeaux-palestiniens-vandalise","status":"publish","type":"post","link":"https:\/\/www.europesays.com\/fr\/393911\/","title":{"rendered":"Strasbourg. Un immeuble affichant des drapeaux palestiniens vandalis\u00e9"},"content":{"rendered":"<p class=\"wp-block-post-excerpt__excerpt\">L\u2019entr\u00e9e d\u2019un immeuble de Strasbourg arborant des drapeaux palestiniens \u00e0 ses fen\u00eatres a \u00e9t\u00e9 vandalis\u00e9e entre samedi et dimanche 14 septembre. Les habitants, indign\u00e9s, appellent \u00e0 documenter ces actes d\u2019intimidation. <\/p>\n<p class=\"font-sans\">\n\t\t\tCet article est en acc\u00e8s libre. Pour soutenir Rue89 Strasbourg,<br \/>\n\t\t\t<a class=\"underline\" href=\"https:\/\/www.rue89strasbourg.com\/abonnement\" target=\"_blank\" rel=\"noopener\">abonnez-vous<\/a>.\n\t\t<\/p>\n<p>Nicolas Thomas<\/p>\n<p>Publi\u00e9 le 15 septembre 2025\u00a0\u00a0\u00b7\u00a0\u00a0<\/p>\n<p>Imprim\u00e9 le 16 septembre 2025 \u00e0 02h15\u00a0\u00a0\u00b7\u00a0\u00a0<\/p>\n<p>Modifi\u00e9 le 15 septembre 2025\u00a0\u00a0\u00b7\u00a0\u00a0<\/p>\n<p>\t\t\t\t\t2\u00a0minutes\n<\/p>\n<p>Dimanche 14 septembre au matin, les habitants d\u2019un immeuble du boulevard de la Victoire \u00e0 Strasbourg ont d\u00e9couvert leur porte d\u2019entr\u00e9e recouverte de peinture tricolore, symbolisant un drapeau fran\u00e7ais. Depuis le mois de juillet, trois petits drapeaux palestiniens flottaient aux fen\u00eatres des 1er, 2e et 4e \u00e9tages de la fa\u00e7ade donnant sur le boulevard. L\u2019acte de vandalisme vise directement ces habitants, qui affichent leur soutien \u00e0 la population palestinienne de Gaza, cible des bombardements de l\u2019arm\u00e9e isra\u00e9lienne depuis le 7 octobre 2023 qui ont fait <a href=\"https:\/\/www.lemonde.fr\/un-si-proche-orient\/article\/2025\/09\/07\/a-gaza-l-effroyable-decompte-des-morts-n-inclut-pas-les-milliers-de-victimes-indirectes-de-l-offensive-israelienne_6639273_6116995.html\" target=\"_blank\" rel=\"noreferrer noopener\">plus de 60\u00a0000 morts, sans compter les pertes indirectes<\/a>. Ces habitants ont d\u00e9pos\u00e9 une plainte en ligne dimanche.<\/p>\n<p>Des locataires indign\u00e9s<\/p>\n<p>L\u00e6titia vit en colocation dans l\u2019un des appartements o\u00f9 flotte le drapeau de la Palestine\u00a0:<\/p>\n<blockquote class=\"wp-block-quote is-layout-flow wp-block-quote-is-layout-flow\">\n<p>\u00ab\u00a0\u00c9videmment, on a \u00e9t\u00e9 d\u00e9pit\u00e9s de d\u00e9couvrir \u00e7a. Mais on ne se laissera pas intimider pour autant. On n\u2019enl\u00e8vera pas ces drapeaux. Qu\u2019un simple soutien \u00e0 un peuple victime de g\u00e9nocide puisse donner un sentiment d\u2019ins\u00e9curit\u00e9 \u00e0 certains, \u00e7a me met tr\u00e8s en col\u00e8re.\u00a0\u00bb<\/p>\n<\/blockquote>\n<p>Les locataires de l\u2019immeuble s\u2019\u00e9taient concert\u00e9s sur une conversation de groupe pour l\u2019accrochage des drapeaux aux fen\u00eatres. Lors de l\u2019entre-deux-tours des \u00e9lections l\u00e9gislatives de 2024, une affiche humoristique visant le pr\u00e9sident du Rassemblement national, Jordan Bardella, avait d\u00e9j\u00e0 \u00e9t\u00e9 d\u00e9ploy\u00e9e sur la fa\u00e7ade.<\/p>\n<p>\u00ab\u00a0Les colocations de l\u2019immeuble sont plut\u00f4t engag\u00e9es mais, avec ce graffiti, on a le sentiment de faire subir cet engagement \u00e0 nos voisins, regrette l\u2019une des habitantes. L\u2019entreprise bas\u00e9e dans le b\u00e2timent se retrouve avec la porte d\u2019entr\u00e9e tagu\u00e9e alors qu\u2019elle n\u2019a rien demand\u00e9.\u00a0\u00bb<\/p>\n<p>Les locataires rencontr\u00e9s n\u2019ont cependant pas le sentiment d\u2019\u00eatre menac\u00e9s. \u00ab\u00a0Visiblement, les fachos ne sont pas de tr\u00e8s bons peintres. Ils ne sont m\u00eame pas capables de colorier sans d\u00e9passer\u00a0\u00bb, plaisante une voisine.<\/p>\n<p>\t\tDes faits similaires en juillet<\/p>\n<p>Cette d\u00e9gradation n\u2019est pas la premi\u00e8re observ\u00e9e ces derniers mois \u00e0 Strasbourg. En effet, <a href=\"https:\/\/www.rue89strasbourg.com\/enquetea-vandalisme-militants-palestine-353668\" target=\"_blank\" rel=\"noopener\">une enqu\u00eate de police a \u00e9t\u00e9 ouverte<\/a> suite \u00e0 des actes de vandalisme survenus entre le 25 et le 27 juillet 2025 dans le quartier de la Neustadt. Dans un b\u00e2timent occup\u00e9 par des militants pour la Palestine,\u00a0<a href=\"https:\/\/www.rue89strasbourg.com\/tags-intimidation-immeuble-militants-palestine-353263\" target=\"_blank\" rel=\"noopener\">des tags insultants, comme\u00a0\u00ab\u00a0Fuck Palestine\u00a0\u00bb\u00a0ou\u00a0\u00ab\u00a0Bureau du HamaSS\u00a0\u00bb<\/a>\u00a0avaient \u00e9t\u00e9 d\u00e9couverts sur la fa\u00e7ade dans la nuit du 24 au 25 juillet. Deux jours plus tard, le 27 juillet, c\u2019est la vitre de la porte d\u2019entr\u00e9e de l\u2019immeuble qui a \u00e9t\u00e9 bris\u00e9e en pleine journ\u00e9e.<\/p>\n<p>\u00ab\u00a0Si nous avons accroch\u00e9 les drapeaux au mois de juillet, c\u2019est \u00e9videmment pour d\u00e9fendre le peuple palestinien. Mais c\u2019\u00e9tait aussi en soutien aux camarades victimes de d\u00e9gradations\u00a0\u00bb, explique L\u00e6titia\u00a0: <\/p>\n<blockquote class=\"wp-block-quote is-layout-flow wp-block-quote-is-layout-flow\">\n<p>\u00ab\u00a0Nous avons voulu rendre cet acte public mais peut-\u00eatre que d\u2019autres personnes sont victimes de vandalisme ou d\u2019intimidation en raison de leur soutien affich\u00e9 \u00e0 la Palestine. C\u2019est important d\u2019en parler.\u00a0\u00bb<\/p>\n<\/blockquote>\n","protected":false},"excerpt":{"rendered":"L\u2019entr\u00e9e d\u2019un immeuble de Strasbourg arborant des drapeaux palestiniens \u00e0 ses fen\u00eatres a \u00e9t\u00e9 vandalis\u00e9e entre samedi et&hellip;\n","protected":false},"author":2,"featured_media":393912,"comment_status":"","ping_status":"","sticky":false,"template":"","format":"standard","meta":{"footnotes":""},"categories":[2820],"tags":[1111,11,1777,674,1011,27,775,12,3518,25,104,640],"class_list":{"0":"post-393911","1":"post","2":"type-post","3":"status-publish","4":"format-standard","5":"has-post-thumbnail","7":"category-strasbourg","8":"tag-actu","9":"tag-actualites","10":"tag-eu","11":"tag-europe","12":"tag-fr","13":"tag-france","14":"tag-grand-est","15":"tag-news","16":"tag-palestine","17":"tag-republique-francaise","18":"tag-societe","19":"tag-strasbourg"},"share_on_mastodon":{"url":"https:\/\/pubeurope.com\/@fr\/115211340681101234","error":""},"_links":{"self":[{"href":"https:\/\/www.europesays.com\/fr\/wp-json\/wp\/v2\/posts\/393911","targetHints":{"allow":["GET"]}}],"collection":[{"href":"https:\/\/www.europesays.com\/fr\/wp-json\/wp\/v2\/posts"}],"about":[{"href":"https:\/\/www.europesays.com\/fr\/wp-json\/wp\/v2\/types\/post"}],"author":[{"embeddable":true,"href":"https:\/\/www.europesays.com\/fr\/wp-json\/wp\/v2\/users\/2"}],"replies":[{"embeddable":true,"href":"https:\/\/www.europesays.com\/fr\/wp-json\/wp\/v2\/comments?post=393911"}],"version-history":[{"count":0,"href":"https:\/\/www.europesays.com\/fr\/wp-json\/wp\/v2\/posts\/393911\/revisions"}],"wp:featuredmedia":[{"embeddable":true,"href":"https:\/\/www.europesays.com\/fr\/wp-json\/wp\/v2\/media\/393912"}],"wp:attachment":[{"href":"https:\/\/www.europesays.com\/fr\/wp-json\/wp\/v2\/media?parent=393911"}],"wp:term":[{"taxonomy":"category","embeddable":true,"href":"https:\/\/www.europesays.com\/fr\/wp-json\/wp\/v2\/categories?post=393911"},{"taxonomy":"post_tag","embeddable":true,"href":"https:\/\/www.europesays.com\/fr\/wp-json\/wp\/v2\/tags?post=393911"}],"curies":[{"name":"wp","href":"https:\/\/api.w.org\/{rel}","templated":true}]}}