{"id":393929,"date":"2025-09-16T01:30:17","date_gmt":"2025-09-16T01:30:17","guid":{"rendered":"https:\/\/www.europesays.com\/fr\/393929\/"},"modified":"2025-09-16T01:30:17","modified_gmt":"2025-09-16T01:30:17","slug":"marseille-rencontres-ecosystemes-a-la-sem-une-entreprise-est-durable-si-elle-est-utile-a-son-territoire","status":"publish","type":"post","link":"https:\/\/www.europesays.com\/fr\/393929\/","title":{"rendered":"Marseille. Rencontres \u00e9cOsyst\u00e8mes \u00e0 la SEM : \u00ab Une entreprise est durable si elle est utile \u00e0 son territoire\u00bb"},"content":{"rendered":"<p>Organis\u00e9e \u00e0 la Soci\u00e9t\u00e9 des Eaux de Marseille (SEM), avec des entreprises et des associations, cette premi\u00e8re \u00e9dition des rencontres \u00e9cOsyst\u00e8mes a pour objectif\u00a0 un mieux travailler ensemble autour de la pr\u00e9carit\u00e9 et de la biodiversit\u00e9. \u00abLe monde, la soci\u00e9t\u00e9 \u00e9voluent, l\u2019entreprise ne peut r\u00e9ussir que si elle est connect\u00e9e \u00e0 son environnement\u00bb.<br \/>\n<img fetchpriority=\"high\" decoding=\"async\" class=\"size-large wp-image-109577\" src=\"https:\/\/www.europesays.com\/fr\/wp-content\/uploads\/2025\/09\/IMG-20250912-WA0005-1024x768.jpg\" alt=\"Destimed IMG 20250912 WA0005\" width=\"1024\" height=\"768\"  \/>Joseph Arakel, pr\u00e9sident de la Banque alimentaire 13 entour\u00e9 de Sandrine Motte, directrice g\u00e9n\u00e9rale de la Soci\u00e9t\u00e9 des Eaux de Marseille et Emilie de Lombar\u00e8s, pr\u00e9sidente du directoire d\u2019ONET \u00a9Jo\u00ebl Barcy<br \/>\nUtilit\u00e9 de l\u2019entreprise<\/p>\n<p>L\u2019entreprise ne peut pas faire fi de son environnement, c\u2019est la conviction des dirigeants rassembl\u00e9s lors de cette journ\u00e9e. \u00ab On n\u2019est plus au temps de l\u2019hypercomp\u00e9tition o\u00f9 chacun \u00e9tait dans son couloir de nage, affirme Sandrine Motte, directrice g\u00e9n\u00e9rale de la Soci\u00e9t\u00e9 des Eaux de Marseille. Nous sommes dans un temps o\u00f9 il faut travailler ensemble et cela rejoint la notion d\u2019utilit\u00e9 de l\u2019entreprise et de ses conditions de durabilit\u00e9. Il ne peut pas y avoir d\u2019entreprise durable si elle n\u2019est pas utile \u00e0 son territoire. \u00bb<\/p>\n<p>Un int\u00e9r\u00eat commun<\/p>\n<p>\u00a0<\/p>\n<p><img loading=\"lazy\" decoding=\"async\" class=\"size-large wp-image-109579\" src=\"https:\/\/www.europesays.com\/fr\/wp-content\/uploads\/2025\/09\/IMG-20250912-WA0003-1024x768.jpg\" alt=\"Destimed IMG 20250912 WA0003\" width=\"1024\" height=\"768\"  \/>Lors de cette journ\u00e9e EcOsyst\u00e8mes entreprises, associations et salari\u00e9s ont pu se rencontrer, \u00e9changer, envisager comment travailler ensemble \u00a9 Jo\u00ebl Barcy<\/p>\n<p>Lors de ce rendez-vous, entreprises, associations et salari\u00e9s ont pu se rencontrer, \u00e9changer, envisager comment travailler ensemble en mati\u00e8re de lutte contre la pr\u00e9carit\u00e9 ou de protection de la biodiversit\u00e9. \u00ab Je crois que c\u2019est vital pour chacun d\u2019entre nous de contribuer \u00e0 un int\u00e9r\u00eat commun et donc c\u2019est aussi vital pour nos entreprises qui restent des corps sociaux estime Emilie de Lombar\u00e8s, la pr\u00e9sidente du directoire d\u2019ONET et du fonds de dotation Entreprendre pour toi. Savoir que l\u2019on cr\u00e9\u00e9 un champ des possibles dans la solidarit\u00e9 et qu\u2019on permet \u00e0 nos salari\u00e9s d\u2019y participer, cela cr\u00e9\u00e9 du lien entre salari\u00e9s et cela cr\u00e9\u00e9 du lien diff\u00e9remment entre l\u2019entreprise et les salari\u00e9s. \u00bb<\/p>\n<p>Un soutien essentiel<br \/>\n<img loading=\"lazy\" decoding=\"async\" class=\"size-large wp-image-109578\" src=\"data:image\/svg+xml,%3Csvg%20xmlns=\" http:=\"\" alt=\"Destimed IMG 20250912 WA0002\" width=\"1024\" height=\"768\" data-lazy- data-lazy- data-lazy-src=\"https:\/\/www.europesays.com\/fr\/wp-content\/uploads\/2025\/09\/IMG-20250912-WA0002-1024x768.jpg\"\/>Cette journ\u00e9e permet de faire reconna\u00eetre le travail des associations et inciter les salari\u00e9s \u00e0 s\u2019engager \u00a9 Jo\u00ebl Barcy<\/p>\n<p>Pour les associations cette journ\u00e9e est la bienvenue, elle permet de faire reconna\u00eetre leur travail et inciter les salari\u00e9s \u00e0 s\u2019engager dans un contexte de plus de plus en plus difficile. \u00abOn est dans une p\u00e9riode sombre, conc\u00e8de Joseph Arakel, le pr\u00e9sident de la Banque alimentaire 13. On a de moins en moins de subventions alors il faut essayer d\u2019innover en cr\u00e9ant des alliances pour affronter ces probl\u00e9matiques des chutes des subventions, mutualiser des moyens et compter sur la disponibilit\u00e9 des uns et des autres. \u00bb<\/p>\n<p>M\u00e9c\u00e9nat de comp\u00e9tences<\/p>\n<p>Certaines entreprises comme la SEM ou Onet ont sign\u00e9 des accords sociaux sur le m\u00e9c\u00e9nat de comp\u00e9tences. Ils permettent de lib\u00e9rer quelques jours des salari\u00e9s afin qu\u2019ils m\u00e8nent diverses actions notamment des travaux avec des associations.<\/p>\n<\/p>\n<p><strong>Reportage Jo\u00ebl BARCY<\/strong><\/p>\n","protected":false},"excerpt":{"rendered":"Organis\u00e9e \u00e0 la Soci\u00e9t\u00e9 des Eaux de Marseille (SEM), avec des entreprises et des associations, cette premi\u00e8re \u00e9dition&hellip;\n","protected":false},"author":2,"featured_media":393930,"comment_status":"","ping_status":"","sticky":false,"template":"","format":"standard","meta":{"footnotes":""},"categories":[2814],"tags":[1111,11,1777,674,1011,27,884,12,882,25],"class_list":{"0":"post-393929","1":"post","2":"type-post","3":"status-publish","4":"format-standard","5":"has-post-thumbnail","7":"category-marseille","8":"tag-actu","9":"tag-actualites","10":"tag-eu","11":"tag-europe","12":"tag-fr","13":"tag-france","14":"tag-marseille","15":"tag-news","16":"tag-provence-alpes-cote-dazur","17":"tag-republique-francaise"},"share_on_mastodon":{"url":"https:\/\/pubeurope.com\/@fr\/115211392238221742","error":""},"_links":{"self":[{"href":"https:\/\/www.europesays.com\/fr\/wp-json\/wp\/v2\/posts\/393929","targetHints":{"allow":["GET"]}}],"collection":[{"href":"https:\/\/www.europesays.com\/fr\/wp-json\/wp\/v2\/posts"}],"about":[{"href":"https:\/\/www.europesays.com\/fr\/wp-json\/wp\/v2\/types\/post"}],"author":[{"embeddable":true,"href":"https:\/\/www.europesays.com\/fr\/wp-json\/wp\/v2\/users\/2"}],"replies":[{"embeddable":true,"href":"https:\/\/www.europesays.com\/fr\/wp-json\/wp\/v2\/comments?post=393929"}],"version-history":[{"count":0,"href":"https:\/\/www.europesays.com\/fr\/wp-json\/wp\/v2\/posts\/393929\/revisions"}],"wp:featuredmedia":[{"embeddable":true,"href":"https:\/\/www.europesays.com\/fr\/wp-json\/wp\/v2\/media\/393930"}],"wp:attachment":[{"href":"https:\/\/www.europesays.com\/fr\/wp-json\/wp\/v2\/media?parent=393929"}],"wp:term":[{"taxonomy":"category","embeddable":true,"href":"https:\/\/www.europesays.com\/fr\/wp-json\/wp\/v2\/categories?post=393929"},{"taxonomy":"post_tag","embeddable":true,"href":"https:\/\/www.europesays.com\/fr\/wp-json\/wp\/v2\/tags?post=393929"}],"curies":[{"name":"wp","href":"https:\/\/api.w.org\/{rel}","templated":true}]}}