{"id":393949,"date":"2025-09-16T01:41:11","date_gmt":"2025-09-16T01:41:11","guid":{"rendered":"https:\/\/www.europesays.com\/fr\/393949\/"},"modified":"2025-09-16T01:41:11","modified_gmt":"2025-09-16T01:41:11","slug":"des-frappes-russes-font-deux-morts-dans-les-regions-de-zaporijjia-et-mykolaiv","status":"publish","type":"post","link":"https:\/\/www.europesays.com\/fr\/393949\/","title":{"rendered":"des frappes russes font deux morts dans les r\u00e9gions de Zaporijjia et Mykola\u00efv"},"content":{"rendered":"<p>Des frappes russes interviennent au moment o\u00f9 les Europ\u00e9ens craignent une escalade du conflit.<\/p>\n<p class=\"fig-paragraph\">Des frappes russes ont fait deux morts dans le sud de l&rsquo;<a href=\"https:\/\/www.lefigaro.fr\/tag\/ukraine\" target=\"_blank\" rel=\"sponsored noopener nofollow\" data-gtm-custom-categorie=\"navigation\" data-gtm-custom-action=\"crossclick\" data-gtm-custom-label=\"Contextuel\" data-gtm-event=\"customEventSPE\">Ukraine<\/a>, dans les r\u00e9gions de Zaporijjia et Mykola\u00efv, ont annonc\u00e9 les autorit\u00e9s locales mardi au moment o\u00f9 les Europ\u00e9ens craignent une\u00a0<a href=\"https:\/\/www.lefigaro.fr\/international\/dossier\/tensions-entre-la-russie-et-l-ukraine-tout-comprendre-a-la-menace-d-une-invasion-russe\" target=\"_blank\" data-fig-type=\"Topic\" rel=\"sponsored noopener nofollow\" data-gtm-custom-categorie=\"navigation\" data-gtm-custom-action=\"crossclick\" data-gtm-custom-label=\"Contextuel\" data-gtm-event=\"customEventSPE\" data-fig-domain=\"LEFIGARO\">escalade du conflit<\/a>.<\/p>\n<p class=\"fig-paragraph\">\u00abUne personne a \u00e9t\u00e9 tu\u00e9e\u00bb au cours d&rsquo;une attaque, a d\u00e9clar\u00e9 Ivan Fedorov, chef de l&rsquo;administration militaire r\u00e9gionale de Zaporijjia sur Telegram, pr\u00e9cisant que des \u00e9quipes des secours \u00e9taient sur place. \u00abLe nombre de personnes bless\u00e9es dans l&rsquo;attaque ennemie sur Zaporijjia est pass\u00e9 \u00e0 neuf\u00bb, a-t-il \u00e9crit dans un autre message, relevant le bilan des bless\u00e9s.<\/p>\n<p>                                    <a class=\"fig-a11y-skip a11y-hidden\" href=\"#fig-a11y-skip-main-inarticle\"><br \/>\n        Passer la publicit\u00e9<br \/>\n    <\/a><\/p>\n<p class=\"fig-paragraph\">Le gouverneur de la r\u00e9gion de Mykola\u00efv, Vitali Kim, a lui fait \u00e9tat d&rsquo;un mort dans sa r\u00e9gion. \u00abIl y a quelques heures, les Russes ont attaqu\u00e9 une ferme dans la communaut\u00e9 de Tchornomorska\u00bb, a-t-il pr\u00e9cis\u00e9. \u00abUn homme, un conducteur de tracteur, a \u00e9t\u00e9 tu\u00e9 alors qu&rsquo;il travaillait dans le champ\u00bb, a-t-il d\u00e9taill\u00e9 sur Telegram, condamnant \u00abune attaque cibl\u00e9e contre des civils\u00bb.<\/p>\n<p>N\u00e9gociations de paix \u00aben pause\u00bb<\/p>\n<p class=\"fig-paragraph\">Le Kremlin a estim\u00e9 la semaine derni\u00e8re que les n\u00e9gociations de paix avec Kiev \u00e9taient en \u00abpause\u00bb, trois ans et demi apr\u00e8s le d\u00e9but de l&rsquo;invasion russe de l&rsquo;Ukraine qui a fait des dizaines voire des centaines de milliers de morts et d\u00e9plac\u00e9 des millions de personnes.<\/p>\n<p class=\"fig-paragraph\">L&rsquo;Otan a annonc\u00e9 vendredi le lancement de l&rsquo;op\u00e9ration \u00absentinelle orientale\u00bb pour renforcer la d\u00e9fense de son flanc est apr\u00e8s des incursions de drones en Pologne et en Roumanie, que les Europ\u00e9ens ont attribu\u00e9s \u00e0 la Russie.<\/p>\n<p class=\"fig-paragraph\">L&rsquo;arm\u00e9e russe contr\u00f4le actuellement environ 20% du territoire ukrainien. Le Kremlin exige que l&rsquo;Ukraine se retire de certaines zones qu&rsquo;elle continue de partiellement administrer, notamment de la r\u00e9gion de Donetsk, en tant que condition pr\u00e9alable \u00e0 l&rsquo;arr\u00eat des hostilit\u00e9s alors que Kiev rejette cat\u00e9goriquement cette id\u00e9e.<\/p>\n","protected":false},"excerpt":{"rendered":"Des frappes russes interviennent au moment o\u00f9 les Europ\u00e9ens craignent une escalade du conflit. Des frappes russes ont&hellip;\n","protected":false},"author":2,"featured_media":393950,"comment_status":"","ping_status":"","sticky":false,"template":"","format":"standard","meta":{"footnotes":""},"categories":[1590],"tags":[11,1777,674,131,12,132,220],"class_list":{"0":"post-393949","1":"post","2":"type-post","3":"status-publish","4":"format-standard","5":"has-post-thumbnail","7":"category-ukraine","8":"tag-actualites","9":"tag-eu","10":"tag-europe","11":"tag-guerre-en-ukraine","12":"tag-news","13":"tag-russie","14":"tag-ukraine"},"share_on_mastodon":{"url":"https:\/\/pubeurope.com\/@fr\/115211434966862428","error":""},"_links":{"self":[{"href":"https:\/\/www.europesays.com\/fr\/wp-json\/wp\/v2\/posts\/393949","targetHints":{"allow":["GET"]}}],"collection":[{"href":"https:\/\/www.europesays.com\/fr\/wp-json\/wp\/v2\/posts"}],"about":[{"href":"https:\/\/www.europesays.com\/fr\/wp-json\/wp\/v2\/types\/post"}],"author":[{"embeddable":true,"href":"https:\/\/www.europesays.com\/fr\/wp-json\/wp\/v2\/users\/2"}],"replies":[{"embeddable":true,"href":"https:\/\/www.europesays.com\/fr\/wp-json\/wp\/v2\/comments?post=393949"}],"version-history":[{"count":0,"href":"https:\/\/www.europesays.com\/fr\/wp-json\/wp\/v2\/posts\/393949\/revisions"}],"wp:featuredmedia":[{"embeddable":true,"href":"https:\/\/www.europesays.com\/fr\/wp-json\/wp\/v2\/media\/393950"}],"wp:attachment":[{"href":"https:\/\/www.europesays.com\/fr\/wp-json\/wp\/v2\/media?parent=393949"}],"wp:term":[{"taxonomy":"category","embeddable":true,"href":"https:\/\/www.europesays.com\/fr\/wp-json\/wp\/v2\/categories?post=393949"},{"taxonomy":"post_tag","embeddable":true,"href":"https:\/\/www.europesays.com\/fr\/wp-json\/wp\/v2\/tags?post=393949"}],"curies":[{"name":"wp","href":"https:\/\/api.w.org\/{rel}","templated":true}]}}