{"id":393959,"date":"2025-09-16T01:46:11","date_gmt":"2025-09-16T01:46:11","guid":{"rendered":"https:\/\/www.europesays.com\/fr\/393959\/"},"modified":"2025-09-16T01:46:11","modified_gmt":"2025-09-16T01:46:11","slug":"le-parlement-rejette-la-resolution-de-lue-denoncant-la-detention-de-lopposante-victoire-ingabire","status":"publish","type":"post","link":"https:\/\/www.europesays.com\/fr\/393959\/","title":{"rendered":"le Parlement rejette la r\u00e9solution de l&rsquo;UE d\u00e9non\u00e7ant la d\u00e9tention de l&rsquo;opposante Victoire Ingabire"},"content":{"rendered":"<p class=\"mb-4 text-lg md:leading-8 break-words\">\u00c0 Kigali, le Parlement rwandais r\u00e9pond au Parlement europ\u00e9en. Les d\u00e9put\u00e9s et s\u00e9nateurs rwandais ont condamn\u00e9 ce lundi 15 septembre la r\u00e9solution adopt\u00e9e la semaine derni\u00e8re par leurs homologues de Bruxelles, d\u00e9non\u00e7ant la d\u00e9tention de Victoire Ingabire. L\u2019opposante a \u00e9t\u00e9 arr\u00eat\u00e9e au mois de juin dans une affaire li\u00e9e \u00e0 celle de certains membres de son organisation politique. Accus\u00e9e notamment de formation d\u2019un groupe ill\u00e9gal ou encore de diffusion de messages haineux dans le but de provoquer une opinion internationale hostile au gouvernement, les d\u00e9put\u00e9s europ\u00e9ens demandaient dans leur r\u00e9solution que les charges motiv\u00e9es politiquement soient abandonn\u00e9es.<\/p>\n<p class=\"mb-4 text-lg md:leading-8 break-words\">Avec notre correspondante \u00e0 Kigali,\u00a0<strong>Lucie Mouillaud<\/strong><\/p>\n<p class=\"mb-4 text-lg md:leading-8 break-words\">Pour la vice-pr\u00e9sidente de l\u2019Assembl\u00e9e nationale rwandaise, Beline Uwineza, la r\u00e9solution du Parlement europ\u00e9en attaque avec des id\u00e9es trompeuses les institutions du pays. Les d\u00e9put\u00e9s et s\u00e9nateurs r\u00e9unis \u00e0 Kigali en session pl\u00e9ni\u00e8re d\u00e9noncent ce qu\u2019ils consid\u00e8rent comme une ing\u00e9rence dans le syst\u00e8me judiciaire national, ternissant l\u2019image du <a href=\"https:\/\/www.rfi.fr\/fr\/tag\/rwanda\/\" rel=\"nofollow noopener\" target=\"_blank\" data-ylk=\"slk:Rwanda;elm:context_link;itc:0;sec:content-canvas\" class=\"link \"><strong>Rwanda<\/strong><\/a>.<\/p>\n<p class=\"mb-4 text-lg md:leading-8 break-words\">Le texte adopt\u00e9 par les parlementaires europ\u00e9ens la semaine derni\u00e8re appelait \u00e0 la lib\u00e9ration imm\u00e9diate et sans condition de l\u2019opposante <a href=\"https:\/\/fr.news.yahoo.com\/rwanda-justice-confirme-r%C3%A9tention-d%C3%A9tention-214508834.html\" data-ylk=\"slk:Victoire Ingabire;elm:context_link;itc:0;sec:content-canvas;outcm:mb_qualified_link;_E:mb_qualified_link;ct:story;\" class=\"link  yahoo-link\" target=\"_blank\" rel=\"noopener\"><strong>Victoire Ingabire<\/strong><\/a>, d\u00e9non\u00e7ant un proc\u00e8s en cours, \u00ab\u00a0entach\u00e9 de graves irr\u00e9gularit\u00e9s \u00bb.<\/p>\n<p class=\"mb-4 text-lg md:leading-8 break-words\">Mentionnant notamment un programme de justice et responsabilit\u00e9 financ\u00e9 \u00e0 19,5 millions d\u2019euros par Bruxelles, la r\u00e9solution invitait \u00e9galement la Commission europ\u00e9enne \u00e0 r\u00e9\u00e9tudier l\u2019aide apport\u00e9e \u00e0 des institutions qui seraient impliqu\u00e9es dans des d\u00e9tentions arbitraires, de la torture ou des proc\u00e8s in\u00e9quitables\u201d.<\/p>\n<p class=\"mb-4 text-lg md:leading-8 break-words\">Le vote de la motion avait d\u00e9j\u00e0 provoqu\u00e9 de nombreuses r\u00e9actions de la classe politique du pays. Sur les r\u00e9seaux sociaux, le ministre des Affaires \u00e9trang\u00e8res Olivier Nduhungirehe rappelle notamment l\u2019ind\u00e9pendance et la souverainet\u00e9 du Rwanda.<\/p>\n<p class=\"mb-4 text-lg md:leading-8 break-words\">\u00c0 lire aussi<a href=\"https:\/\/www.rfi.fr\/fr\/afrique\/20250620-le-rwanda-arr\u00eate-victoire-ingabire-principale-opposante-\u00e0-paul-kagame-accus\u00e9e-de-complot\" class=\"link \" rel=\"nofollow noopener\" target=\"_blank\" data-ylk=\"slk:Le Rwanda arr\u00eate Victoire Ingabire, principale opposante \u00e0 Paul Kagame, accus\u00e9e de complot;elm:context_link;itc:0;sec:content-canvas\">Le Rwanda arr\u00eate Victoire Ingabire, principale opposante \u00e0 Paul Kagame, accus\u00e9e de complot<\/a><\/p>\n","protected":false},"excerpt":{"rendered":"\u00c0 Kigali, le Parlement rwandais r\u00e9pond au Parlement europ\u00e9en. Les d\u00e9put\u00e9s et s\u00e9nateurs rwandais ont condamn\u00e9 ce lundi&hellip;\n","protected":false},"author":2,"featured_media":393960,"comment_status":"","ping_status":"","sticky":false,"template":"","format":"standard","meta":{"footnotes":""},"categories":[1586],"tags":[11,52603,1777,674,1779,1011,27,52606,12,8552,52605,25,1778,364,52604],"class_list":{"0":"post-393959","1":"post","2":"type-post","3":"status-publish","4":"format-standard","5":"has-post-thumbnail","7":"category-europe","8":"tag-actualites","9":"tag-deputes-europeens","10":"tag-eu","11":"tag-europe","12":"tag-european-union","13":"tag-fr","14":"tag-france","15":"tag-kigali","16":"tag-news","17":"tag-parlement-europeen","18":"tag-parlement-rwandais","19":"tag-republique-francaise","20":"tag-ue","21":"tag-union-europeenne","22":"tag-victoire-ingabire"},"share_on_mastodon":{"url":"https:\/\/pubeurope.com\/@fr\/115211454638240607","error":""},"_links":{"self":[{"href":"https:\/\/www.europesays.com\/fr\/wp-json\/wp\/v2\/posts\/393959","targetHints":{"allow":["GET"]}}],"collection":[{"href":"https:\/\/www.europesays.com\/fr\/wp-json\/wp\/v2\/posts"}],"about":[{"href":"https:\/\/www.europesays.com\/fr\/wp-json\/wp\/v2\/types\/post"}],"author":[{"embeddable":true,"href":"https:\/\/www.europesays.com\/fr\/wp-json\/wp\/v2\/users\/2"}],"replies":[{"embeddable":true,"href":"https:\/\/www.europesays.com\/fr\/wp-json\/wp\/v2\/comments?post=393959"}],"version-history":[{"count":0,"href":"https:\/\/www.europesays.com\/fr\/wp-json\/wp\/v2\/posts\/393959\/revisions"}],"wp:featuredmedia":[{"embeddable":true,"href":"https:\/\/www.europesays.com\/fr\/wp-json\/wp\/v2\/media\/393960"}],"wp:attachment":[{"href":"https:\/\/www.europesays.com\/fr\/wp-json\/wp\/v2\/media?parent=393959"}],"wp:term":[{"taxonomy":"category","embeddable":true,"href":"https:\/\/www.europesays.com\/fr\/wp-json\/wp\/v2\/categories?post=393959"},{"taxonomy":"post_tag","embeddable":true,"href":"https:\/\/www.europesays.com\/fr\/wp-json\/wp\/v2\/tags?post=393959"}],"curies":[{"name":"wp","href":"https:\/\/api.w.org\/{rel}","templated":true}]}}