{"id":393961,"date":"2025-09-16T01:47:12","date_gmt":"2025-09-16T01:47:12","guid":{"rendered":"https:\/\/www.europesays.com\/fr\/393961\/"},"modified":"2025-09-16T01:47:12","modified_gmt":"2025-09-16T01:47:12","slug":"referendum-sur-limmigration-la-petition-de-philippe-de-villiers-revendique-un-million-de-signatures","status":"publish","type":"post","link":"https:\/\/www.europesays.com\/fr\/393961\/","title":{"rendered":"R\u00e9f\u00e9rendum sur l\u2019immigration\u00a0: la p\u00e9tition de Philippe de Villiers revendique un million de signatures"},"content":{"rendered":"<p class=\"paragraph text_align_left lp-f-body-02\">Pour <a href=\"https:\/\/www.leparisien.fr\/elections\/presidentielle\/presidentielle-comment-philippe-de-villiers-est-revenu-dans-larene-pour-son-ami-zemmour-21-01-2022-WNHAXH5C3JADZM4OOTXNFWMCQI.php\" target=\"_self\" rel=\"nofollow noopener\">Philippe de Villiers<\/a>, il est l\u2019heure de \u00ab sauver la France \u00bb. L\u2019ex-d\u00e9put\u00e9, visage de l\u2019extr\u00eame droite, a lanc\u00e9 il y a une dizaine de jours une p\u00e9tition en ligne afin d\u2019\u00ab exiger \u00bb \u00e0 Emmanuel Macron un r\u00e9f\u00e9rendum sur l\u2019immigration. \u00c0 date, ce lundi soir, le site h\u00e9bergeant cet appel recense plus d\u2019un million de signataires.<\/p>\n<p class=\"paragraph text_align_left lp-f-body-02\">Cet \u00e9t\u00e9, <a href=\"https:\/\/www.leparisien.fr\/politique\/la-petition-contre-la-loi-duplomb-franchit-le-cap-des-2-millions-de-signatures-28-07-2025-KPSUAXNPX5D3HEWGTUP3KKEWQE.php\" target=\"_self\" rel=\"nofollow noopener\">la p\u00e9tition visant \u00e0 abolir la loi Duplomb<\/a> avait, elle, franchi le cap des deux millions de signataires. Sur X, Pascal Praud, figure phare de CNews, s\u2019\u00e9tonne d\u2019une \u00ab diff\u00e9rence de traitement \u00bb m\u00e9diatique entre les deux appels \u00e0 la mobilisation.<\/p>\n<p class=\"paragraph text_align_left lp-f-body-02\">Et pour cause, les deux p\u00e9titions sont incomparables. Celle lanc\u00e9e par \u00c9l\u00e9onore Pattery, \u00e9tudiante de 23 ans, est h\u00e9berg\u00e9e sur le site de l\u2019Assembl\u00e9e nationale. La signer demandait une identification unique via la plate-forme gouvernementale France Connect. L\u2019appel \u00e0 la consultation populaire r\u00e9dig\u00e9 par Philippe de Villiers ne requiert lui qu\u2019une adresse mail, authentique ou non. Ce qui ouvre la porte \u00e0 l\u2019utilisation de faux comptes. Il est revanche impossible de signer plusieurs fois avec le m\u00eame compte, comme nous avons pu le constater.<\/p>\n<p class=\"paragraph text_align_left lp-f-body-02\">Parmi les signataires r\u00e9els, on trouve Stanislas Rigault, ancien porte-parole de Reconqu\u00eate, le parti d\u2019\u00c9ric Zemmour. Mais aussi <a href=\"https:\/\/www.leparisien.fr\/politique\/referendum-sur-limmigration-laurent-wauquiez-a-signe-la-petition-de-philippe-de-villiers-15-09-2025-VRVVDI6H4RCZJEXHDGNWA234DU.php\" target=\"_self\" rel=\"nofollow noopener\">Laurent Wauquiez<\/a>, d\u00e9put\u00e9 Les R\u00e9publicains (LR) de Haute-Loire et pr\u00e9sident de son groupe \u00e0 l\u2019Assembl\u00e9e nationale.<\/p>\n<p>\u00ab Nos adversaires s\u2019acharnent \u00bb<\/p>\n<p class=\"paragraph text_align_left lp-f-body-02\">Depuis ce lundi soir, un message appara\u00eet lorsque l\u2019on ouvre le site abritant la p\u00e9tition. \u00ab \u00c0 l\u2019instant m\u00eame o\u00f9 vous signez cette p\u00e9tition, nos adversaires s\u2019acharnent. Le site est la cible d\u2019une cyberattaque, peut-on lire sans plus de pr\u00e9cision. Preuve \u00e9clatante que notre combat touche juste, qu\u2019il d\u00e9range ceux qui veulent b\u00e2illonner la voix du peuple. Qu\u2019ils le sachent : ils n\u2019y parviendront pas. Chaque signature comptera. Tenez bon. Continuez \u00e0 signer. Pour nos enfants. Pour la France \u00e9ternelle. \u00bb<\/p>\n<p class=\"paragraph text_align_left lp-f-body-02\">Chaque signataire est par ailleurs invit\u00e9 \u00e0 accepter de communiquer son contact \u00ab \u00e0 la soci\u00e9t\u00e9 Lagard\u00e8re Media News afin qu\u2019elle m\u2019adresse des informations, offres, bons plans et avantages promotionnels pour les titres JDD et JDNews \u00bb, des m\u00e9dias appartenant \u00e0 l\u2019homme d\u2019affaires <a href=\"https:\/\/www.leparisien.fr\/economie\/les-societes-des-journalistes-de-paris-match-et-du-jdd-proprietes-de-vincent-bollore-annoncent-setre-dissoutes-02-02-2024-42RH3WKBGNAETOCR24EFFGDKEQ.php\" target=\"_self\" rel=\"nofollow noopener\">Vincent Bollor\u00e9<\/a>.<\/p>\n<p class=\"paragraph text_align_left lp-f-body-02\">Lanc\u00e9e fin juillet, une p\u00e9tition appelant elle aussi \u00e0 un r\u00e9f\u00e9rendum sur l\u2019immigration a \u00e9t\u00e9 mise en ligne sur le site de l\u2019Assembl\u00e9e nationale. Elle d\u00e9passe de peu les 2 541 signataires. Pour donner \u00e0 une s\u00e9ance publique dans l\u2019H\u00e9micycle, la p\u00e9tition doit avoir \u00ab \u00e9t\u00e9 sign\u00e9e par plus de 500 000 personnes domicili\u00e9es dans 30 d\u00e9partements ou collectivit\u00e9s d\u2019outre-mer au moins \u00bb, <a href=\"https:\/\/petitions.assemblee-nationale.fr\/pages\/parcours_petition\" target=\"_self\" rel=\"nofollow noopener\">pr\u00e9cise le site de l\u2019Assembl\u00e9e nationale<\/a>.<\/p>\n","protected":false},"excerpt":{"rendered":"Pour Philippe de Villiers, il est l\u2019heure de \u00ab sauver la France \u00bb. L\u2019ex-d\u00e9put\u00e9, visage de l\u2019extr\u00eame droite,&hellip;\n","protected":false},"author":2,"featured_media":393962,"comment_status":"","ping_status":"","sticky":false,"template":"","format":"standard","meta":{"footnotes":""},"categories":[2],"tags":[11,1011,27,12,316,25,104],"class_list":{"0":"post-393961","1":"post","2":"type-post","3":"status-publish","4":"format-standard","5":"has-post-thumbnail","7":"category-actualites","8":"tag-actualites","9":"tag-fr","10":"tag-france","11":"tag-news","12":"tag-politique","13":"tag-republique-francaise","14":"tag-societe"},"share_on_mastodon":{"url":"https:\/\/pubeurope.com\/@fr\/115211458567564198","error":""},"_links":{"self":[{"href":"https:\/\/www.europesays.com\/fr\/wp-json\/wp\/v2\/posts\/393961","targetHints":{"allow":["GET"]}}],"collection":[{"href":"https:\/\/www.europesays.com\/fr\/wp-json\/wp\/v2\/posts"}],"about":[{"href":"https:\/\/www.europesays.com\/fr\/wp-json\/wp\/v2\/types\/post"}],"author":[{"embeddable":true,"href":"https:\/\/www.europesays.com\/fr\/wp-json\/wp\/v2\/users\/2"}],"replies":[{"embeddable":true,"href":"https:\/\/www.europesays.com\/fr\/wp-json\/wp\/v2\/comments?post=393961"}],"version-history":[{"count":0,"href":"https:\/\/www.europesays.com\/fr\/wp-json\/wp\/v2\/posts\/393961\/revisions"}],"wp:featuredmedia":[{"embeddable":true,"href":"https:\/\/www.europesays.com\/fr\/wp-json\/wp\/v2\/media\/393962"}],"wp:attachment":[{"href":"https:\/\/www.europesays.com\/fr\/wp-json\/wp\/v2\/media?parent=393961"}],"wp:term":[{"taxonomy":"category","embeddable":true,"href":"https:\/\/www.europesays.com\/fr\/wp-json\/wp\/v2\/categories?post=393961"},{"taxonomy":"post_tag","embeddable":true,"href":"https:\/\/www.europesays.com\/fr\/wp-json\/wp\/v2\/tags?post=393961"}],"curies":[{"name":"wp","href":"https:\/\/api.w.org\/{rel}","templated":true}]}}