{"id":393981,"date":"2025-09-16T02:00:34","date_gmt":"2025-09-16T02:00:34","guid":{"rendered":"https:\/\/www.europesays.com\/fr\/393981\/"},"modified":"2025-09-16T02:00:34","modified_gmt":"2025-09-16T02:00:34","slug":"notre-horizon-est-il-trop-petit-sur-art-brut-dans-lintimite-dune-collection","status":"publish","type":"post","link":"https:\/\/www.europesays.com\/fr\/393981\/","title":{"rendered":"Notre horizon est-il trop petit\u00a0?\u00a0\u2013\u00a0sur \u00ab Art brut. Dans l\u2019intimit\u00e9 d\u2019une collection \u00bb"},"content":{"rendered":"<p>                        Notre horizon est-il trop petit\u00a0?\u00a0\u2013\u00a0sur \u00ab Art brut. Dans l\u2019intimit\u00e9 d\u2019une collection \u00bb<\/p>\n<p class=\"byline author vcard\">Par    <a href=\"https:\/\/aoc.media\/auteur\/evelyne-grossman\/\" title=\"Articles par \u00c9velyne Grossman\" class=\"author url fn\" rel=\"author noopener\" target=\"_blank\">\u00c9velyne Grossman<\/a><\/p>\n<p>\u00ab Ma t\u00eate est comme une ruche, une h\u00e9lice, un radar. \u00bb, disait Zden\u0115k Ko\u0161ek. En marchant dans le r\u00e9seau dense des salles d\u2019exposition du Grand Palais, c\u2019est un voyage dans l\u2019intimit\u00e9 des t\u00eates des artistes de l\u2019art brut que nous sommes invit\u00e9s \u00e0 entamer. Celui-ci nous confronte \u00e0 nos rationalit\u00e9s tranquilles en d\u00e9voilant des \u0153uvres hors de la culture artistique conventionnelle, empreintes d\u2019une fascinante \u00e9tranget\u00e9.<\/p>\n<p class=\"first-paragraph\">La Suisse \u00ab compte beaucoup de malades mentaux \u00bb, d\u00e9clarait dr\u00f4lement le collectionneur G\u00e9rard A. Schreiner dans un film que lui consacre Bruno Decharme ; \u00ab peut-\u00eatre \u00e0 cause des montagnes\u2026 l\u2019horizon est trop petit ! \u00bb Nul doute que la remarquable exposition \u00ab Art brut \u00bb d\u00e9gage pour sa part largement nos horizons. Dans sa pr\u00e9face au catalogue, Bruno Decharme, le collectionneur \u00e9rudit et cin\u00e9aste (il fut assistant de Jacques Tati), \u00e0 qui l\u2019on doit la donation au Mus\u00e9e national d\u2019art moderne du Centre Pompidou d\u2019un millier d\u2019\u0153uvres dont une partie est ici pr\u00e9sent\u00e9e, l\u2019affirme avec force : il faut consid\u00e9rer l\u2019art brut \u00ab comme une question et non comme une cat\u00e9gorie\u00a0\u00bb.<\/p>\n<p><a href=\"https:\/\/mucem.org\/exposition\/laure-prouvost\/\" target=\"_blank\" rel=\"noopener\"><img fetchpriority=\"high\" decoding=\"async\" class=\"wp-image-263226 size-full\" src=\"https:\/\/www.europesays.com\/fr\/wp-content\/uploads\/2025\/09\/Mucem_PROUVOST_aoc_web_300-x-250.jpg\" alt=\"\" width=\"300\" height=\"250\"\/><\/a>publicit\u00e9<\/p>\n<p>Cessons donc un instant de r\u00e9pertorier et de classer\u00a0: ceci est de l\u2019art, cela n\u2019en est pas. R\u00e9servons \u00e0 d\u2019autres approches les questions de nomenclatures, g\u00e9n\u00e9alogies et taxinomies classificatoires m\u00eame si les mises en perspective historiques et g\u00e9ographiques, les indications bio-bibliographiques des artistes, les chronologies diverses, les vid\u00e9os mettant en sc\u00e8ne et en acte les artistes, sont ici impeccablement pr\u00e9sent\u00e9es pour qui souhaite s\u2019en informer au-del\u00e0 de l\u2019\u00e9blouissement et de l\u2019\u00e9motion que ces \u0153uvres suscitent en nous. Antonin Artaud, raillant la lourdeur de certains doctes avis port\u00e9s sur ses dessins et \u00ab\u00a0totems d\u2019\u00eatres\u00a0\u00bb (a-t-il seulement \u00e9tudi\u00e9 le dessin\u00a0\u2026?) vocif\u00e9rait\u00a0d\u00e9j\u00e0 : \u00ab\u00a0Nous avons une taie sur l\u2019\u0153il du fait que notre vision oculaire actuelle est d\u00e9form\u00e9e, r\u00e9prim\u00e9e, opprim\u00e9e.\u00a0\u00bb Cessons de craindre ce qu\u2019il nommait un \u00ab\u00a0\u00e9largissement v\u00e9ritable de la r\u00e9alit\u00e9\u00a0\u00bb. R\u00e9apprenons \u00e0 voir et entendre les dessins, sculptures, assemblages et tentures, broderies et peintures, masques, mosa\u00efques, totems et parchemins qui se dressent ici et nous appellent et nous parlent.<\/p>\n<p>Le Centre Pompidou \u00e9tant proche de sa fermeture pour travaux (on le regrette d\u00e9j\u00e0\u2026), l\u2019exposition se tient dans un imposant Grand Palais r\u00e9cemment r\u00e9nov\u00e9 et rendu \u00e0 sa splendeur lumineuse. Sur deux \u00e9tages, \u00e0 travers des <\/p>\n<p class=\"author_name\">\n                <a href=\"https:\/\/aoc.media\/auteur\/evelyne-grossman\/\" target=\"_blank\" rel=\"noopener\">\u00c9velyne Grossman<\/a>\n            <\/p>\n<p class=\"author_func\">\n                Essayiste, Critique litt\u00e9raire            <\/p>\n","protected":false},"excerpt":{"rendered":"Notre horizon est-il trop petit\u00a0?\u00a0\u2013\u00a0sur \u00ab Art brut. Dans l\u2019intimit\u00e9 d\u2019une collection \u00bb Par \u00c9velyne Grossman \u00ab Ma&hellip;\n","protected":false},"author":2,"featured_media":393982,"comment_status":"","ping_status":"","sticky":false,"template":"","format":"standard","meta":{"footnotes":""},"categories":[1358],"tags":[1348,1384,1385,8981,2502,251,1386,58,59,1011,27],"class_list":{"0":"post-393981","1":"post","2":"type-post","3":"status-publish","4":"format-standard","5":"has-post-thumbnail","7":"category-arts-et-design","8":"tag-arts","9":"tag-arts-and-design","10":"tag-arts-et-design","11":"tag-arts-plastiques","12":"tag-arts-visuels","13":"tag-culture","14":"tag-design","15":"tag-divertissement","16":"tag-entertainment","17":"tag-fr","18":"tag-france"},"share_on_mastodon":{"url":"https:\/\/pubeurope.com\/@fr\/115211509759818606","error":""},"_links":{"self":[{"href":"https:\/\/www.europesays.com\/fr\/wp-json\/wp\/v2\/posts\/393981","targetHints":{"allow":["GET"]}}],"collection":[{"href":"https:\/\/www.europesays.com\/fr\/wp-json\/wp\/v2\/posts"}],"about":[{"href":"https:\/\/www.europesays.com\/fr\/wp-json\/wp\/v2\/types\/post"}],"author":[{"embeddable":true,"href":"https:\/\/www.europesays.com\/fr\/wp-json\/wp\/v2\/users\/2"}],"replies":[{"embeddable":true,"href":"https:\/\/www.europesays.com\/fr\/wp-json\/wp\/v2\/comments?post=393981"}],"version-history":[{"count":0,"href":"https:\/\/www.europesays.com\/fr\/wp-json\/wp\/v2\/posts\/393981\/revisions"}],"wp:featuredmedia":[{"embeddable":true,"href":"https:\/\/www.europesays.com\/fr\/wp-json\/wp\/v2\/media\/393982"}],"wp:attachment":[{"href":"https:\/\/www.europesays.com\/fr\/wp-json\/wp\/v2\/media?parent=393981"}],"wp:term":[{"taxonomy":"category","embeddable":true,"href":"https:\/\/www.europesays.com\/fr\/wp-json\/wp\/v2\/categories?post=393981"},{"taxonomy":"post_tag","embeddable":true,"href":"https:\/\/www.europesays.com\/fr\/wp-json\/wp\/v2\/tags?post=393981"}],"curies":[{"name":"wp","href":"https:\/\/api.w.org\/{rel}","templated":true}]}}