{"id":394001,"date":"2025-09-16T02:10:14","date_gmt":"2025-09-16T02:10:14","guid":{"rendered":"https:\/\/www.europesays.com\/fr\/394001\/"},"modified":"2025-09-16T02:10:14","modified_gmt":"2025-09-16T02:10:14","slug":"a-doha-la-demonstration-de-force-contre-israel-liberation","status":"publish","type":"post","link":"https:\/\/www.europesays.com\/fr\/394001\/","title":{"rendered":"\u00e0 Doha, la d\u00e9monstration de force contre Isra\u00ebl \u2013 Lib\u00e9ration"},"content":{"rendered":"<p class=\"sc-cPiKLX AiZTS text-element\">L\u2019important, c\u2019\u00e9tait de serrer les rangs. S\u2019entendre sur des mesures de repr\u00e9sailles concr\u00e8tes sera bien plus fastidieux, mais les bases semblent jet\u00e9es. Convoqu\u00e9 en urgence apr\u00e8s les <a href=\"https:\/\/www.liberation.fr\/international\/moyen-orient\/israel-frappe-la-direction-du-hamas-a-doha-la-mediation-suspendue-20250909_BG3AV3TVLBBJDPIQGY5KHYD6TU\/\" target=\"_blank\" rel=\"noopener\" title=\"https:\/\/www.liberation.fr\/international\/moyen-orient\/israel-frappe-la-direction-du-hamas-a-doha-la-mediation-suspendue-20250909_BG3AV3TVLBBJDPIQGY5KHYD6TU\/\">frappes isra\u00e9liennes <\/a>qui ont vis\u00e9 le Qatar le 9 septembre, le sommet arabo-musulman de Doha s\u2019est sold\u00e9 lundi par l\u2019adoption d\u2019une d\u00e9claration commune virulente. <\/p>\n<p class=\"sc-cPiKLX AiZTS text-element\">Distill\u00e9 paragraphe par paragraphe par les m\u00e9dias de la r\u00e9gion en fin de journ\u00e9e, le projet de r\u00e9solution exhorte \u00abtous les Etats [\u2026] \u00e0 revoir leurs relations diplomatiques et \u00e9conomiques avec Isra\u00ebl et \u00e0 engager des poursuites \u00e0 son encontre\u00bb et r\u00e9clame \u00abl\u2019arr\u00eat des ventes d\u2019armes et de munitions\u00bb \u00e0 l\u2019Etat h\u00e9breu. Pens\u00e9e comme une d\u00e9monstration de force et d\u2019unit\u00e9 r\u00e9gionales, la rencontre a aussi fourni son lot d\u2019images fortes \u2013 in\u00e9dites ou quasi \u2013 comme celles immortalisant l\u2019entretien bilat\u00e9ral entre le pr\u00e9sident iranien et le prince h\u00e9ritier saoudien, <a href=\"https:\/\/www.liberation.fr\/international\/moyen-orient\/arabie-saoudite-mohammed-ben-salmane-roi-du-petrole-et-entremetteur-diplomatique-courtise-20241202_3NUCCXJHGFBXRMNMWJ7KAANZPU\/\" target=\"_blank\" rel=\"noopener\" title=\"h &lt;div style=\" clear:=\"\" both=\"\"><\/p>\n","protected":false},"excerpt":{"rendered":"L\u2019important, c\u2019\u00e9tait de serrer les rangs. S\u2019entendre sur des mesures de repr\u00e9sailles concr\u00e8tes sera bien plus fastidieux, mais&hellip;\n","protected":false},"author":2,"featured_media":394002,"comment_status":"","ping_status":"","sticky":false,"template":"","format":"standard","meta":{"footnotes":""},"categories":[5],"tags":[11,4947,75,1011,27,3519,14,3019,664,12,1463,28],"class_list":{"0":"post-394001","1":"post","2":"type-post","3":"status-publish","4":"format-standard","5":"has-post-thumbnail","7":"category-international","8":"tag-actualites","9":"tag-arabie-saoudite","10":"tag-donald-trump","11":"tag-fr","12":"tag-france","13":"tag-hamas","14":"tag-international","15":"tag-iran","16":"tag-israel","17":"tag-news","18":"tag-qatar","19":"tag-world"},"share_on_mastodon":{"url":"https:\/\/pubeurope.com\/@fr\/115211549219040075","error":""},"_links":{"self":[{"href":"https:\/\/www.europesays.com\/fr\/wp-json\/wp\/v2\/posts\/394001","targetHints":{"allow":["GET"]}}],"collection":[{"href":"https:\/\/www.europesays.com\/fr\/wp-json\/wp\/v2\/posts"}],"about":[{"href":"https:\/\/www.europesays.com\/fr\/wp-json\/wp\/v2\/types\/post"}],"author":[{"embeddable":true,"href":"https:\/\/www.europesays.com\/fr\/wp-json\/wp\/v2\/users\/2"}],"replies":[{"embeddable":true,"href":"https:\/\/www.europesays.com\/fr\/wp-json\/wp\/v2\/comments?post=394001"}],"version-history":[{"count":0,"href":"https:\/\/www.europesays.com\/fr\/wp-json\/wp\/v2\/posts\/394001\/revisions"}],"wp:featuredmedia":[{"embeddable":true,"href":"https:\/\/www.europesays.com\/fr\/wp-json\/wp\/v2\/media\/394002"}],"wp:attachment":[{"href":"https:\/\/www.europesays.com\/fr\/wp-json\/wp\/v2\/media?parent=394001"}],"wp:term":[{"taxonomy":"category","embeddable":true,"href":"https:\/\/www.europesays.com\/fr\/wp-json\/wp\/v2\/categories?post=394001"},{"taxonomy":"post_tag","embeddable":true,"href":"https:\/\/www.europesays.com\/fr\/wp-json\/wp\/v2\/tags?post=394001"}],"curies":[{"name":"wp","href":"https:\/\/api.w.org\/{rel}","templated":true}]}}