{"id":394003,"date":"2025-09-16T02:11:11","date_gmt":"2025-09-16T02:11:11","guid":{"rendered":"https:\/\/www.europesays.com\/fr\/394003\/"},"modified":"2025-09-16T02:11:11","modified_gmt":"2025-09-16T02:11:11","slug":"je-peux-vous-demander-pourquoi-yann-barthes-met-ses-invites-face-a-leur-contradiction-malaise-en-plateau","status":"publish","type":"post","link":"https:\/\/www.europesays.com\/fr\/394003\/","title":{"rendered":"\u201cJe peux vous demander pourquoi\u201d : Yann Barth\u00e8s met ses invit\u00e9s face \u00e0 leur contradiction, malaise en plateau"},"content":{"rendered":"<p>Ah <strong>Tik-Tok<\/strong>&#8230; Cette plateforme o\u00f9 l&rsquo;on peut<br \/>\nvoir des mamans de poup\u00e9es Reborn r\u00e9clamer des places en cr\u00e8che,<br \/>\n<a href=\"https:\/\/www.closermag.fr\/people\/en-france-en-2025-ad-laurent-monte-encore-sur-ses-tres-grands-chevaux-apres-des-accusations-de-sexisme-3555070\" target=\"_blank\" rel=\"noopener\"><br \/>\nAD Laurent<\/a> se moquer de la communaut\u00e9 LGBTQIA+, encore Sandy<br \/>\nFamily <strong>tuer un caneton en live<\/strong>&#8230; Tout ce<br \/>\nqu&rsquo;internet peut concentrer de pire. Une sorte de cours des<br \/>\nmiracles virtuelle trash, non censur\u00e9e o\u00f9 tout est permis, ou<br \/>\npresque. Autant de d\u00e9rives qui ont pouss\u00e9 les parlementaires a men\u00e9<br \/>\n<strong>une enqu\u00eate sur les effets psychologiques<\/strong> de la<br \/>\nplateforme chez les mineurs. Le 11 septembre 2025, la commission a<br \/>\nrendu son verdict. De quoi piquer la curiosit\u00e9 de <a href=\"https:\/\/www.closermag.fr\/tv_tele_realite\/tes-un-bouffon-grognasse-les-insultes-fusent-face-a-yann-barthes-3579112\" target=\"_blank\" rel=\"noopener\"><br \/>\nYann Barth\u00e8s<\/a>.<\/p>\n<p data-start=\"230\" data-end=\"1187\">Ce 15 septembre 2025 dans<br \/>\n<a href=\"https:\/\/www.telestar.fr\/actu_tv\/reponds-dabord-lea-drucker-ne-sait-pas-quoi-dire-et-renvoie-la-patate-chaude-1737983\" target=\"_blank\" rel=\"noopener\"><br \/>\nQuotidien<\/a>, le pr\u00e9sentateur a convoqu\u00e9 sur son plateau<br \/>\ndeux chevaliers de la R\u00e9publique : <strong>Arthur<br \/>\nDelaporte<\/strong>, pr\u00e9sident de la commission d\u2019enqu\u00eate sur<br \/>\nTikTok, et <strong>Laure Miller<\/strong>, sa rapporteure.<\/p>\n<p>Yann Barth\u00e8s : la r\u00e9plique<br \/>\nassassine<\/p>\n<p data-start=\"1260\" data-end=\"2092\">Officiellement, ils venaient<br \/>\nbrandir leurs conclusions apr\u00e8s des mois de travail. Dans leurs<br \/>\nvalises, <strong>43 mesures<\/strong> \u00e0 la pelle :<br \/>\n<strong>interdiction des r\u00e9seaux sociaux aux moins de 15<br \/>\nans,<\/strong> couvre-feu num\u00e9rique pour les 15-18 ans. Bref, une<br \/>\ncroisade contre l\u2019appli pr\u00e9f\u00e9r\u00e9e des ados. Mais encore fallait-il<br \/>\nconvaincre. Et sur ce terrain glissant, Yann Barth\u00e8s a sorti son<br \/>\n\u00e9p\u00e9e \u00e0 une main : <strong>une question toute b\u00eate<\/strong>. Mais<br \/>\nqui pique l\u00e0 ou \u00e7a fait mal. Face aux mines s\u00e9rieuses des deux<br \/>\n\u00e9lus, l\u2019animateur a l\u00e2ch\u00e9 la phrase fatale : \u00ab\u00a0Je peux vous<br \/>\ndemander pourquoi vous communiquez sur X ? Vous \u00eates tous les deux<br \/>\nsur X alors que <strong>c&rsquo;est blind\u00e9 de pornographie et de<br \/>\ncomplotisme<\/strong>.\u00a0\u00bb Silence. Malaise.<\/p>\n<p data-start=\"1260\" data-end=\"2092\">Laura Miller baisse les yeux.<br \/>\nArthur Delaporte tente une d\u00e9fense en carton p\u00e2te, rappelant qu\u2019il<br \/>\na lui aussi saisi la procureur de la R\u00e9publique au sujet du r\u00e9seau<br \/>\nd\u2019<a href=\"https:\/\/www.closermag.fr\/people\/elon-musk-a-quoi-ressemble-son-ex-villa-de-luxe-a-los-angeles-3536250\" target=\"_blank\" rel=\"noopener\">Elon<br \/>\nMusk<\/a>. Mais le mal est fait. La contradiction \u00e9clate \u00e0 l\u2019\u00e9cran,<br \/>\ncomme un pop-corn br\u00fbl\u00e9 dans un micro-ondes. Ces m\u00eames responsables<br \/>\nqui tirent \u00e0 boulets rouges sur TikTok continuent \u00e0 tweeter \u00e0 la<br \/>\nmoindre occasion sur une <strong>plateforme tout aussi<br \/>\ntoxique<\/strong>.<\/p>\n<p>Le<br \/>\nroi du malaise et ses invit\u00e9s en exil<\/p>\n<p data-start=\"2147\" data-end=\"3081\">Ce n\u2019est pas la premi\u00e8re fois<br \/>\nque le pr\u00e9sentateur transforme son plateau en <strong>tribunal<br \/>\nimprovis\u00e9<\/strong>. Mais ce soir-l\u00e0, la sc\u00e8ne a pris des airs de<br \/>\nproc\u00e8s en r\u00e8gle, avec lui en juge ironique et eux en accus\u00e9s<br \/>\nmaladroits. Le public a senti <strong>le froid<\/strong><br \/>\ns\u2019installer, presque visible \u00e0 l\u2019\u00e9cran. Laure Miller, glac\u00e9e, peine<br \/>\n\u00e0 masquer son embarras. Arhtur Delaporte, lui, essaie de sauver<br \/>\nl\u2019honneur en bricolant une explication \u00e0 mi-voix. Trop tard : la<br \/>\npique a touch\u00e9.<\/p>\n<p data-start=\"2147\" data-end=\"3081\">C\u2019est la sp\u00e9cialit\u00e9 de Yann<br \/>\nBarth\u00e8s. Depuis ses d\u00e9buts, le <a href=\"https:\/\/www.closermag.fr\/tv_tele_realite\/films-pour-adultes-yann-barthes-nage-en-plein-malaise-un-ange-passe-dans-quotidien-3577924\" target=\"_blank\" rel=\"noopener\"><br \/>\npr\u00e9sentateur<\/a> a fait de l\u2019art du malaise son petit sceptre<br \/>\nt\u00e9l\u00e9visuel. Une couronne invisible mais redout\u00e9e.\u00a0Ses<br \/>\n\u00ab\u00a0pourquoi\u00a0\u00bb ne sont pas des questions, mais des \u00e9p\u00e9es qui<br \/>\ntranchent les discours bien huil\u00e9s. Et face \u00e0 l\u2019animateur, les<br \/>\ndiscours d\u2019autorit\u00e9 s\u2019\u00e9vaporent vite. On repart avec une impression<br \/>\n\u00e9trange : celle d\u2019avoir vu deux \u00e9lus venus pour terrasser le dragon<br \/>\nTikTok, mais qui se font eux-m\u00eames d\u00e9vorer par le miroir tendu<br \/>\nd\u2019<strong>une simple contradiction<\/strong>. Sur Quotidien, la morale est claire : \u00e0 la<br \/>\ncour des incoh\u00e9rences, le roi n\u2019est pas celui qu\u2019on croit.<\/p>\n","protected":false},"excerpt":{"rendered":"Ah Tik-Tok&#8230; Cette plateforme o\u00f9 l&rsquo;on peut voir des mamans de poup\u00e9es Reborn r\u00e9clamer des places en cr\u00e8che,&hellip;\n","protected":false},"author":2,"featured_media":394004,"comment_status":"","ping_status":"","sticky":false,"template":"","format":"standard","meta":{"footnotes":""},"categories":[4],"tags":[11,548,1011,27,12,1404,25,8648],"class_list":{"0":"post-394003","1":"post","2":"type-post","3":"status-publish","4":"format-standard","5":"has-post-thumbnail","7":"category-france","8":"tag-actualites","9":"tag-article-simple","10":"tag-fr","11":"tag-france","12":"tag-news","13":"tag-quotidien","14":"tag-republique-francaise","15":"tag-tmc"},"share_on_mastodon":{"url":"https:\/\/pubeurope.com\/@fr\/115211552903392790","error":""},"_links":{"self":[{"href":"https:\/\/www.europesays.com\/fr\/wp-json\/wp\/v2\/posts\/394003","targetHints":{"allow":["GET"]}}],"collection":[{"href":"https:\/\/www.europesays.com\/fr\/wp-json\/wp\/v2\/posts"}],"about":[{"href":"https:\/\/www.europesays.com\/fr\/wp-json\/wp\/v2\/types\/post"}],"author":[{"embeddable":true,"href":"https:\/\/www.europesays.com\/fr\/wp-json\/wp\/v2\/users\/2"}],"replies":[{"embeddable":true,"href":"https:\/\/www.europesays.com\/fr\/wp-json\/wp\/v2\/comments?post=394003"}],"version-history":[{"count":0,"href":"https:\/\/www.europesays.com\/fr\/wp-json\/wp\/v2\/posts\/394003\/revisions"}],"wp:featuredmedia":[{"embeddable":true,"href":"https:\/\/www.europesays.com\/fr\/wp-json\/wp\/v2\/media\/394004"}],"wp:attachment":[{"href":"https:\/\/www.europesays.com\/fr\/wp-json\/wp\/v2\/media?parent=394003"}],"wp:term":[{"taxonomy":"category","embeddable":true,"href":"https:\/\/www.europesays.com\/fr\/wp-json\/wp\/v2\/categories?post=394003"},{"taxonomy":"post_tag","embeddable":true,"href":"https:\/\/www.europesays.com\/fr\/wp-json\/wp\/v2\/tags?post=394003"}],"curies":[{"name":"wp","href":"https:\/\/api.w.org\/{rel}","templated":true}]}}