{"id":394007,"date":"2025-09-16T02:13:15","date_gmt":"2025-09-16T02:13:15","guid":{"rendered":"https:\/\/www.europesays.com\/fr\/394007\/"},"modified":"2025-09-16T02:13:15","modified_gmt":"2025-09-16T02:13:15","slug":"la47-fermee-ces-4-prochaines-nuits","status":"publish","type":"post","link":"https:\/\/www.europesays.com\/fr\/394007\/","title":{"rendered":"L&rsquo;A47 ferm\u00e9e ces 4 prochaines nuits"},"content":{"rendered":"\n<p>Bonne nouvelle, certains chantiers sont termin\u00e9s dans la Loire. Mauvaise nouvelle, des travaux continuent sur l&rsquo;A47, au niveau de Saint-Chamond. Cons\u00e9quence, d\u00e8s ce lundi soir 21 heures et jusqu&rsquo;au lendemain 6 heures, l&rsquo;autoroute sera ferm\u00e9e dans le sens Lyon \/ Saint-\u00c9tienne.<\/p>\n<p>Ce sera la m\u00eame chose les 3 nuits suivantes. Et la portion inaccessible se trouve entre l&rsquo;\u00e9changeur 14 (Saint-Chamond centre \/ L\u2019Horme) et le 16 (Saint-Chamond centre). \u00c0 noter qu&rsquo;en direction de Saint-\u00c9tienne, l&rsquo;acc\u00e8s 15 (Saint-Chamond \/ Stelytec) sera \u00e9galement ferm\u00e9.<\/p>\n","protected":false},"excerpt":{"rendered":"Bonne nouvelle, certains chantiers sont termin\u00e9s dans la Loire. Mauvaise nouvelle, des travaux continuent sur l&rsquo;A47, au niveau&hellip;\n","protected":false},"author":2,"featured_media":153552,"comment_status":"","ping_status":"","sticky":false,"template":"","format":"standard","meta":{"footnotes":""},"categories":[9653],"tags":[15291,1111,11,2430,1777,674,13407,1011,27,3367,2428,12,41109,25,9669,4001,2086],"class_list":{"0":"post-394007","1":"post","2":"type-post","3":"status-publish","4":"format-standard","5":"has-post-thumbnail","7":"category-saint-etienne","8":"tag-a47","9":"tag-actu","10":"tag-actualites","11":"tag-auvergne-rhone-alpes","12":"tag-eu","13":"tag-europe","14":"tag-fermeture","15":"tag-fr","16":"tag-france","17":"tag-loire","18":"tag-lyon","19":"tag-news","20":"tag-nocturne","21":"tag-republique-francaise","22":"tag-saint-chamond","23":"tag-saint-etienne","24":"tag-travaux"},"share_on_mastodon":{"url":"https:\/\/pubeurope.com\/@fr\/115211560803312209","error":""},"_links":{"self":[{"href":"https:\/\/www.europesays.com\/fr\/wp-json\/wp\/v2\/posts\/394007","targetHints":{"allow":["GET"]}}],"collection":[{"href":"https:\/\/www.europesays.com\/fr\/wp-json\/wp\/v2\/posts"}],"about":[{"href":"https:\/\/www.europesays.com\/fr\/wp-json\/wp\/v2\/types\/post"}],"author":[{"embeddable":true,"href":"https:\/\/www.europesays.com\/fr\/wp-json\/wp\/v2\/users\/2"}],"replies":[{"embeddable":true,"href":"https:\/\/www.europesays.com\/fr\/wp-json\/wp\/v2\/comments?post=394007"}],"version-history":[{"count":0,"href":"https:\/\/www.europesays.com\/fr\/wp-json\/wp\/v2\/posts\/394007\/revisions"}],"wp:featuredmedia":[{"embeddable":true,"href":"https:\/\/www.europesays.com\/fr\/wp-json\/wp\/v2\/media\/153552"}],"wp:attachment":[{"href":"https:\/\/www.europesays.com\/fr\/wp-json\/wp\/v2\/media?parent=394007"}],"wp:term":[{"taxonomy":"category","embeddable":true,"href":"https:\/\/www.europesays.com\/fr\/wp-json\/wp\/v2\/categories?post=394007"},{"taxonomy":"post_tag","embeddable":true,"href":"https:\/\/www.europesays.com\/fr\/wp-json\/wp\/v2\/tags?post=394007"}],"curies":[{"name":"wp","href":"https:\/\/api.w.org\/{rel}","templated":true}]}}