{"id":394107,"date":"2025-09-16T03:18:14","date_gmt":"2025-09-16T03:18:14","guid":{"rendered":"https:\/\/www.europesays.com\/fr\/394107\/"},"modified":"2025-09-16T03:18:14","modified_gmt":"2025-09-16T03:18:14","slug":"lesprit-critique-cinema-des-musiques-et-des-films","status":"publish","type":"post","link":"https:\/\/www.europesays.com\/fr\/394107\/","title":{"rendered":"L\u2019esprit critique \u00ab\u00a0cin\u00e9ma\u00a0\u00bb\u00a0: des musiques et des films"},"content":{"rendered":"<p>Cette nouvelle saison de \u00ab\u00a0L\u2019esprit critique\u00a0\u00bb d\u00e9bute avec trois films satur\u00e9s et structur\u00e9s par la musique\u00a0: la techno de free partys organis\u00e9es dans les d\u00e9serts du sud du Maroc avec le vertigineux Sir\u00e2t, sign\u00e9 du r\u00e9alisateur franco-espagnol Oliver Laxe\u00a0; les tubes fran\u00e7ais de l\u2019adaptation au cin\u00e9ma du roman de Nicolas Mathieu, Connemara, dans une r\u00e9alisation de l\u2019acteur et humoriste Alex Lutz\u00a0; et enfin, la bande-son \u00e0 la fois nationaliste et pop de Tel-Aviv dans le nouveau film de l\u2019agitateur du cin\u00e9ma isra\u00e9lien Nadav Lapid, intitul\u00e9 Oui.\u00a0<\/p>\n<p>\u00ab\u00a0Sir\u00e2t\u00a0\u00bb<\/p>\n<p>Sir\u00e2t est un terme arabe qui peut signifier \u00ab\u00a0la voie\u00a0\u00bb ou \u00ab\u00a0le chemin\u00a0\u00bb, mais \u00e9voque aussi, dans les textes saints de l\u2019islam, un pont suspendu entre le paradis et l\u2019enfer, ainsi que nous l\u2019indique d\u2019embl\u00e9e le carton qui ouvre le nouveau long m\u00e9trage du cin\u00e9aste franco-espagnol Oliver Laxe, prix du jury au Festival de Cannes 2025 et qui porte ce titre.<\/p>\n<p>Et c\u2019est bien un film situ\u00e9 quelque part entre l\u2019\u00c9den et le gouffre que propose cette mise en sc\u00e8ne d\u2019une rave cauchemardesque, plongeant dans l\u2019univers de free partys d\u00e9jant\u00e9es, organis\u00e9es au c\u0153ur du d\u00e9sert marocain.<\/p>\n<p>Un p\u00e8re, incarn\u00e9 par Sergi L\u00f3pez, accompagn\u00e9 de son jeune fils, y cherche sa fille, disparue depuis quelques mois, au milieu de marginaux et \u00e9clop\u00e9s \u00e0 la recherche de la transe et de la danse. Il embarque pour cela dans un road trip, dans tous les sens du terme \u00ab\u00a0trip\u00a0\u00bb, cens\u00e9 le mener, en compagnie de deux camions et de leurs occupants, \u00e0 une autre f\u00eate en direction de la fronti\u00e8re mauritanienne, tout en tentant d\u2019\u00e9viter l\u2019arm\u00e9e marocaine.<\/p>\n<p>Sir\u00e2t, d\u2019Oliver Laxe, est sur les \u00e9crans depuis mercredi 10 septembre.\u00a0<\/p>\n<\/p>\n<p>\u00ab\u00a0Connemara\u00a0\u00bb<\/p>\n<p>Connemara est le titre, extrait d\u2019un fameux tube de Michel Sardou, du roman du Prix Goncourt Nicolas Mathieu, adapt\u00e9 aujourd\u2019hui \u00e0 l\u2019\u00e9cran par l\u2019acteur, humoriste et r\u00e9alisateur Alex Lutz, avec M\u00e9lanie Thierry et Bastien Bouillon dans les r\u00f4les-titres.<\/p>\n<p>Le film suit assez fid\u00e8lement le livre\u00a0: H\u00e9l\u00e8ne, qui a grandi dans l\u2019est de la France, puis fait carri\u00e8re dans des cabinets de conseil et de restructuration, tente de revenir dans sa ville natale pour redonner du sens et du souffle \u00e0 sa vie, tant professionnelle que personnelle, puisqu\u2019elle fr\u00f4le le burn-out dans la premi\u00e8re et le bore-out, c\u2019est-\u00e0-dire l\u2019ennui mortif\u00e8re, dans la seconde.<\/p>\n<p>Elle se prend ainsi de passion pour l\u2019ancien beau gosse de ses ann\u00e9es lyc\u00e9e, ex-star de l\u2019\u00e9quipe de hockey sur glace de la ville, qui tente alors un come-back sportif avec quelques ann\u00e9es et kilos en plus.<\/p>\n<p>Contrairement \u00e0 elle, il est rest\u00e9 \u00e0 \u00c9pinal, passant ses journ\u00e9es entre son p\u00e8re qui perd ses rep\u00e8res, son fils dont il n\u2019a pas la garde, un travail alimentaire, et ses deux vieux potes dont l\u2019un va bient\u00f4t se marier. \u00c0 l\u2019ivresse initiale d\u2019H\u00e9l\u00e8ne de retrouver le go\u00fbt de la jeunesse succ\u00e8dent progressivement le d\u00e9senchantement ou les difficult\u00e9s de passer outre la divergence des destin\u00e9es.<\/p>\n<p>Connemara, d\u2019Alex Lutz, est sur les \u00e9crans depuis mercredi 10 septembre.<\/p>\n<\/p>\n<p>\u00ab\u00a0Oui\u00a0\u00bb<\/p>\n<p>Oui est le titre du nouveau film de Nadav Lapid, enfant terrible du cin\u00e9ma isra\u00e9lien install\u00e9 depuis quelques ann\u00e9es \u00e0 Paris, dans lequel il prend de front ce qu\u2019est devenue la soci\u00e9t\u00e9 isra\u00e9lienne apr\u00e8s le 7-Octobre, en la filmant sur un rythme fr\u00e9n\u00e9tique, parfois hallucin\u00e9, soutenu par une musique tonitruante et des effets visuels incessants.<\/p>\n<p>Difficile de synth\u00e9tiser un tel film, dont on peut n\u00e9anmoins dire qu\u2019il comporte trois temps principaux.<\/p>\n<ul>\n<li>Le premier, dans lequel un couple compos\u00e9 d\u2019un pianiste et d\u2019une danseuse, tr\u00e8s amoureux l\u2019un de l\u2019autre, parents d\u2019un b\u00e9b\u00e9 n\u00e9 au lendemain du 7 octobre 2023, anime des soir\u00e9es priv\u00e9es dans la jet-set de Tel-Aviv, o\u00f9 ils peuvent se faire humilier tout en ridiculisant eux-m\u00eames le nationalisme et l\u2019extr\u00eame-droitisation des \u00e9lites isra\u00e9liennes.<\/li>\n<li>Le deuxi\u00e8me, dans lequel le personnage principal, nomm\u00e9 Y comme l\u2019\u00e9tait celui du pr\u00e9c\u00e9dent film de Lapid, Le Genou d\u2019Ahed, part en errance dans le d\u00e9sert, \u00e0 proximit\u00e9 de Gaza, en compagnie d\u2019une ancienne amante, apr\u00e8s qu\u2019on lui a propos\u00e9 de composer un nouvel hymne national pour le pays.<\/li>\n<li>Le dernier, dans lequel Y revient chez lui et se plie au pouvoir brut incarn\u00e9 par un Isra\u00e9lo-Russe patibulaire, tandis que son couple explose sur ce choix de composer un hymne de revanche promettant d\u2019an\u00e9antir Gaza, un hymne fond\u00e9 sur un v\u00e9ritable chant produit apr\u00e8s le 7-Octobre.<\/li>\n<\/ul>\n<p>Oui, de Nadav Lapid, sortira sur les \u00e9crans mercredi 17 septembre et Nadav Lapid sera l\u2019invit\u00e9 d\u2019\u00ab\u00a0<a href=\"https:\/\/www.mediapart.fr\/studio\/videos\/emissions\/l-air-libre\" target=\"_blank\" rel=\"noopener\">\u00c0 l\u2019air libre<\/a>\u00a0\u00bb la veille, mardi 16 septembre.<\/p>\n<\/p>\n<p>Avec\u00a0:<\/p>\n<ul>\n<li><b>Occitane Lacurie<\/b>, membre du comit\u00e9 de r\u00e9daction de la revue de cin\u00e9ma D\u00e9bordements, doctorante en esth\u00e9tique et \u00e9tudes visuelles\u00a0;<\/li>\n<li><b>Rapha\u00ebl Nieuwjaer<\/b>, qui \u00e9crit \u00e0 la fois pour les Cahiers du cin\u00e9ma et la revue \u00c9tudes\u00a0;<\/li>\n<li><b>Salima Tenfiche<\/b>, ma\u00eetresse de conf\u00e9rences en cin\u00e9ma \u00e0 l\u2019universit\u00e9 Sorbonne-Nouvelle.<\/li>\n<\/ul>\n<p>\u00ab\u00a0L\u2019esprit critique\u00a0\u00bb est un podcast enregistr\u00e9 par Corentin Dubois et r\u00e9alis\u00e9 par Karen Beun.<\/p>\n","protected":false},"excerpt":{"rendered":"Cette nouvelle saison de \u00ab\u00a0L\u2019esprit critique\u00a0\u00bb d\u00e9bute avec trois films satur\u00e9s et structur\u00e9s par la musique\u00a0: la techno&hellip;\n","protected":false},"author":2,"featured_media":394108,"comment_status":"","ping_status":"","sticky":false,"template":"","format":"standard","meta":{"footnotes":""},"categories":[1354],"tags":[1622,650,58,59,1346,1011,27,665,664,1360,873,52626,40269,52232],"class_list":{"0":"post-394107","1":"post","2":"type-post","3":"status-publish","4":"format-standard","5":"has-post-thumbnail","7":"category-films","8":"tag-alex-lutz","9":"tag-cinema","10":"tag-divertissement","11":"tag-entertainment","12":"tag-films","13":"tag-fr","14":"tag-france","15":"tag-gaza","16":"tag-israel","17":"tag-movies","18":"tag-musique","19":"tag-nadav-lapid","20":"tag-nicolas-mathieu","21":"tag-oliver-laxe"},"share_on_mastodon":{"url":"https:\/\/pubeurope.com\/@fr\/115211816992745952","error":""},"_links":{"self":[{"href":"https:\/\/www.europesays.com\/fr\/wp-json\/wp\/v2\/posts\/394107","targetHints":{"allow":["GET"]}}],"collection":[{"href":"https:\/\/www.europesays.com\/fr\/wp-json\/wp\/v2\/posts"}],"about":[{"href":"https:\/\/www.europesays.com\/fr\/wp-json\/wp\/v2\/types\/post"}],"author":[{"embeddable":true,"href":"https:\/\/www.europesays.com\/fr\/wp-json\/wp\/v2\/users\/2"}],"replies":[{"embeddable":true,"href":"https:\/\/www.europesays.com\/fr\/wp-json\/wp\/v2\/comments?post=394107"}],"version-history":[{"count":0,"href":"https:\/\/www.europesays.com\/fr\/wp-json\/wp\/v2\/posts\/394107\/revisions"}],"wp:featuredmedia":[{"embeddable":true,"href":"https:\/\/www.europesays.com\/fr\/wp-json\/wp\/v2\/media\/394108"}],"wp:attachment":[{"href":"https:\/\/www.europesays.com\/fr\/wp-json\/wp\/v2\/media?parent=394107"}],"wp:term":[{"taxonomy":"category","embeddable":true,"href":"https:\/\/www.europesays.com\/fr\/wp-json\/wp\/v2\/categories?post=394107"},{"taxonomy":"post_tag","embeddable":true,"href":"https:\/\/www.europesays.com\/fr\/wp-json\/wp\/v2\/tags?post=394107"}],"curies":[{"name":"wp","href":"https:\/\/api.w.org\/{rel}","templated":true}]}}