{"id":394126,"date":"2025-09-16T03:28:24","date_gmt":"2025-09-16T03:28:24","guid":{"rendered":"https:\/\/www.europesays.com\/fr\/394126\/"},"modified":"2025-09-16T03:28:24","modified_gmt":"2025-09-16T03:28:24","slug":"affaire-du-chantage-a-la-video-intime-a-la-mairie-de-saint-etienne-lassociation-anticor-se-constitue-partie-civile","status":"publish","type":"post","link":"https:\/\/www.europesays.com\/fr\/394126\/","title":{"rendered":"Affaire du chantage \u00e0 la vid\u00e9o intime \u00e0 la mairie de Saint-\u00c9tienne\u00a0: l&rsquo;association Anticor se constitue partie civile"},"content":{"rendered":"<p>Alors que s&rsquo;ouvre, lundi 22 septembre, le proc\u00e8s des huit pr\u00e9venus dans l&rsquo;affaire du chantage pr\u00e9sum\u00e9 \u00e0 la vid\u00e9o intime \u00e0 la mairie de Saint-\u00c9tienne, l&rsquo;association anti-corruption Anticor se constitue partie civile ce lundi 15 septembre.<\/p>\n<p>\u00c0 une semaine de l&rsquo;ouverture du proc\u00e8s des huit pr\u00e9venus de l&rsquo;affaire Perdriau, <strong>l&rsquo;association anticorruption Anticor se constitue partie civile<\/strong> ont appris ce lundi 15 septembre nos confr\u00e8res de\u00a0<a target=\"_blank\" rel=\"external nofollow noopener\" class=\"IciLink ici-link IciArticleLink g-ici-body-regular-1 underline brand svelte-lu7k6w\" href=\"https:\/\/www.franceinfo.fr\/faits-divers\/justice-proces\/info-franceinfo-affaire-du-chantage-a-la-sextape-a-saint-etienne-l-association-anticor-se-constitue-partie-civile_7492009.html\">franceinfo<\/a>\u00a0aupr\u00e8s d&rsquo;Anticor. Dans cette affaire, dont l&rsquo;audiencement d\u00e9bute lundi 22 septembre<a class=\"IciLink ici-link IciArticleLink g-ici-body-regular-1 underline brand svelte-lu7k6w\" href=\"https:\/\/www.francebleu.fr\/infos\/faits-divers-justice\/affaire-de-chantage-a-la-video-le-parquet-de-lyon-requiert-le-renvoi-du-maire-de-saint-etienne-devant-le-tribunal-1915970\" rel=\"nofollow noopener\" target=\"_blank\">,<\/a> l&rsquo;actuel maire de Saint-\u00c9tienne, Ga\u00ebl Perdriau et trois proches sont <a class=\"IciLink ici-link IciArticleLink g-ici-body-regular-1 underline brand svelte-lu7k6w\" href=\"https:\/\/www.francebleu.fr\/infos\/faits-divers-justice\/affaire-de-chantage-a-la-video-le-parquet-de-lyon-requiert-le-renvoi-du-maire-de-saint-etienne-devant-le-tribunal-1915970\" rel=\"nofollow noopener\" target=\"_blank\">accus\u00e9s d&rsquo;avoir organis\u00e9 le tournage d&rsquo;une vid\u00e9o intime impliquant\u00a0Gilles Artigues<\/a>\u00a0en janvier 2015. <strong>Une vid\u00e9o suspect\u00e9e d&rsquo;avoir \u00e9t\u00e9 utilis\u00e9e comme moyen de pression sur l&rsquo;ancien premier adjoint du maire.<\/strong><\/p>\n<p>Des soup\u00e7ons de d\u00e9tournement de fonds<\/p>\n<p><a class=\"IciLink ici-link IciArticleLink g-ici-body-regular-1 underline brand svelte-lu7k6w\" href=\"https:\/\/www.francebleu.fr\/infos\/faits-divers-justice\/affaire-perdriau-le-maire-de-saint-etienne-mis-en-examen-pour-participation-a-une-association-de-malfaiteurs-9699708\" rel=\"nofollow noopener\" target=\"_blank\">C&rsquo;est \u00e0 la partie financi\u00e8re de ce dossier que s&rsquo;int\u00e9resse Anticor<\/a>, une association qui lutte contre la corruption. Le maire de Saint-\u00c9tienne est soup\u00e7onn\u00e9 d&rsquo;avoir r\u00e9mun\u00e9r\u00e9 <a class=\"IciLink ici-link IciArticleLink g-ici-body-regular-1 underline brand svelte-lu7k6w\" href=\"https:\/\/www.francebleu.fr\/infos\/politique\/saint-etienne-la-tres-discrete-subvention-de-l-association-france-lettonie-loire-auvergne-1664383414\" rel=\"nofollow noopener\" target=\"_blank\">les acteurs de ce chantage<\/a>\u00a0<a class=\"IciLink ici-link IciArticleLink g-ici-body-regular-1 underline brand svelte-lu7k6w\" href=\"https:\/\/www.francebleu.fr\/infos\/politique\/saint-etienne-la-tres-discrete-subvention-de-l-association-france-lettonie-loire-auvergne-1664383414\" rel=\"nofollow noopener\" target=\"_blank\">via des prestations fictives factur\u00e9es \u00e0 deux associations locales<\/a>,\u00a0<strong>\u00e0 hauteur de deux fois 20.000 euros d&rsquo;argent public<\/strong>. Ga\u00ebl Perdriau est mis en examen pour \u00ab\u00a0d\u00e9tournement de fonds publics par une d\u00e9positaire de l&rsquo;autorit\u00e9 publique\u00a0\u00bb. Les repr\u00e9sentants de ces associations, eux, sont poursuivis pour abus de \u00ab\u00a0confiance\u00a0\u00bb.<\/p>\n<p>\u00ab\u00a0Une gestion mafieuse de la commune de Saint-\u00c9tienne\u00a0\u00bb<\/p>\n<p>Si les faits sont av\u00e9r\u00e9s, \u00ab\u00a0c&rsquo;est le contraire de la probit\u00e9\u00a0\u00bb, rappelle In\u00e8s Bernard, d\u00e9l\u00e9gu\u00e9e g\u00e9n\u00e9rale de l&rsquo;association. \u00ab\u00a0Cela rel\u00e8verait d&rsquo;une gestion mafieuse de la commune de Saint-\u00c9tienne, guid\u00e9e par des int\u00e9r\u00eats de politique politicienne et par l&rsquo;absence de morale\u00a0\u00bb, poursuit In\u00e8s Bernard, qui parle de \u00ab\u00a0potentiel trucage du jeu d\u00e9mocratique, de d\u00e9voiement de la fonction publique\u00a0\u00bb, avec de \u00ab\u00a0l&rsquo;argent public [qui] aurait \u00e9t\u00e9 utilis\u00e9 pour servir ces potentielles m\u00e9thodes mafieuses\u00a0\u00bb.<\/p>\n<p><strong>De son c\u00f4t\u00e9, Ga\u00ebl Perdriau ne cesse de clamer son innocence et refuse de d\u00e9missionner.<\/strong> Il est pr\u00e9sum\u00e9 innocent en attente de jugement.<\/p>\n<p>\u00c0 lire aussi   <img decoding=\"async\" src=\"https:\/\/www.europesays.com\/fr\/wp-content\/uploads\/2025\/09\/1757993304_985_560x315\" alt=\"Le maire de Saint-\u00c9tienne, Ga\u00ebl Perdriau\" style=\"--_image-preview:url('data:image\/jpeg;base64,\/9j\/2wBDACgcHiMeGSgjISMtKygwPGRBPDc3PHtYXUlkkYCZlo+AjIqgtObDoKrarYqMyP\/L2u71\/\/\/\/m8H\/\/\/\/6\/+b9\/\/j\/2wBDASstLTw1PHZBQXb4pYyl+Pj4+Pj4+Pj4+Pj4+Pj4+Pj4+Pj4+Pj4+Pj4+Pj4+Pj4+Pj4+Pj4+Pj4+Pj4+Pj4+Pj\/wAARCAAXACoDASIAAhEBAxEB\/8QAGQAAAwEBAQAAAAAAAAAAAAAAAAMEAQIF\/8QAGRABAQEBAQEAAAAAAAAAAAAAAAIBEwMS\/8QAFQEBAQAAAAAAAAAAAAAAAAAAAQD\/xAAUEQEAAAAAAAAAAAAAAAAAAAAA\/9oADAMBAAIRAxEAPwD0aIs6tT3oJdazKc1Rf2krizOiLPRvUhbep\/TQAU16VtAJOfsdACH\/2Q==');\" loading=\"lazy\" fetchpriority=\"low\" aria-hidden=\"true\" class=\"svelte-1pnmlwx rounded\" onload=\"this.__e=event\" onerror=\"this.__e=event\"\/><\/p>\n","protected":false},"excerpt":{"rendered":"Alors que s&rsquo;ouvre, lundi 22 septembre, le proc\u00e8s des huit pr\u00e9venus dans l&rsquo;affaire du chantage pr\u00e9sum\u00e9 \u00e0 la&hellip;\n","protected":false},"author":2,"featured_media":394127,"comment_status":"","ping_status":"","sticky":false,"template":"","format":"standard","meta":{"footnotes":""},"categories":[9653],"tags":[1111,11,2430,1777,674,1011,27,12,25,4001],"class_list":{"0":"post-394126","1":"post","2":"type-post","3":"status-publish","4":"format-standard","5":"has-post-thumbnail","7":"category-saint-etienne","8":"tag-actu","9":"tag-actualites","10":"tag-auvergne-rhone-alpes","11":"tag-eu","12":"tag-europe","13":"tag-fr","14":"tag-france","15":"tag-news","16":"tag-republique-francaise","17":"tag-saint-etienne"},"share_on_mastodon":{"url":"https:\/\/pubeurope.com\/@fr\/115211855843435364","error":""},"_links":{"self":[{"href":"https:\/\/www.europesays.com\/fr\/wp-json\/wp\/v2\/posts\/394126","targetHints":{"allow":["GET"]}}],"collection":[{"href":"https:\/\/www.europesays.com\/fr\/wp-json\/wp\/v2\/posts"}],"about":[{"href":"https:\/\/www.europesays.com\/fr\/wp-json\/wp\/v2\/types\/post"}],"author":[{"embeddable":true,"href":"https:\/\/www.europesays.com\/fr\/wp-json\/wp\/v2\/users\/2"}],"replies":[{"embeddable":true,"href":"https:\/\/www.europesays.com\/fr\/wp-json\/wp\/v2\/comments?post=394126"}],"version-history":[{"count":0,"href":"https:\/\/www.europesays.com\/fr\/wp-json\/wp\/v2\/posts\/394126\/revisions"}],"wp:featuredmedia":[{"embeddable":true,"href":"https:\/\/www.europesays.com\/fr\/wp-json\/wp\/v2\/media\/394127"}],"wp:attachment":[{"href":"https:\/\/www.europesays.com\/fr\/wp-json\/wp\/v2\/media?parent=394126"}],"wp:term":[{"taxonomy":"category","embeddable":true,"href":"https:\/\/www.europesays.com\/fr\/wp-json\/wp\/v2\/categories?post=394126"},{"taxonomy":"post_tag","embeddable":true,"href":"https:\/\/www.europesays.com\/fr\/wp-json\/wp\/v2\/tags?post=394126"}],"curies":[{"name":"wp","href":"https:\/\/api.w.org\/{rel}","templated":true}]}}