{"id":394128,"date":"2025-09-16T03:29:34","date_gmt":"2025-09-16T03:29:34","guid":{"rendered":"https:\/\/www.europesays.com\/fr\/394128\/"},"modified":"2025-09-16T03:29:34","modified_gmt":"2025-09-16T03:29:34","slug":"journee-daccueil-des-nouveaux-nanceiens","status":"publish","type":"post","link":"https:\/\/www.europesays.com\/fr\/394128\/","title":{"rendered":"journ\u00e9e d&rsquo;accueil des nouveaux Nanc\u00e9iens"},"content":{"rendered":"<p>La journ\u00e9e d&rsquo;accueil des nouveaux Nanc\u00e9iens est une matin\u00e9e plac\u00e9e sous le signe de la convivialit\u00e9. Cet \u00e9v\u00e9nement permet aux nouveaux arrivants dans la ville de d\u00e9couvrir leur nouvel environnement, de rencontrer d&rsquo;autres habitants, le conseil municipal et de mieux s&rsquo;int\u00e9grer dans la vie locale.<\/p>\n<p>Le programme :<\/p>\n<p><strong>&#8211; 9 h :<\/strong>\u00a0caf\u00e9 d\u2019accueil \u00e0 l\u2019H\u00f4tel de Ville \u2013 Place Stanislas<br \/>&#8211;\u00a0<strong>9h30 \u2013 11h :<\/strong>\u00a0dialogue avec le conseil municipal (Grands Salons)<br \/>Un moment d\u2019\u00e9change direct pour poser vos questions, partager vos attentes et parler de votre installation \u00e0 Nancy.<br \/>&#8211;\u00a0<strong>11h \u2013 12h30 :<\/strong>\u00a0forum des services et partenaires (Grand Hall)<br \/>Rencontre avec les acteurs locaux dans les domaines du sport, des loisirs, de la culture, de la citoyennet\u00e9, de l\u2019enfance, de l\u2019\u00e9ducation et plus encore.<\/p>\n<p>Inscription\u00a0<a href=\"https:\/\/www.nancy.fr\/actualites\/detail-actualites\/accueil-des-nouveaux-nanceiens\" rel=\"nofollow noopener\" target=\"_blank\">en ligne\u00a0<\/a>ou au 03 83 85 30 00 jusqu\u2019au 25 septembre.<\/p>\n<p>La matin\u00e9e se poursuivra avec la\u00a0<strong>F\u00eate des Associations<\/strong>, place de la Carri\u00e8re, ouverte au public jusqu\u2019\u00e0 17h30.<\/p>\n","protected":false},"excerpt":{"rendered":"La journ\u00e9e d&rsquo;accueil des nouveaux Nanc\u00e9iens est une matin\u00e9e plac\u00e9e sous le signe de la convivialit\u00e9. Cet \u00e9v\u00e9nement&hellip;\n","protected":false},"author":2,"featured_media":394129,"comment_status":"","ping_status":"","sticky":false,"template":"","format":"standard","meta":{"footnotes":""},"categories":[9635],"tags":[1111,11,1777,674,1011,27,775,1702,12,25],"class_list":{"0":"post-394128","1":"post","2":"type-post","3":"status-publish","4":"format-standard","5":"has-post-thumbnail","7":"category-nancy","8":"tag-actu","9":"tag-actualites","10":"tag-eu","11":"tag-europe","12":"tag-fr","13":"tag-france","14":"tag-grand-est","15":"tag-nancy","16":"tag-news","17":"tag-republique-francaise"},"share_on_mastodon":{"url":"https:\/\/pubeurope.com\/@fr\/115211859768793070","error":""},"_links":{"self":[{"href":"https:\/\/www.europesays.com\/fr\/wp-json\/wp\/v2\/posts\/394128","targetHints":{"allow":["GET"]}}],"collection":[{"href":"https:\/\/www.europesays.com\/fr\/wp-json\/wp\/v2\/posts"}],"about":[{"href":"https:\/\/www.europesays.com\/fr\/wp-json\/wp\/v2\/types\/post"}],"author":[{"embeddable":true,"href":"https:\/\/www.europesays.com\/fr\/wp-json\/wp\/v2\/users\/2"}],"replies":[{"embeddable":true,"href":"https:\/\/www.europesays.com\/fr\/wp-json\/wp\/v2\/comments?post=394128"}],"version-history":[{"count":0,"href":"https:\/\/www.europesays.com\/fr\/wp-json\/wp\/v2\/posts\/394128\/revisions"}],"wp:featuredmedia":[{"embeddable":true,"href":"https:\/\/www.europesays.com\/fr\/wp-json\/wp\/v2\/media\/394129"}],"wp:attachment":[{"href":"https:\/\/www.europesays.com\/fr\/wp-json\/wp\/v2\/media?parent=394128"}],"wp:term":[{"taxonomy":"category","embeddable":true,"href":"https:\/\/www.europesays.com\/fr\/wp-json\/wp\/v2\/categories?post=394128"},{"taxonomy":"post_tag","embeddable":true,"href":"https:\/\/www.europesays.com\/fr\/wp-json\/wp\/v2\/tags?post=394128"}],"curies":[{"name":"wp","href":"https:\/\/api.w.org\/{rel}","templated":true}]}}