{"id":394135,"date":"2025-09-16T03:34:10","date_gmt":"2025-09-16T03:34:10","guid":{"rendered":"https:\/\/www.europesays.com\/fr\/394135\/"},"modified":"2025-09-16T03:34:10","modified_gmt":"2025-09-16T03:34:10","slug":"a-antigone-ladra-fait-sa-rentree","status":"publish","type":"post","link":"https:\/\/www.europesays.com\/fr\/394135\/","title":{"rendered":"\u00c0 Antigone, l\u2019Adra fait sa rentr\u00e9e"},"content":{"rendered":"<p>C\u2019est la rentr\u00e9e \u00e0 l\u2019Adra, o\u00f9 l\u2019association des r\u00e9sidents d\u2019Antigone propose plus d\u2019une trentaine d\u2019activit\u00e9s artistiques, culturelles, sportives et de bien-\u00eatre. sous forme d\u2019ateliers, stages, expositions ou conf\u00e9rences\u2026 Quelques nouveaut\u00e9s encore cette ann\u00e9e avec de la danse contemporaine orientale propos\u00e9e par Virginie Recolin-Ghanen le samedi, de 9 h 30 \u00e0 12 h (<a href=\"http:\/\/www.virginierecolin.com\" target=\"_blank\" rel=\"nofollow noopener\">www.virginierecolin.com<\/a>) ; des cours de ta\u00ef-chi-chuan, le mardi de 18 h 30 \u00e0 20 h (<a href=\"http:\/\/www.taicimontpellier.fr\" target=\"_blank\" rel=\"nofollow noopener\">www.taicimontpellier.fr<\/a>) ; du dessin zen m\u00ealant cr\u00e9ativit\u00e9 et bien \u00eatre pour se reconnecter \u00e0 soi et dessiner en toute simplicit\u00e9 (<a href=\"https:\/\/www.midilibre.fr\/2025\/09\/16\/mailto:contact@anna-emme.fr\" rel=\"nofollow noopener\" target=\"_blank\">contact@anna-emme.fr<\/a>).<\/p>\n<p>Par ailleurs, l\u2019association Vavi quartier Antigone quant \u00e0 elle propose des activit\u00e9s physiques adapt\u00e9es telles que la gym \u00e9quilibre et m\u00e9moire, le mercredi, de 16 h \u00e0 17 h. Mais aussi des cours collectifs pour les troubles neurologiques, le vendredi, de 14 h 15 \u00e0 15 h 15. Enfin, des cours de self-d\u00e9fense indon\u00e9sienne sont propos\u00e9s le mardi et le jeudi, de 20 h \u00e0 21 h 30 (article ci-dessus).<\/p>\n<p>Pour plus d\u2019informations, se rendre \u00e0 l\u2019Adra (place du Nombre-d\u2019Or) ou contacter son secr\u00e9tariat au 04 67 64 86 15.<\/p>\n<p>Mail : <a href=\"https:\/\/www.midilibre.fr\/2025\/09\/16\/mailto:adra34000@gmail.com\" rel=\"nofollow noopener\" target=\"_blank\">adra34000@gmail.com<\/a><\/p>\n<p>Correspondant Midi Libre : 06 71 26 04 26<\/p>\n","protected":false},"excerpt":{"rendered":"C\u2019est la rentr\u00e9e \u00e0 l\u2019Adra, o\u00f9 l\u2019association des r\u00e9sidents d\u2019Antigone propose plus d\u2019une trentaine d\u2019activit\u00e9s artistiques, culturelles, sportives&hellip;\n","protected":false},"author":2,"featured_media":394136,"comment_status":"","ping_status":"","sticky":false,"template":"","format":"standard","meta":{"footnotes":""},"categories":[9599],"tags":[1111,11,1777,674,1011,27,2208,12,2680,25],"class_list":{"0":"post-394135","1":"post","2":"type-post","3":"status-publish","4":"format-standard","5":"has-post-thumbnail","7":"category-montpellier","8":"tag-actu","9":"tag-actualites","10":"tag-eu","11":"tag-europe","12":"tag-fr","13":"tag-france","14":"tag-montpellier","15":"tag-news","16":"tag-occitanie","17":"tag-republique-francaise"},"share_on_mastodon":{"url":"https:\/\/pubeurope.com\/@fr\/115211879321117409","error":""},"_links":{"self":[{"href":"https:\/\/www.europesays.com\/fr\/wp-json\/wp\/v2\/posts\/394135","targetHints":{"allow":["GET"]}}],"collection":[{"href":"https:\/\/www.europesays.com\/fr\/wp-json\/wp\/v2\/posts"}],"about":[{"href":"https:\/\/www.europesays.com\/fr\/wp-json\/wp\/v2\/types\/post"}],"author":[{"embeddable":true,"href":"https:\/\/www.europesays.com\/fr\/wp-json\/wp\/v2\/users\/2"}],"replies":[{"embeddable":true,"href":"https:\/\/www.europesays.com\/fr\/wp-json\/wp\/v2\/comments?post=394135"}],"version-history":[{"count":0,"href":"https:\/\/www.europesays.com\/fr\/wp-json\/wp\/v2\/posts\/394135\/revisions"}],"wp:featuredmedia":[{"embeddable":true,"href":"https:\/\/www.europesays.com\/fr\/wp-json\/wp\/v2\/media\/394136"}],"wp:attachment":[{"href":"https:\/\/www.europesays.com\/fr\/wp-json\/wp\/v2\/media?parent=394135"}],"wp:term":[{"taxonomy":"category","embeddable":true,"href":"https:\/\/www.europesays.com\/fr\/wp-json\/wp\/v2\/categories?post=394135"},{"taxonomy":"post_tag","embeddable":true,"href":"https:\/\/www.europesays.com\/fr\/wp-json\/wp\/v2\/tags?post=394135"}],"curies":[{"name":"wp","href":"https:\/\/api.w.org\/{rel}","templated":true}]}}