{"id":394137,"date":"2025-09-16T03:35:23","date_gmt":"2025-09-16T03:35:23","guid":{"rendered":"https:\/\/www.europesays.com\/fr\/394137\/"},"modified":"2025-09-16T03:35:23","modified_gmt":"2025-09-16T03:35:23","slug":"violent-incendie-au-bord-de-la-rn-113-entre-baillargues-et-saint-bres","status":"publish","type":"post","link":"https:\/\/www.europesays.com\/fr\/394137\/","title":{"rendered":"violent incendie au bord de la RN 113 entre Baillargues et Saint-Br\u00e8s"},"content":{"rendered":"<p>            Par<br \/>\n        <strong><br \/>\n            <a href=\"https:\/\/actu.fr\/auteur\/jm-aubert\" title=\"Consulter tous les articles de Jean-Marc Aubert\" rel=\"nofollow noopener\" target=\"_blank\">Jean-Marc Aubert<\/a><br \/>\n        <\/strong><\/p>\n<p>        Publi\u00e9 le<\/p>\n<p>            16 sept. 2025 \u00e0 5h21<br \/>\n        ; mis \u00e0 jour le 16 sept. 2025 \u00e0 5h28    <\/p>\n<p>\/ INFO M\u00c9TROPOLITAIN \/<\/p>\n<p class=\" wall-content\">Un <strong>violent incendie<\/strong> est en cours depuis 4h30, ce mardi, aux bord de la RN 113, dans la commune de <strong>Baillargues<\/strong>, en direction de Saint-Br\u00e8s, derri\u00e8re la route Imp\u00e9riale : des v\u00e9hicules et de la v\u00e9g\u00e9tation br\u00fblent.<\/p>\n<p class=\" wall-content\">Les sapeurs-pompiers du<strong> Sdis 34<\/strong> sont engag\u00e9s depuis 4h30, en cette nuit de lundi 15 \u00e0 mardi 16 septembre 2025, au niveau de la route de N\u00eemes, entre les communes de Baillargues et de Saint-Br\u00e8s, \u00e0 une quinzaine de kilom\u00e8tres \u00e0 l\u2019est de Montpellier, o\u00f9 le feu fait rage dans une entreprise.<\/p>\n<p>    <a href=\"https:\/\/www.google.com\/maps\/embed?pb=!1m18!1m12!1m3!1d7881.293468726444!2d4.0228051595763965!3d43.66087933694148!2m3!1f0!2f0!3f0!3m2!1i1024!2i768!4f13.1!3m3!1m2!1s0x12b6a17493c831b1%3A0x34c197a6c68e05e7!2s479%20Rte%20de%20N%C3%AEmes%2C%2034670%20Baillargues!5e0!3m2!1sfr!2sfr!4v1757992710770!5m2!1sfr!2sfr\" title=\"Ouvrie le lien\" rel=\"nofollow noopener\" target=\"_blank\">Cliquez ici pour visualiser le contenu<\/a><\/p>\n<p class=\" wall-content\">Des v\u00e9hicules stationn\u00e9s dans une entreprise sont enti\u00e8rement embras\u00e9s et les flammes se propagent \u00e0 la v\u00e9g\u00e9tation. Des b\u00e2timents sont menac\u00e9s par le brasier. Des explosions sont entendues, selon un t\u00e9moin qui d\u00e9crit <strong>\u00ab\u00a0un incendie impressionnant\u00a0\u00bb<\/strong> : il s\u2019agirait de pneus et de r\u00e9servoirs de carburant.des v\u00e9hicules impact\u00e9s.<\/p>\n<p class=\" wall-content\">Les <strong>gendarmes<\/strong> de la compagnie de Lunel sont sur les lieux pour s\u00e9curiser les lieux et pour ouvrir une enqu\u00eate, d\u00e8s que l\u2019incendie sera ma\u00eetris\u00e9, afin de d\u00e9terminer l\u2019origine de cet incendie en milieu de nuit.<\/p>\n<p>Vid\u00e9os : en ce moment sur Actu<\/p>\n<p class=\" wall-content\">\u00c9vitez le secteur jusqu\u2019\u00e0 nouvel ordre.<\/p>\n<p class=\" wall-content\"><strong>&gt; Plus d\u2019informations \u00e0 suivre<\/strong><\/p>\n<p class=\" wall-content\">Personnalisez votre actualit\u00e9 en ajoutant vos villes et m\u00e9dias en favori avec <a href=\"https:\/\/moncompte.actu.fr\" title=\"D\u00e9couvez Mon Actu\" rel=\"nofollow noopener\" data-trk=\"{&quot;cta&quot;:{&quot;action&quot;:&quot;https:\\\/\\\/moncompte.actu.fr&quot;,&quot;category&quot;:&quot;mon compte&quot;,&quot;from&quot;:&quot;article footer&quot;,&quot;name&quot;:&quot;Mon actu&quot;,&quot;type&quot;:&quot;cta&quot;}}\" target=\"_blank\">Mon Actu<\/a>.<\/p>\n","protected":false},"excerpt":{"rendered":"Par Jean-Marc Aubert Publi\u00e9 le 16 sept. 2025 \u00e0 5h21 ; mis \u00e0 jour le 16 sept. 2025&hellip;\n","protected":false},"author":2,"featured_media":394138,"comment_status":"","ping_status":"","sticky":false,"template":"","format":"standard","meta":{"footnotes":""},"categories":[9599],"tags":[1111,11,1777,674,118,1011,27,1310,2208,12,2680,1311,25],"class_list":{"0":"post-394137","1":"post","2":"type-post","3":"status-publish","4":"format-standard","5":"has-post-thumbnail","7":"category-montpellier","8":"tag-actu","9":"tag-actualites","10":"tag-eu","11":"tag-europe","12":"tag-faits-divers","13":"tag-fr","14":"tag-france","15":"tag-incendie","16":"tag-montpellier","17":"tag-news","18":"tag-occitanie","19":"tag-pompiers","20":"tag-republique-francaise"},"share_on_mastodon":{"url":"https:\/\/pubeurope.com\/@fr\/115211883186575835","error":""},"_links":{"self":[{"href":"https:\/\/www.europesays.com\/fr\/wp-json\/wp\/v2\/posts\/394137","targetHints":{"allow":["GET"]}}],"collection":[{"href":"https:\/\/www.europesays.com\/fr\/wp-json\/wp\/v2\/posts"}],"about":[{"href":"https:\/\/www.europesays.com\/fr\/wp-json\/wp\/v2\/types\/post"}],"author":[{"embeddable":true,"href":"https:\/\/www.europesays.com\/fr\/wp-json\/wp\/v2\/users\/2"}],"replies":[{"embeddable":true,"href":"https:\/\/www.europesays.com\/fr\/wp-json\/wp\/v2\/comments?post=394137"}],"version-history":[{"count":0,"href":"https:\/\/www.europesays.com\/fr\/wp-json\/wp\/v2\/posts\/394137\/revisions"}],"wp:featuredmedia":[{"embeddable":true,"href":"https:\/\/www.europesays.com\/fr\/wp-json\/wp\/v2\/media\/394138"}],"wp:attachment":[{"href":"https:\/\/www.europesays.com\/fr\/wp-json\/wp\/v2\/media?parent=394137"}],"wp:term":[{"taxonomy":"category","embeddable":true,"href":"https:\/\/www.europesays.com\/fr\/wp-json\/wp\/v2\/categories?post=394137"},{"taxonomy":"post_tag","embeddable":true,"href":"https:\/\/www.europesays.com\/fr\/wp-json\/wp\/v2\/tags?post=394137"}],"curies":[{"name":"wp","href":"https:\/\/api.w.org\/{rel}","templated":true}]}}