{"id":394139,"date":"2025-09-16T03:41:16","date_gmt":"2025-09-16T03:41:16","guid":{"rendered":"https:\/\/www.europesays.com\/fr\/394139\/"},"modified":"2025-09-16T03:41:16","modified_gmt":"2025-09-16T03:41:16","slug":"ligue-2-reims-arrache-le-nul-contre-annecy-premiere-victoire-cette-saison-pour-grenoble","status":"publish","type":"post","link":"https:\/\/www.europesays.com\/fr\/394139\/","title":{"rendered":"Ligue 2 : Reims arrache le nul contre Annecy, premi\u00e8re victoire cette saison pour Grenoble"},"content":{"rendered":"<p>Gr\u00e2ce \u00e0 un but d&rsquo;Antoine L\u00e9autey \u00e0 la derni\u00e8re minute, Reims a accroch\u00e9 le nul contre Annecy (1-1). Dans le m\u00eame temps, Grenoble a battu Dunkerque (1-0). <\/p>\n<p>\u00c0 Dijon o\u00f9 <b>Annecy <\/b>dispute ses matches \u00e0 domicile pendant les travaux de son Parc des Sports, <b>Reims <\/b>a pris le contr\u00f4le du rythme du match et a obtenu un penalty apr\u00e8s une faute de <b>Cl\u00e9ment Billemaz <\/b>sur <b>Ange Tia<\/b>. <b>Teddy Teuma <\/b>s&rsquo;est \u00e9lanc\u00e9 mais il a but\u00e9 deux fois sur<b> Florian Escales<\/b>, auteur d&rsquo;une double parade pour mettre en \u00e9chec l&rsquo;international maltais (17e).\u00a0<\/p>\n<p>Proche de la correctionnelle, Billemaz a brill\u00e9 en fin de premi\u00e8re p\u00e9riode. Apr\u00e8s un centre venu de la droite, <b>Ewen Jaouen <\/b>a mal d\u00e9gag\u00e9 son camp et le piston gauche a d\u00e9coch\u00e9 une frappe laser dans la lucarne du gardien r\u00e9mois (45e).\u00a0<\/p>\n<p>Les Haut-Savoyards ont tenu jusqu&rsquo;\u00e0&#8230; 30 secondes de la fin des arr\u00eats de jeu. Au bout d&rsquo;un cafouillage o\u00f9 Escales a essay\u00e9 d&rsquo;\u00e9carter le danger, en vain, <b>Antoine L\u00e9autey<\/b> a h\u00e9rit\u00e9 du ballon \u00e0 bout portant et a \u00e9galis\u00e9 en force (90e+6). Les Champenois \u00e9vitent la contre-performance et comptent 8 points en 5 journ\u00e9es. Annecy est 14e avec 5 unit\u00e9s.\u00a0<\/p>\n<p>Au Stade des Alpes, <b>Grenoble <\/b>a ouvert la marque d&rsquo;entr\u00e9e de jeu, gr\u00e2ce \u00e0 un coup de t\u00eate de <b>Stone Mambo<\/b>, \u00e0 la r\u00e9ception d&rsquo;un corner de <b>Baptiste Mouazan<\/b> (3e).\u00a0<\/p>\n<p>Ce but pr\u00e9coce a suffi aux Is\u00e9rois o\u00f9 ils n&rsquo;ont eu que 31% de la possession et cadr\u00e9 2 fois sur 12. Avec cette premi\u00e8re victoire de la saison, ils comptent 5 points, tout comme les Maritimes.<\/p>\n<p><a href=\"https:\/\/www.flashscore.fr\/classement\/CWerNqGs\/0STrMwIa\/#\/0STrMwIa\/\" target=\"_blank\" rel=\"nofollow noopener\"><b>Retrouvez le classement de la Ligue 2 ici<\/b><\/a><\/p>\n","protected":false},"excerpt":{"rendered":"Gr\u00e2ce \u00e0 un but d&rsquo;Antoine L\u00e9autey \u00e0 la derni\u00e8re minute, Reims a accroch\u00e9 le nul contre Annecy (1-1).&hellip;\n","protected":false},"author":2,"featured_media":394140,"comment_status":"","ping_status":"","sticky":false,"template":"","format":"standard","meta":{"footnotes":""},"categories":[9566],"tags":[1111,11,2430,1777,674,1011,27,2731,12,25],"class_list":{"0":"post-394139","1":"post","2":"type-post","3":"status-publish","4":"format-standard","5":"has-post-thumbnail","7":"category-grenoble","8":"tag-actu","9":"tag-actualites","10":"tag-auvergne-rhone-alpes","11":"tag-eu","12":"tag-europe","13":"tag-fr","14":"tag-france","15":"tag-grenoble","16":"tag-news","17":"tag-republique-francaise"},"share_on_mastodon":{"url":"https:\/\/pubeurope.com\/@fr\/115211906851122372","error":""},"_links":{"self":[{"href":"https:\/\/www.europesays.com\/fr\/wp-json\/wp\/v2\/posts\/394139","targetHints":{"allow":["GET"]}}],"collection":[{"href":"https:\/\/www.europesays.com\/fr\/wp-json\/wp\/v2\/posts"}],"about":[{"href":"https:\/\/www.europesays.com\/fr\/wp-json\/wp\/v2\/types\/post"}],"author":[{"embeddable":true,"href":"https:\/\/www.europesays.com\/fr\/wp-json\/wp\/v2\/users\/2"}],"replies":[{"embeddable":true,"href":"https:\/\/www.europesays.com\/fr\/wp-json\/wp\/v2\/comments?post=394139"}],"version-history":[{"count":0,"href":"https:\/\/www.europesays.com\/fr\/wp-json\/wp\/v2\/posts\/394139\/revisions"}],"wp:featuredmedia":[{"embeddable":true,"href":"https:\/\/www.europesays.com\/fr\/wp-json\/wp\/v2\/media\/394140"}],"wp:attachment":[{"href":"https:\/\/www.europesays.com\/fr\/wp-json\/wp\/v2\/media?parent=394139"}],"wp:term":[{"taxonomy":"category","embeddable":true,"href":"https:\/\/www.europesays.com\/fr\/wp-json\/wp\/v2\/categories?post=394139"},{"taxonomy":"post_tag","embeddable":true,"href":"https:\/\/www.europesays.com\/fr\/wp-json\/wp\/v2\/tags?post=394139"}],"curies":[{"name":"wp","href":"https:\/\/api.w.org\/{rel}","templated":true}]}}