{"id":394141,"date":"2025-09-16T03:42:26","date_gmt":"2025-09-16T03:42:26","guid":{"rendered":"https:\/\/www.europesays.com\/fr\/394141\/"},"modified":"2025-09-16T03:42:26","modified_gmt":"2025-09-16T03:42:26","slug":"polemique-autour-dune-fete-du-cochon-en-ille-et-vilaine-levenement-finalement-annule","status":"publish","type":"post","link":"https:\/\/www.europesays.com\/fr\/394141\/","title":{"rendered":"Pol\u00e9mique autour d\u2019une f\u00eate du cochon en Ille-et-Vilaine : l\u2019\u00e9v\u00e9nement finalement annul\u00e9"},"content":{"rendered":"<p>Finalement, il n\u2019y aura pas de f\u00eate du cochon \u00e0 Treffendel (Ille-et-Vilaine), dimanche 21\u00a0septembre 2025. La d\u00e9put\u00e9e Mathilde Hignet (La France Insoumise) voyait dans ce rassemblement <a href=\"https:\/\/rennes.maville.com\/actu\/actudet_--tribune-de-l-ideologie-raciste-une-deputee-lfi-denonce-une-fete-du-cochon-privee-en-bretagne-_7-6972558_actu.Htm?utm_source=troove&amp;utm_medium=site\" target=\"_self\" rel=\"nofollow noopener\">\u00ab\u00a0une tribune pour faire la promotion de l\u2019id\u00e9ologie raciste, x\u00e9nophobe et supr\u00e9maciste\u00a0\u00bb,<\/a> orchestr\u00e9e par le <a href=\"https:\/\/rennes.maville.com\/actu\/actudet_-legislatives-2024-l-affiche-d-un-candidat-d-extreme-droite-suscite-la-consternation-en-lorraine-_54135-6352421_actu.Htm?utm_source=troove&amp;utm_medium=site\" target=\"_self\" rel=\"nofollow noopener\">Parti de la France<\/a> (section Bretagne). Un parti politique, qui <strong>\u00ab sous couvert de nationalisme, se revendique ouvertement du p\u00e9tainisme \u00bb<\/strong>, d\u00e9non\u00e7ait la d\u00e9put\u00e9e LFI de la 4e circonscription d\u2019Ille-et-Vilaine.<\/p>\n<p>\t<img decoding=\"async\" src=\"https:\/\/www.europesays.com\/fr\/wp-content\/uploads\/2025\/09\/P35463443D6976413G_px_640_.jpg\" alt=\"photo mathilde hignet, d\u00e9put\u00e9e de la 4e circonscription d'ille-et-vilaine.  \u00a9  archives ouest-france\" width=\"640\" title=\" Mathilde Hignet, d\u00e9put\u00e9e de la 4e circonscription d'Ille-et-Vilaine.   Archives Ouest-France \"\/><\/p>\n<p class=\"elmt-legende\"> Mathilde Hignet, d\u00e9put\u00e9e de la 4e circonscription d&rsquo;Ille-et-Vilaine.   Archives Ouest-France <\/p>\n<p>Un post avait \u00e9t\u00e9 mis en ligne sur la page Facebook du parti pour s\u2019inscrire \u00e0 ce rendez-vous, au prix de 35 \u20ac la soir\u00e9e. Contact\u00e9, Jean-Marie Lebraud, l\u2019organisateur, assurait de son c\u00f4t\u00e9 qu\u2019il s\u2019agissait d\u2019une f\u00eate priv\u00e9e pour f\u00eater <strong>\u00ab\u00a0mon 83e anniversaire avec une cinquantaine d\u2019amis, certains de Reconqu\u00eate, d\u2019autres du Rassemblement national, dans une propri\u00e9t\u00e9 priv\u00e9e\u00a0\u00bb<\/strong>.<\/p>\n<p>\u00ab Ce n\u2019est que partie remise \u00bb<\/p>\n<p>Fran\u00e7oise Kerguelen, maire de Treffendel, avait \u00e9galement d\u00e9nonc\u00e9 ce rassemblement, rappelant <strong>\u00ab\u00a0qu\u2019avec notre municipalit\u00e9, nous n\u2019adh\u00e9rons pas du tout \u00e0 cette id\u00e9ologie. Au contraire, nous \u0153uvrons \u00e0 l\u2019ann\u00e9e avec les associations qui sont \u00e0 l\u2019oppos\u00e9 de ces id\u00e9es.\u00a0\u00bb<\/strong><\/p>\n<p>Un nouveau post a \u00e9t\u00e9 publi\u00e9 sur le r\u00e9seau social pour annoncer l\u2019annulation de l\u2019\u00e9v\u00e9nement, \u00e0 la suite <strong>\u00ab\u00a0de graves menaces et pressions dont ont \u00e9t\u00e9 l\u2019objet les propri\u00e9taires des lieux, <\/strong>explique le\u00a0Parti de la France.<strong> Ce n\u2019est \u00e9videmment que partie remise et la f\u00eate du cochon reviendra tr\u00e8s prochainement en Bretagne.\u00a0\u00bb<\/strong><\/p>\n<p>\u00a0<\/p>\n","protected":false},"excerpt":{"rendered":"Finalement, il n\u2019y aura pas de f\u00eate du cochon \u00e0 Treffendel (Ille-et-Vilaine), dimanche 21\u00a0septembre 2025. La d\u00e9put\u00e9e Mathilde&hellip;\n","protected":false},"author":2,"featured_media":394142,"comment_status":"","ping_status":"","sticky":false,"template":"","format":"standard","meta":{"footnotes":""},"categories":[2821],"tags":[1111,11,17884,7051,829,13909,1777,674,2087,4768,17515,1011,27,848,12,1062,584,25],"class_list":{"0":"post-394141","1":"post","2":"type-post","3":"status-publish","4":"format-standard","5":"has-post-thumbnail","7":"category-rennes","8":"tag-actu","9":"tag-actualites","10":"tag-annule","11":"tag-autour","12":"tag-bretagne","13":"tag-cochon","14":"tag-eu","15":"tag-europe","16":"tag-evenement","17":"tag-fete","18":"tag-finalement","19":"tag-fr","20":"tag-france","21":"tag-ille-et-vilaine","22":"tag-news","23":"tag-polemique","24":"tag-rennes","25":"tag-republique-francaise"},"share_on_mastodon":{"url":"https:\/\/pubeurope.com\/@fr\/115211911188020431","error":""},"_links":{"self":[{"href":"https:\/\/www.europesays.com\/fr\/wp-json\/wp\/v2\/posts\/394141","targetHints":{"allow":["GET"]}}],"collection":[{"href":"https:\/\/www.europesays.com\/fr\/wp-json\/wp\/v2\/posts"}],"about":[{"href":"https:\/\/www.europesays.com\/fr\/wp-json\/wp\/v2\/types\/post"}],"author":[{"embeddable":true,"href":"https:\/\/www.europesays.com\/fr\/wp-json\/wp\/v2\/users\/2"}],"replies":[{"embeddable":true,"href":"https:\/\/www.europesays.com\/fr\/wp-json\/wp\/v2\/comments?post=394141"}],"version-history":[{"count":0,"href":"https:\/\/www.europesays.com\/fr\/wp-json\/wp\/v2\/posts\/394141\/revisions"}],"wp:featuredmedia":[{"embeddable":true,"href":"https:\/\/www.europesays.com\/fr\/wp-json\/wp\/v2\/media\/394142"}],"wp:attachment":[{"href":"https:\/\/www.europesays.com\/fr\/wp-json\/wp\/v2\/media?parent=394141"}],"wp:term":[{"taxonomy":"category","embeddable":true,"href":"https:\/\/www.europesays.com\/fr\/wp-json\/wp\/v2\/categories?post=394141"},{"taxonomy":"post_tag","embeddable":true,"href":"https:\/\/www.europesays.com\/fr\/wp-json\/wp\/v2\/tags?post=394141"}],"curies":[{"name":"wp","href":"https:\/\/api.w.org\/{rel}","templated":true}]}}